{"id":1013,"date":"2014-03-05T12:50:00","date_gmt":"2014-03-05T12:50:00","guid":{"rendered":"http:\/\/www.centronocaminhodaluz.com.br\/index.php\/2014\/03\/05\/eldad-e-medad\/"},"modified":"2014-03-05T12:50:00","modified_gmt":"2014-03-05T12:50:00","slug":"artigo1013","status":"publish","type":"post","link":"https:\/\/www.centronocaminhodaluz.com.br\/index.php\/artigo1013\/","title":{"rendered":"Eldad e Medad"},"content":{"rendered":"<p><a name=more><\/a>&nbsp;&nbsp;&nbsp;&nbsp;&nbsp;<a href=http:\/\/cecal.centronocaminhodaluz.com.br\/bloguer\/pdf.asp?site=cecal&amp; target=_blank><img src=http:\/\/cecal.centronocaminhodaluz.com.br\/bloguer\/pdf_button.png \/><\/a>     <br \/>Ao se falar a respeito de comunica\u00e7\u00e3o com os mortos, lembram alguns da proibi\u00e7\u00e3o feita por Mois\u00e9s.  <\/p>\n<p>No entanto, o que Mois\u00e9s proibiu foram os abusos reinantes em sua \u00e9poca. Estabeleceu exatamente a mesma norma que o Espiritismo recomenda: evitar a invoca\u00e7\u00e3o de Esp\u00edritos para fins menos elevados, para consultas fr\u00edvolas ou para obter informa\u00e7\u00f5es do terra-a-terra.  <\/p>\n<p>O que Mois\u00e9s combatia era o uso da mediunidade sem objetivos s\u00e9rios. Por outro lado, aplaudia toda vez que reconhecia a seriedade com que m\u00e9diuns id\u00f4neos falavam com os Esp\u00edritos.  <\/p>\n<p>A prova do que afirmamos se encontra no livro b\u00edblico de N\u00fameros, cap\u00edtulo onze. Um mo\u00e7o foi denunciar a Mois\u00e9s que dois m\u00e9diuns, de nome Elda   d e Medad, estavam recebendo comunica\u00e7\u00f5es medi\u00fanicas.  <\/p>\n<p>Imediatamente, seu assessor mais direto, Josu\u00e9, falou: Mois\u00e9s, proibe-lhes.  <\/p>\n<p>Contudo, o libertador do povo hebreu disse: Tens tu ci\u00fame por mim? Quisera eu que todo o povo do Senhor fosse profeta, que o Senhor lhe desse o seu Esp\u00edrito!  <\/p>\n<p>Essa atitude deixa bem claro que a sua proibi\u00e7\u00e3o n\u00e3o atingia os m\u00e9diuns s\u00e9rios e conscientes dos seus deveres. Somente aqueles que n\u00e3o se preocupavam com a verdade e, por isso mesmo, se tornavam levianos porta-vozes dos Esp\u00edritos mentirosos e enganadores.  <\/p>\n<p>Ele mesmo, Mois\u00e9s, entrava em contato com o Esp\u00edrito Jeov\u00e1, o Esp\u00edrito protetor da na\u00e7\u00e3o israelita.  <\/p>\n<p>N\u00e3o existe l\u00f3gica, portanto, em se afirmar que a proibi\u00e7\u00e3o de Mois\u00e9s fosse irrestrita. As p\u00e1ginas do Velho e do Novo Testamento est\u00e3o cheias de demonstra\u00e7\u00f5es do interc\u00e2mbio dos homens com o mundo invis\u00edvel.  <\/p>\n<p>No dia de Pentecostes, todos os Ap\u00f3stolos foram inspirados pelos Esp\u00edritos. Ocorreu    a\u00ed a maior sess\u00e3o coletiva de mediunidade, na hist\u00f3ria religiosa do mundo.  <\/p>\n<p>Paulo de Tarso, o Ap\u00f3stolo dos gentios, recebeu em seu quarto a visita de um Esp\u00edrito que lhe pede que v\u00e1 \u00e0 Maced\u00f4nia, para esclarecer o seu povo a respeito dos ensinos da Boa Nova.  <\/p>\n<p>E, na sua Primeira Ep\u00edstola aos Cor\u00edntios, afirma que a manifesta\u00e7\u00e3o do Esp\u00edrito \u00e9 dada a cada um, para o que for \u00fatil. A cada um pelo Esp\u00edrito \u00e9 dada a palavra da sabedoria. E a outro, pelo mesmo Esp\u00edrito, \u00e9 dada a palavra da ci\u00eancia. E a outro, pelo mesmo Esp\u00edrito, a f\u00e9. E a outro, o dom de curar.  <\/p>\n<p>Finalmente, diz o Ap\u00f3stolo tarsense: Todos podeis profetizar, uns depois dos outros, para que todos aprendam, e todos sejam consolados.  <\/p>\n<p>O fato ocorrido com os m\u00e9diuns Eldad e Medad \u00e9 suficiente para provar que Mois\u00e9s proibia somente a mediunidade sem escr\u00fapulos, a que visa atender a pr\u00f3pria vaidade ou aos interesses terrenos.  <\/p>\n<p>Nada tem a ver com a mediunidade que se torna sublime aten   dimento ao irm\u00e3o, no consolo, no esclarecimento, no arrefecer das dores.  <\/p>\n<p>Na atualidade, n\u00e3o \u00e9 mais poss\u00edvel se fazer silenciar as vozes dos Esp\u00edritos, porque estamos vivendo os tempos de que o profeta hebreu Joel falou: O Esp\u00edrito ser\u00e1 derramado sobre toda a carne.  <\/p>\n<p>\u00c9poca em que as pedras falar\u00e3o. As pedras, se referindo aqui \u00e0s l\u00e1pides dos t\u00famulos. No sentido aleg\u00f3rico, os Esp\u00edritos que, um dia, habitaram os corpos que se encontram enterrados debaixo delas.  <\/p>\n<p>Reda\u00e7\u00e3o do Momento Esp\u00edrita, com base no cap. I,  <br \/>item os m\u00e9diuns Eldad e Medad, do livro O evangelho pede licen\u00e7a,  <br \/>de Paulo Alves Godoy, ed. FEESP.  <br \/>Em 4.3.2014.<\/p>\n<div class=\"pvc_clear\"><\/div>\n<p id=\"pvc_stats_1013\" class=\"pvc_stats all  \" data-element-id=\"1013\" style=\"\"><i class=\"pvc-stats-icon medium\" aria-hidden=\"true\"><svg aria-hidden=\"true\" focusable=\"false\" data-prefix=\"far\" data-icon=\"chart-bar\" role=\"img\" xmlns=\"http:\/\/www.w3.org\/2000\/svg\" viewBox=\"0 0 512 512\" class=\"svg-inline--fa fa-chart-bar fa-w-16 fa-2x\"><path fill=\"currentColor\" d=\"M396.8 352h22.4c6.4 0 12.8-6.4 12.8-12.8V108.8c0-6.4-6.4-12.8-12.8-12.8h-22.4c-6.4 0-12.8 6.4-12.8 12.8v230.4c0 6.4 6.4 12.8 12.8 12.8zm-192 0h22.4c6.4 0 12.8-6.4 12.8-12.8V140.8c0-6.4-6.4-12.8-12.8-12.8h-22.4c-6.4 0-12.8 6.4-12.8 12.8v198.4c0 6.4 6.4 12.8 12.8 12.8zm96 0h22.4c6.4 0 12.8-6.4 12.8-12.8V204.8c0-6.4-6.4-12.8-12.8-12.8h-22.4c-6.4 0-12.8 6.4-12.8 12.8v134.4c0 6.4 6.4 12.8 12.8 12.8zM496 400H48V80c0-8.84-7.16-16-16-16H16C7.16 64 0 71.16 0 80v336c0 17.67 14.33 32 32 32h464c8.84 0 16-7.16 16-16v-16c0-8.84-7.16-16-16-16zm-387.2-48h22.4c6.4 0 12.8-6.4 12.8-12.8v-70.4c0-6.4-6.4-12.8-12.8-12.8h-22.4c-6.4 0-12.8 6.4-12.8 12.8v70.4c0 6.4 6.4 12.8 12.8 12.8z\" class=\"\"><\/path><\/svg><\/i> <img decoding=\"async\" width=\"16\" height=\"16\" alt=\"Loading\" data-src=\"https:\/\/www.centronocaminhodaluz.com.br\/wp-content\/plugins\/page-views-count\/ajax-loader-2x.gif\" border=0 src=\"data:image\/svg+xml;base64,PHN2ZyB3aWR0aD0iMSIgaGVpZ2h0PSIxIiB4bWxucz0iaHR0cDovL3d3dy53My5vcmcvMjAwMC9zdmciPjwvc3ZnPg==\" class=\"lazyload\" style=\"--smush-placeholder-width: 16px; --smush-placeholder-aspect-ratio: 16\/16;\" \/><\/p>\n<div class=\"pvc_clear\"><\/div>\n","protected":false},"excerpt":{"rendered":"<p>&nbsp;&nbsp;&nbsp;&nbsp;&nbsp; Ao se falar a respeito de comunica\u00e7\u00e3o com os mortos, lembram alguns da proibi\u00e7\u00e3o feita por Mois\u00e9s. No entanto, o que Mois\u00e9s proibiu foram os abusos reinantes em sua \u00e9poca. Estabeleceu exatamente a mesma norma que o Espiritismo recomenda: evitar a invoca\u00e7\u00e3o de Esp\u00edritos para fins menos elevados, para consultas fr\u00edvolas ou para obter&hellip; <br \/> <a class=\"read-more\" href=\"https:\/\/www.centronocaminhodaluz.com.br\/index.php\/artigo1013\/\">Leia mais<\/a><\/p>\n<div class=\"pvc_clear\"><\/div>\n<p id=\"pvc_stats_1013\" class=\"pvc_stats all  \" data-element-id=\"1013\" style=\"\"><i class=\"pvc-stats-icon medium\" aria-hidden=\"true\"><svg aria-hidden=\"true\" focusable=\"false\" data-prefix=\"far\" data-icon=\"chart-bar\" role=\"img\" xmlns=\"http:\/\/www.w3.org\/2000\/svg\" viewBox=\"0 0 512 512\" class=\"svg-inline--fa fa-chart-bar fa-w-16 fa-2x\"><path fill=\"currentColor\" d=\"M396.8 352h22.4c6.4 0 12.8-6.4 12.8-12.8V108.8c0-6.4-6.4-12.8-12.8-12.8h-22.4c-6.4 0-12.8 6.4-12.8 12.8v230.4c0 6.4 6.4 12.8 12.8 12.8zm-192 0h22.4c6.4 0 12.8-6.4 12.8-12.8V140.8c0-6.4-6.4-12.8-12.8-12.8h-22.4c-6.4 0-12.8 6.4-12.8 12.8v198.4c0 6.4 6.4 12.8 12.8 12.8zm96 0h22.4c6.4 0 12.8-6.4 12.8-12.8V204.8c0-6.4-6.4-12.8-12.8-12.8h-22.4c-6.4 0-12.8 6.4-12.8 12.8v134.4c0 6.4 6.4 12.8 12.8 12.8zM496 400H48V80c0-8.84-7.16-16-16-16H16C7.16 64 0 71.16 0 80v336c0 17.67 14.33 32 32 32h464c8.84 0 16-7.16 16-16v-16c0-8.84-7.16-16-16-16zm-387.2-48h22.4c6.4 0 12.8-6.4 12.8-12.8v-70.4c0-6.4-6.4-12.8-12.8-12.8h-22.4c-6.4 0-12.8 6.4-12.8 12.8v70.4c0 6.4 6.4 12.8 12.8 12.8z\" class=\"\"><\/path><\/svg><\/i> <img decoding=\"async\" width=\"16\" height=\"16\" alt=\"Loading\" data-src=\"https:\/\/www.centronocaminhodaluz.com.br\/wp-content\/plugins\/page-views-count\/ajax-loader-2x.gif\" border=0 src=\"data:image\/svg+xml;base64,PHN2ZyB3aWR0aD0iMSIgaGVpZ2h0PSIxIiB4bWxucz0iaHR0cDovL3d3dy53My5vcmcvMjAwMC9zdmciPjwvc3ZnPg==\" class=\"lazyload\" style=\"--smush-placeholder-width: 16px; --smush-placeholder-aspect-ratio: 16\/16;\" \/><\/p>\n<div class=\"pvc_clear\"><\/div>\n","protected":false},"author":1,"featured_media":0,"comment_status":"Closed","ping_status":"open","sticky":false,"template":"","format":"standard","meta":{"footnotes":""},"categories":[16],"tags":[],"class_list":["post-1013","post","type-post","status-publish","format-standard","hentry","category-mensagens-diversas"],"a3_pvc":{"activated":true,"total_views":10127,"today_views":0},"_links":{"self":[{"href":"https:\/\/www.centronocaminhodaluz.com.br\/index.php\/wp-json\/wp\/v2\/posts\/1013","targetHints":{"allow":["GET"]}}],"collection":[{"href":"https:\/\/www.centronocaminhodaluz.com.br\/index.php\/wp-json\/wp\/v2\/posts"}],"about":[{"href":"https:\/\/www.centronocaminhodaluz.com.br\/index.php\/wp-json\/wp\/v2\/types\/post"}],"author":[{"embeddable":true,"href":"https:\/\/www.centronocaminhodaluz.com.br\/index.php\/wp-json\/wp\/v2\/users\/1"}],"replies":[{"embeddable":true,"href":"https:\/\/www.centronocaminhodaluz.com.br\/index.php\/wp-json\/wp\/v2\/comments?post=1013"}],"version-history":[{"count":0,"href":"https:\/\/www.centronocaminhodaluz.com.br\/index.php\/wp-json\/wp\/v2\/posts\/1013\/revisions"}],"wp:attachment":[{"href":"https:\/\/www.centronocaminhodaluz.com.br\/index.php\/wp-json\/wp\/v2\/media?parent=1013"}],"wp:term":[{"taxonomy":"category","embeddable":true,"href":"https:\/\/www.centronocaminhodaluz.com.br\/index.php\/wp-json\/wp\/v2\/categories?post=1013"},{"taxonomy":"post_tag","embeddable":true,"href":"https:\/\/www.centronocaminhodaluz.com.br\/index.php\/wp-json\/wp\/v2\/tags?post=1013"}],"curies":[{"name":"wp","href":"https:\/\/api.w.org\/{rel}","templated":true}]}}