{"id":1014,"date":"2014-03-05T12:44:00","date_gmt":"2014-03-05T12:44:00","guid":{"rendered":"http:\/\/www.centronocaminhodaluz.com.br\/index.php\/2014\/03\/05\/janelas-na-alma\/"},"modified":"2014-03-05T12:44:00","modified_gmt":"2014-03-05T12:44:00","slug":"artigo1014","status":"publish","type":"post","link":"https:\/\/www.centronocaminhodaluz.com.br\/index.php\/artigo1014\/","title":{"rendered":"Janelas na alma"},"content":{"rendered":"<p><a name=more><\/a>&nbsp;&nbsp;&nbsp;&nbsp;&nbsp;<a href=http:\/\/cecal.centronocaminhodaluz.com.br\/bloguer\/pdf.asp?site=cecal&amp; target=_blank><img src=http:\/\/cecal.centronocaminhodaluz.com.br\/bloguer\/pdf_button.png \/><\/a>     <br \/>O sentimento e a emo\u00e7\u00e3o normalmente se transformam em lentes que filtram os acontecimentos, dando-lhes cor e conota\u00e7\u00e3o pr\u00f3prias.  <\/p>\n<p>De acordo com a estrutura e o momento psicol\u00f3gico, os fatos passam a ter significa\u00e7\u00e3o que nem sempre corresponde \u00e0 realidade.  <\/p>\n<p>Quem se utiliza de \u00f3culos escuros, mesmo diante da claridade solar, passa a ver o dia com menor intensidade de luz.  <\/p>\n<p>Na \u00e1rea do relacionamento humano, as ocorr\u00eancias tamb\u00e9m assumem contornos de acordo com o estado d\u00b4alma das pessoas envolvidas.  <\/p>\n<p>\u00c9 urgente, portanto, a necessidade de conduzir os sentimentos, de modo a equilibrar os fatos em rela\u00e7\u00e3o a eles.  <\/p>\n<p>Uma atitude sensata \u00e9 um abrir de janelas na alma, a fi   m de observar bem os sucessos da caminhada humana.  <\/p>\n<p>De acordo com a dimens\u00e3o e o tipo de abertura, ser\u00e1 poss\u00edvel observar a vida e viv\u00ea-la, de forma agrad\u00e1vel, mesmo nos momentos mais dif\u00edceis.  <\/p>\n<p>H\u00e1 quem abra janelas na alma para deixar que se externem as impress\u00f5es negativas, facultando o uso de lentes escuras, que a tudo sombreiam com o toque pessimista de censura e de reclama\u00e7\u00e3o.  <\/p>\n<p>*   *   *  <\/p>\n<p>Coloquemos, nas nossas janelas, o amor, a bondade, a compaix\u00e3o, a ternura, a fim de acompanharmos o mundo e o seu cortejo de ocorr\u00eancias.  <\/p>\n<p>O amor nos facultar\u00e1 ampliar o c\u00edrculo de afetividade, aben\u00e7oando os nossos amigos com a cortesia, os est\u00edmulos encorajadores e a tranquilidade.  <\/p>\n<p>A bondade irrigar\u00e1 de esperan\u00e7a os cora\u00e7\u00f5es ressequidos pelos sofrimentos e as emo\u00e7\u00f5es despeda\u00e7adas pela afli\u00e7\u00e3o dos que se acerquem de n\u00f3s.  <\/p>\n<p>O perd\u00e3o constituir\u00e1 a nossa for\u00e7a revigoradora colocada a benef\u00edcio do delinquente, do mau, do alucinado, qu   e nos busquem.  <\/p>\n<p>A ternura espraiar\u00e1 o perfume reconfortante da nossa afabilidade, levantando os ca\u00eddos e segurando os tr\u00f4pegos, de modo a impedir-lhes a queda, quando pr\u00f3ximos de n\u00f3s.  <\/p>\n<p>As janelas da alma s\u00e3o espa\u00e7os felizes para que se espalhe a luz, e se realize a comunh\u00e3o com o bem.  <\/p>\n<p>*   *   *  <\/p>\n<p>Este \u00e9 um convite para refletirmos sobre uma realidade especial: a realidade de que tudo na vida conspira a nosso favor; isto \u00e9, tudo trabalha para o nosso crescimento \u00edntimo.  <\/p>\n<p>Nada que nos acontece visa nosso mal, embora muitas vezes possa parecer assim.  <\/p>\n<p>Abrir janelas na alma \u00e9 tornar-se apto a descobrir essas novas realidades que, se bem compreendidas, tornam nosso viver menos \u00e1rduo.  <\/p>\n<p>A lei de causa e efeito existe para nos educar, e n\u00e3o para nos punir&#8230;  <\/p>\n<p>A lei da reencarna\u00e7\u00e3o existe para nos dar novas oportunidades, e n\u00e3o para nos fazer sofrer&#8230;  <\/p>\n<p>A lei do amor existe para nos fazer felizes, pois s\u00f3 haver\u00e1    j\u00fabilo em nossa alma quando concedermos a outros esse mesmo sentir &#8211; eis o que chamamos caridade.  <\/p>\n<p>Abramos janelas em nossa alma, uma a cada dia, e deixemos o sol da compreens\u00e3o entrar.  <\/p>\n<p>Abramos janelas em nossa alma e nos permitamos sonhar, e continuar rumando em busca do sonho.  <\/p>\n<p>Abramos janelas em nossa alma e mostremos ao mundo as muitas belezas que existem. Podemos at\u00e9 pensar que n\u00e3o existem, mas tenhamos plena certeza de que sim&#8230; Elas est\u00e3o l\u00e1&#8230;  <\/p>\n<p>Reda\u00e7\u00e3o do Momento Esp\u00edrita,com base no cap. 12,  <br \/>do livro Momentos de felicidade, pelo Esp\u00edrito Joanna de \u00c2ngelis,  <br \/>psicografia de Divaldo Pereira Franco, ed. LEAL.  <br \/>Em 3.3.2014<\/p>\n<div class=\"pvc_clear\"><\/div>\n<p id=\"pvc_stats_1014\" class=\"pvc_stats all  \" data-element-id=\"1014\" style=\"\"><i class=\"pvc-stats-icon medium\" aria-hidden=\"true\"><svg aria-hidden=\"true\" focusable=\"false\" data-prefix=\"far\" data-icon=\"chart-bar\" role=\"img\" xmlns=\"http:\/\/www.w3.org\/2000\/svg\" viewBox=\"0 0 512 512\" class=\"svg-inline--fa fa-chart-bar fa-w-16 fa-2x\"><path fill=\"currentColor\" d=\"M396.8 352h22.4c6.4 0 12.8-6.4 12.8-12.8V108.8c0-6.4-6.4-12.8-12.8-12.8h-22.4c-6.4 0-12.8 6.4-12.8 12.8v230.4c0 6.4 6.4 12.8 12.8 12.8zm-192 0h22.4c6.4 0 12.8-6.4 12.8-12.8V140.8c0-6.4-6.4-12.8-12.8-12.8h-22.4c-6.4 0-12.8 6.4-12.8 12.8v198.4c0 6.4 6.4 12.8 12.8 12.8zm96 0h22.4c6.4 0 12.8-6.4 12.8-12.8V204.8c0-6.4-6.4-12.8-12.8-12.8h-22.4c-6.4 0-12.8 6.4-12.8 12.8v134.4c0 6.4 6.4 12.8 12.8 12.8zM496 400H48V80c0-8.84-7.16-16-16-16H16C7.16 64 0 71.16 0 80v336c0 17.67 14.33 32 32 32h464c8.84 0 16-7.16 16-16v-16c0-8.84-7.16-16-16-16zm-387.2-48h22.4c6.4 0 12.8-6.4 12.8-12.8v-70.4c0-6.4-6.4-12.8-12.8-12.8h-22.4c-6.4 0-12.8 6.4-12.8 12.8v70.4c0 6.4 6.4 12.8 12.8 12.8z\" class=\"\"><\/path><\/svg><\/i> <img decoding=\"async\" width=\"16\" height=\"16\" alt=\"Loading\" data-src=\"https:\/\/www.centronocaminhodaluz.com.br\/wp-content\/plugins\/page-views-count\/ajax-loader-2x.gif\" border=0 src=\"data:image\/svg+xml;base64,PHN2ZyB3aWR0aD0iMSIgaGVpZ2h0PSIxIiB4bWxucz0iaHR0cDovL3d3dy53My5vcmcvMjAwMC9zdmciPjwvc3ZnPg==\" class=\"lazyload\" style=\"--smush-placeholder-width: 16px; --smush-placeholder-aspect-ratio: 16\/16;\" \/><\/p>\n<div class=\"pvc_clear\"><\/div>\n","protected":false},"excerpt":{"rendered":"<p>&nbsp;&nbsp;&nbsp;&nbsp;&nbsp; O sentimento e a emo\u00e7\u00e3o normalmente se transformam em lentes que filtram os acontecimentos, dando-lhes cor e conota\u00e7\u00e3o pr\u00f3prias. De acordo com a estrutura e o momento psicol\u00f3gico, os fatos passam a ter significa\u00e7\u00e3o que nem sempre corresponde \u00e0 realidade. Quem se utiliza de \u00f3culos escuros, mesmo diante da claridade solar, passa a ver&hellip; <br \/> <a class=\"read-more\" href=\"https:\/\/www.centronocaminhodaluz.com.br\/index.php\/artigo1014\/\">Leia mais<\/a><\/p>\n<div class=\"pvc_clear\"><\/div>\n<p id=\"pvc_stats_1014\" class=\"pvc_stats all  \" data-element-id=\"1014\" style=\"\"><i class=\"pvc-stats-icon medium\" aria-hidden=\"true\"><svg aria-hidden=\"true\" focusable=\"false\" data-prefix=\"far\" data-icon=\"chart-bar\" role=\"img\" xmlns=\"http:\/\/www.w3.org\/2000\/svg\" viewBox=\"0 0 512 512\" class=\"svg-inline--fa fa-chart-bar fa-w-16 fa-2x\"><path fill=\"currentColor\" d=\"M396.8 352h22.4c6.4 0 12.8-6.4 12.8-12.8V108.8c0-6.4-6.4-12.8-12.8-12.8h-22.4c-6.4 0-12.8 6.4-12.8 12.8v230.4c0 6.4 6.4 12.8 12.8 12.8zm-192 0h22.4c6.4 0 12.8-6.4 12.8-12.8V140.8c0-6.4-6.4-12.8-12.8-12.8h-22.4c-6.4 0-12.8 6.4-12.8 12.8v198.4c0 6.4 6.4 12.8 12.8 12.8zm96 0h22.4c6.4 0 12.8-6.4 12.8-12.8V204.8c0-6.4-6.4-12.8-12.8-12.8h-22.4c-6.4 0-12.8 6.4-12.8 12.8v134.4c0 6.4 6.4 12.8 12.8 12.8zM496 400H48V80c0-8.84-7.16-16-16-16H16C7.16 64 0 71.16 0 80v336c0 17.67 14.33 32 32 32h464c8.84 0 16-7.16 16-16v-16c0-8.84-7.16-16-16-16zm-387.2-48h22.4c6.4 0 12.8-6.4 12.8-12.8v-70.4c0-6.4-6.4-12.8-12.8-12.8h-22.4c-6.4 0-12.8 6.4-12.8 12.8v70.4c0 6.4 6.4 12.8 12.8 12.8z\" class=\"\"><\/path><\/svg><\/i> <img decoding=\"async\" width=\"16\" height=\"16\" alt=\"Loading\" data-src=\"https:\/\/www.centronocaminhodaluz.com.br\/wp-content\/plugins\/page-views-count\/ajax-loader-2x.gif\" border=0 src=\"data:image\/svg+xml;base64,PHN2ZyB3aWR0aD0iMSIgaGVpZ2h0PSIxIiB4bWxucz0iaHR0cDovL3d3dy53My5vcmcvMjAwMC9zdmciPjwvc3ZnPg==\" class=\"lazyload\" style=\"--smush-placeholder-width: 16px; --smush-placeholder-aspect-ratio: 16\/16;\" \/><\/p>\n<div class=\"pvc_clear\"><\/div>\n","protected":false},"author":1,"featured_media":0,"comment_status":"Closed","ping_status":"open","sticky":false,"template":"","format":"standard","meta":{"footnotes":""},"categories":[6],"tags":[],"class_list":["post-1014","post","type-post","status-publish","format-standard","hentry","category-joanna-de-angelis"],"a3_pvc":{"activated":true,"total_views":1150,"today_views":0},"_links":{"self":[{"href":"https:\/\/www.centronocaminhodaluz.com.br\/index.php\/wp-json\/wp\/v2\/posts\/1014","targetHints":{"allow":["GET"]}}],"collection":[{"href":"https:\/\/www.centronocaminhodaluz.com.br\/index.php\/wp-json\/wp\/v2\/posts"}],"about":[{"href":"https:\/\/www.centronocaminhodaluz.com.br\/index.php\/wp-json\/wp\/v2\/types\/post"}],"author":[{"embeddable":true,"href":"https:\/\/www.centronocaminhodaluz.com.br\/index.php\/wp-json\/wp\/v2\/users\/1"}],"replies":[{"embeddable":true,"href":"https:\/\/www.centronocaminhodaluz.com.br\/index.php\/wp-json\/wp\/v2\/comments?post=1014"}],"version-history":[{"count":0,"href":"https:\/\/www.centronocaminhodaluz.com.br\/index.php\/wp-json\/wp\/v2\/posts\/1014\/revisions"}],"wp:attachment":[{"href":"https:\/\/www.centronocaminhodaluz.com.br\/index.php\/wp-json\/wp\/v2\/media?parent=1014"}],"wp:term":[{"taxonomy":"category","embeddable":true,"href":"https:\/\/www.centronocaminhodaluz.com.br\/index.php\/wp-json\/wp\/v2\/categories?post=1014"},{"taxonomy":"post_tag","embeddable":true,"href":"https:\/\/www.centronocaminhodaluz.com.br\/index.php\/wp-json\/wp\/v2\/tags?post=1014"}],"curies":[{"name":"wp","href":"https:\/\/api.w.org\/{rel}","templated":true}]}}