{"id":10515,"date":"2010-11-25T00:00:00","date_gmt":"2010-11-25T00:00:00","guid":{"rendered":""},"modified":"2010-11-25T00:00:00","modified_gmt":"2010-11-25T00:00:00","slug":"artigo10515","status":"publish","type":"post","link":"https:\/\/www.centronocaminhodaluz.com.br\/index.php\/artigo10515\/","title":{"rendered":"Espiritismo ou Kardecismo?"},"content":{"rendered":"<p>De um tempo para c\u00e1 um estranho fen\u00f4meno ocorre em nosso meio: pessoas respeit\u00e1veis aceitam a Doutrina Esp\u00edrita, entusiasmam-se com seus postulados e se beneficiam da consola\u00e7\u00e3o por Ela propiciada. No entanto, chegado o momento das defini\u00e7\u00f5es, afirmam-se n\u00e3o esp\u00edritas, mas espiritualistas ou kardecistas.<\/p>\n<p>Quanto ao espiritualismo, a defini\u00e7\u00e3o \u00e9 incompleta, j\u00e1 que todas as cren\u00e7as baseadas na exist\u00eancia da alma s\u00e3o espiritualistas.<\/p>\n<p>E quanto ao kardecismo?<\/p>\n<p>As origens hist\u00f3ricas do termo, embora n\u00e3o possam situar-se no tempo, s\u00e3o perfeitamente caracterizadas quanto aos fatos. Ao chegarem ao Brasil, os escravos trouxeram consigo suas cren\u00e7as, seus cultos, que ali se fundiram, com o crescimento das cren\u00e7as ind\u00edgenas e cat\u00f3licas. Esses grupos \u00e9tnicos j\u00e1 praticavam a mediunidade. Ora, com o aparecimento entre n\u00f3s da Doutrina Esp\u00edrita, uma de cujas bases principais \u00e9 exatamente o fen\u00f4meno medi\u00ednico, foram inevit\u00e1veis as generaliza\u00e7\u00f5es. Tudo quanto se referisse ao interc\u00e2mbio com o outro plano era considerado Espiritismo.<\/p>\n<p>Tal equ\u00edvoco ocasionou lament\u00e1veis deturpa\u00e7\u00f5es. N\u00e3o queremos aqui discriminar os grupos afro. H\u00e1 entre eles os que, embora divergindo da Doutrina Esp\u00edrita quanto ao aspecto religioso e\u00e0 pr\u00e1tica medi\u00ednica, l\u00eaem Allan Kardec, adotam seus postulados filos\u00f3ficos e servem ao pr\u00f3ximo com desprendimento e abnega\u00e7\u00e3o.<\/p>\n<p>N\u00e3o se pode negar, entretanto, as deturpa\u00e7\u00f5es a que nos referimos acima. Eram comuns em certos setores da imprensa manchetes como: Assassinato em um Centro Esp\u00edrita, Incorporado pelo Guia Fulano&#8230;. Al\u00e9m disso, n\u00e3o s\u00e3o raros os folhetos em que se l\u00ea: Madame Fulana de tal. Vidente Esp\u00edrita, soluciona todos os problemas, resolve caso de amor e dinheiro, prev\u00ea o futuro&#8230; etc.<\/p>\n<p>Resultado: para n\u00e3o se embarafustarem com toda esta confus\u00e3o, alguns companheiros abrem m\u00e3o do termo esp\u00edrita e preferem a express\u00e3o kardecista. Haver\u00e1, por\u00e9m, algum fundamento para tal posi\u00e7\u00e3o?<\/p>\n<p>Em primeiro lugar, Allan Kardec sempre fez quest\u00e3o de assinalar que, ao contr\u00e1rio de todas as doutrinas anteriores, o Espiritismo n\u00e3o foi fundado por homens, mas \u00e9 consequ\u00eancia das revela\u00e7\u00f5es trazidas pelo Plano Espiritual.<\/p>\n<p>Em segundo lugar, n\u00e3o podemos descartar a gama de preconceitos que envolve a substitui\u00e7\u00e3o dos termos esp\u00edrita e Espiritismo pelos termos kardecista e kardecismo.<\/p>\n<p>N\u00e3o querem, estes companheiros, que suas cren\u00e7as sejam confundidas com aquelas que, para eles, s\u00e3o inferiores. N\u00e3o querem ser identificados como feiticeiros ou macumbeiros. Tal confus\u00e3o, no entanto, n\u00e3o adv\u00e9m deste ou daquele termo, mas da posi\u00e7\u00e3o de cada um perante a vida e diante de si mesmo.<\/p>\n<p>Ao inv\u00e9s de simplificarmos as coisas dando\u00e0 Doutrina Esp\u00edrita nomes que ela n\u00e3o possui, chamando-a kardecismo, mesa branca, Espiritismo Cient\u00edfico, etc., arquemos com os inc\u00f4modos das explica\u00e7\u00f5es; e, definindo-nos claramente como esp\u00edritas, esclare\u00e7amos simplesmente os que nos abordem sobre o que \u00e9, e o que n\u00e3o \u00e9 Espiritismo.<\/p>\n<p>(Revista Esp\u00edrita Harmonia &#8211; n\u00c2\u00ba 34 &#8211; agosto de 1997) <\/p>\n<p>(Jornal Mundo Esp\u00edrita de Outubro de 1997)<br \/>\n<br \/>Luiz Antonio Millecco<br \/>\n<\/p>\n<div class=\"pvc_clear\"><\/div>\n<p id=\"pvc_stats_10515\" class=\"pvc_stats all  \" data-element-id=\"10515\" style=\"\"><i class=\"pvc-stats-icon medium\" aria-hidden=\"true\"><svg aria-hidden=\"true\" focusable=\"false\" data-prefix=\"far\" data-icon=\"chart-bar\" role=\"img\" xmlns=\"http:\/\/www.w3.org\/2000\/svg\" viewBox=\"0 0 512 512\" class=\"svg-inline--fa fa-chart-bar fa-w-16 fa-2x\"><path fill=\"currentColor\" d=\"M396.8 352h22.4c6.4 0 12.8-6.4 12.8-12.8V108.8c0-6.4-6.4-12.8-12.8-12.8h-22.4c-6.4 0-12.8 6.4-12.8 12.8v230.4c0 6.4 6.4 12.8 12.8 12.8zm-192 0h22.4c6.4 0 12.8-6.4 12.8-12.8V140.8c0-6.4-6.4-12.8-12.8-12.8h-22.4c-6.4 0-12.8 6.4-12.8 12.8v198.4c0 6.4 6.4 12.8 12.8 12.8zm96 0h22.4c6.4 0 12.8-6.4 12.8-12.8V204.8c0-6.4-6.4-12.8-12.8-12.8h-22.4c-6.4 0-12.8 6.4-12.8 12.8v134.4c0 6.4 6.4 12.8 12.8 12.8zM496 400H48V80c0-8.84-7.16-16-16-16H16C7.16 64 0 71.16 0 80v336c0 17.67 14.33 32 32 32h464c8.84 0 16-7.16 16-16v-16c0-8.84-7.16-16-16-16zm-387.2-48h22.4c6.4 0 12.8-6.4 12.8-12.8v-70.4c0-6.4-6.4-12.8-12.8-12.8h-22.4c-6.4 0-12.8 6.4-12.8 12.8v70.4c0 6.4 6.4 12.8 12.8 12.8z\" class=\"\"><\/path><\/svg><\/i> <img decoding=\"async\" width=\"16\" height=\"16\" alt=\"Loading\" data-src=\"https:\/\/www.centronocaminhodaluz.com.br\/wp-content\/plugins\/page-views-count\/ajax-loader-2x.gif\" border=0 src=\"data:image\/svg+xml;base64,PHN2ZyB3aWR0aD0iMSIgaGVpZ2h0PSIxIiB4bWxucz0iaHR0cDovL3d3dy53My5vcmcvMjAwMC9zdmciPjwvc3ZnPg==\" class=\"lazyload\" style=\"--smush-placeholder-width: 16px; --smush-placeholder-aspect-ratio: 16\/16;\" \/><\/p>\n<div class=\"pvc_clear\"><\/div>\n","protected":false},"excerpt":{"rendered":"<p>De um tempo para c\u00e1 um estranho fen\u00f4meno ocorre em nosso meio: pessoas respeit\u00e1veis aceitam a Doutrina Esp\u00edrita, entusiasmam-se com seus postulados e se beneficiam da consola\u00e7\u00e3o por Ela propiciada. No entanto, chegado o momento das defini\u00e7\u00f5es, afirmam-se n\u00e3o esp\u00edritas, mas espiritualistas ou kardecistas. Quanto ao espiritualismo, a defini\u00e7\u00e3o \u00e9 incompleta, j\u00e1 que todas as&hellip; <br \/> <a class=\"read-more\" href=\"https:\/\/www.centronocaminhodaluz.com.br\/index.php\/artigo10515\/\">Leia mais<\/a><\/p>\n<div class=\"pvc_clear\"><\/div>\n<p id=\"pvc_stats_10515\" class=\"pvc_stats all  \" data-element-id=\"10515\" style=\"\"><i class=\"pvc-stats-icon medium\" aria-hidden=\"true\"><svg aria-hidden=\"true\" focusable=\"false\" data-prefix=\"far\" data-icon=\"chart-bar\" role=\"img\" xmlns=\"http:\/\/www.w3.org\/2000\/svg\" viewBox=\"0 0 512 512\" class=\"svg-inline--fa fa-chart-bar fa-w-16 fa-2x\"><path fill=\"currentColor\" d=\"M396.8 352h22.4c6.4 0 12.8-6.4 12.8-12.8V108.8c0-6.4-6.4-12.8-12.8-12.8h-22.4c-6.4 0-12.8 6.4-12.8 12.8v230.4c0 6.4 6.4 12.8 12.8 12.8zm-192 0h22.4c6.4 0 12.8-6.4 12.8-12.8V140.8c0-6.4-6.4-12.8-12.8-12.8h-22.4c-6.4 0-12.8 6.4-12.8 12.8v198.4c0 6.4 6.4 12.8 12.8 12.8zm96 0h22.4c6.4 0 12.8-6.4 12.8-12.8V204.8c0-6.4-6.4-12.8-12.8-12.8h-22.4c-6.4 0-12.8 6.4-12.8 12.8v134.4c0 6.4 6.4 12.8 12.8 12.8zM496 400H48V80c0-8.84-7.16-16-16-16H16C7.16 64 0 71.16 0 80v336c0 17.67 14.33 32 32 32h464c8.84 0 16-7.16 16-16v-16c0-8.84-7.16-16-16-16zm-387.2-48h22.4c6.4 0 12.8-6.4 12.8-12.8v-70.4c0-6.4-6.4-12.8-12.8-12.8h-22.4c-6.4 0-12.8 6.4-12.8 12.8v70.4c0 6.4 6.4 12.8 12.8 12.8z\" class=\"\"><\/path><\/svg><\/i> <img decoding=\"async\" width=\"16\" height=\"16\" alt=\"Loading\" data-src=\"https:\/\/www.centronocaminhodaluz.com.br\/wp-content\/plugins\/page-views-count\/ajax-loader-2x.gif\" border=0 src=\"data:image\/svg+xml;base64,PHN2ZyB3aWR0aD0iMSIgaGVpZ2h0PSIxIiB4bWxucz0iaHR0cDovL3d3dy53My5vcmcvMjAwMC9zdmciPjwvc3ZnPg==\" class=\"lazyload\" style=\"--smush-placeholder-width: 16px; --smush-placeholder-aspect-ratio: 16\/16;\" \/><\/p>\n<div class=\"pvc_clear\"><\/div>\n","protected":false},"author":1,"featured_media":0,"comment_status":"Closed","ping_status":"open","sticky":false,"template":"","format":"standard","meta":{"footnotes":""},"categories":[16],"tags":[],"class_list":["post-10515","post","type-post","status-publish","format-standard","hentry","category-mensagens-diversas"],"a3_pvc":{"activated":true,"total_views":617,"today_views":0},"_links":{"self":[{"href":"https:\/\/www.centronocaminhodaluz.com.br\/index.php\/wp-json\/wp\/v2\/posts\/10515","targetHints":{"allow":["GET"]}}],"collection":[{"href":"https:\/\/www.centronocaminhodaluz.com.br\/index.php\/wp-json\/wp\/v2\/posts"}],"about":[{"href":"https:\/\/www.centronocaminhodaluz.com.br\/index.php\/wp-json\/wp\/v2\/types\/post"}],"author":[{"embeddable":true,"href":"https:\/\/www.centronocaminhodaluz.com.br\/index.php\/wp-json\/wp\/v2\/users\/1"}],"replies":[{"embeddable":true,"href":"https:\/\/www.centronocaminhodaluz.com.br\/index.php\/wp-json\/wp\/v2\/comments?post=10515"}],"version-history":[{"count":0,"href":"https:\/\/www.centronocaminhodaluz.com.br\/index.php\/wp-json\/wp\/v2\/posts\/10515\/revisions"}],"wp:attachment":[{"href":"https:\/\/www.centronocaminhodaluz.com.br\/index.php\/wp-json\/wp\/v2\/media?parent=10515"}],"wp:term":[{"taxonomy":"category","embeddable":true,"href":"https:\/\/www.centronocaminhodaluz.com.br\/index.php\/wp-json\/wp\/v2\/categories?post=10515"},{"taxonomy":"post_tag","embeddable":true,"href":"https:\/\/www.centronocaminhodaluz.com.br\/index.php\/wp-json\/wp\/v2\/tags?post=10515"}],"curies":[{"name":"wp","href":"https:\/\/api.w.org\/{rel}","templated":true}]}}