{"id":1052,"date":"2014-02-11T14:23:00","date_gmt":"2014-02-11T14:23:00","guid":{"rendered":"http:\/\/www.centronocaminhodaluz.com.br\/index.php\/2014\/02\/11\/palavrao\/"},"modified":"2014-02-11T14:23:00","modified_gmt":"2014-02-11T14:23:00","slug":"artigo1052","status":"publish","type":"post","link":"https:\/\/www.centronocaminhodaluz.com.br\/index.php\/artigo1052\/","title":{"rendered":"Palavr\u00e3o"},"content":{"rendered":"<p><a name=more><\/a>&nbsp;&nbsp;&nbsp;&nbsp;&nbsp;<a href=http:\/\/cecal.centronocaminhodaluz.com.br\/bloguer\/pdf.asp?site=cecal&amp; target=_blank><img src=http:\/\/cecal.centronocaminhodaluz.com.br\/bloguer\/pdf_button.png \/><\/a>  Est\u00e1 se tornando comum o palavr\u00e3o. A pouco e pouco, palavras de baixo cal\u00e3o v\u00e3o sendo incorporadas ao vocabul\u00e1rio. Passam a ser utilizadas, habitualmente.  <\/p>\n<p>L\u00e1 se foram os anos em que o palavr\u00e3o era utilizado pelas pessoas ditas de m\u00e1 educa\u00e7\u00e3o. Hoje, atingiu status. Pol\u00edticos se permitem utiliz\u00e1-lo para defesa das suas ideias ou para a pr\u00f3pria defesa.  <\/p>\n<p>O teatro foi inundado por artistas que fazem dos palavr\u00f5es meios de comunica\u00e7\u00e3o. Tudo em nome de uma pretensa arte.  <\/p>\n<p>A televis\u00e3o exibe cenas de viol\u00eancia e sexo, manipulando gestos e palavr\u00f5es. As empresas p\u00fablicas, que exploram a telefonia, permitem que, com o simples discar de um n\u00famero, se ou\u00e7am piadas maliciosas e se aprendam mais alguns pa   lavr\u00f5es.  <\/p>\n<p>Atores e atrizes n\u00e3o se limitam a dizer piadas fortes. V\u00e3o al\u00e9m. Fazem tamb\u00e9m gestos agressivos. E o pior: o p\u00fablico aplaude. Como se ouvissem frases de efeito que encerrassem uma filosofia ou um ensinamento.  <\/p>\n<p>Pais ensinam aos filhos os palavr\u00f5es. E as ocasi\u00f5es para os utilizar. Para ofender os brios de algu\u00e9m. Para irritar simplesmente. Ou s\u00f3 para desabafar.  <\/p>\n<p>Observamos como a linguagem vai se tornando grosseira, grotesca.  <\/p>\n<p>Em O livro dos Esp\u00edritos aprendemos que se reconhecem os Esp\u00edritos pela linguagem. Entre os Esp\u00edritos, como entre os homens, a linguagem \u00e9 sempre um indicativo de qualidade moral e intelectual.  <\/p>\n<p>Ao abordar a quest\u00e3o da palavra, Jesus foi en\u00e9rgico: Aquele que disser a seu irm\u00e3o: Raca, merecer\u00e1 condenado pelo conselho. Aquele que lhe disser: \u00e9s louco, merecer\u00e1 condenado ao fogo do inferno.  <\/p>\n<p>Raca, entre os hebreus, era um termo desdenhoso. Significava homem que nada vale. Era pronunciado cuspindo e    virando-se para o lado a cabe\u00e7a.  <\/p>\n<p>Ao afirmar que mereceria o fogo do inferno, o que significa intenso sofrimento, Jesus vai bem longe. Como pode uma simples palavra, louco, se revestir de tanta gravidade que mere\u00e7a t\u00e3o severa reprova\u00e7\u00e3o?  <\/p>\n<p>\u00c9 que toda palavra exprime um sentimento e vai carregada de vibra\u00e7\u00e3o correspondente. Desse modo, toda palavra ofensiva exprime um sentimento contr\u00e1rio \u00e0 lei do amor e da caridade. Constitui um golpe desferido na fraternidade.  <\/p>\n<p>Quando vemos nossa inf\u00e2ncia e juventude absorvendo t\u00e3o rapidamente os palavr\u00f5es, esquecendo as verdadeiras denomina\u00e7\u00f5es dos objetos, lamentamos.  <\/p>\n<p>Alguns defendem o retorno aos antigos m\u00e9todos repressores. Da pimenta na boca, palmada nos l\u00e1bios \u00e0 censura ostensiva em todos os ve\u00edculos de comunica\u00e7\u00e3o.  <\/p>\n<p>A repress\u00e3o, a agress\u00e3o n\u00e3o resolvem o problema. Existem sempre os que afirmam que a lei existe para ser violada.  <\/p>\n<p>O problema \u00e9, pois, de educa\u00e7\u00e3o. Educa\u00e7\u00e3o do pensamento p   ara uso da palavra devida.  <\/p>\n<p>A boca fala do que est\u00e1 cheio o cora\u00e7\u00e3o. A boca expressa os sentimentos. A ideia \u00e9 uma for\u00e7a criadora e nossas palavras aderem a ela elaborando formas e coisas.  <\/p>\n<p>De maneira simb\u00f3lica, podemos comparar a palavra ao ferro gusa. Ap\u00f3s escorrer do forno da nossa mente se solidifica nos trilhos, bons ou maus, sobre os quais o comboio da nossa exist\u00eancia seguir\u00e1.  <\/p>\n<p>*   *   *  <\/p>\n<p>Habituemo-nos a falar o bem. N\u00e3o incorporemos ao pr\u00f3prio vocabul\u00e1rio express\u00f5es de cunho malicioso ou grotesco.  <\/p>\n<p>Vigiemos o pensamento. Habituemo-nos \u00e0 boa leitura.  <\/p>\n<p>Alimentemos a mente e o cora\u00e7\u00e3o com o que \u00e9 belo e bom.  <\/p>\n<p>A palavra tem vida. Vitalizemos o bem.  <\/p>\n<p>Reda\u00e7\u00e3o do Momento Esp\u00edrita, com base no item 102, de O livro dos  <br \/>Esp\u00edritos e nos itens 3 e 4 do cap.IX, de O Evangelho segundo o  <br \/>Espiritismo, ambos de Allan Kardec, ed. FEB; no item 124,  <br \/>de O Consolador, pelo Esp\u00edrito Emmanuel, psicografia    de  <br \/>Francisco C\u00e2ndido Xavier, ed. FEB e no cap. 24, do livro B\u00ean\u00e7\u00e3o  <br \/>de paz, pelo Esp\u00edrito Emmanuel, psicografia de Francisco C\u00e2ndido  <br \/>Xavier, ed. GEEM.  <br \/>Em 7.2.2014<\/p>\n<div class=\"pvc_clear\"><\/div>\n<p id=\"pvc_stats_1052\" class=\"pvc_stats all  \" data-element-id=\"1052\" style=\"\"><i class=\"pvc-stats-icon medium\" aria-hidden=\"true\"><svg aria-hidden=\"true\" focusable=\"false\" data-prefix=\"far\" data-icon=\"chart-bar\" role=\"img\" xmlns=\"http:\/\/www.w3.org\/2000\/svg\" viewBox=\"0 0 512 512\" class=\"svg-inline--fa fa-chart-bar fa-w-16 fa-2x\"><path fill=\"currentColor\" d=\"M396.8 352h22.4c6.4 0 12.8-6.4 12.8-12.8V108.8c0-6.4-6.4-12.8-12.8-12.8h-22.4c-6.4 0-12.8 6.4-12.8 12.8v230.4c0 6.4 6.4 12.8 12.8 12.8zm-192 0h22.4c6.4 0 12.8-6.4 12.8-12.8V140.8c0-6.4-6.4-12.8-12.8-12.8h-22.4c-6.4 0-12.8 6.4-12.8 12.8v198.4c0 6.4 6.4 12.8 12.8 12.8zm96 0h22.4c6.4 0 12.8-6.4 12.8-12.8V204.8c0-6.4-6.4-12.8-12.8-12.8h-22.4c-6.4 0-12.8 6.4-12.8 12.8v134.4c0 6.4 6.4 12.8 12.8 12.8zM496 400H48V80c0-8.84-7.16-16-16-16H16C7.16 64 0 71.16 0 80v336c0 17.67 14.33 32 32 32h464c8.84 0 16-7.16 16-16v-16c0-8.84-7.16-16-16-16zm-387.2-48h22.4c6.4 0 12.8-6.4 12.8-12.8v-70.4c0-6.4-6.4-12.8-12.8-12.8h-22.4c-6.4 0-12.8 6.4-12.8 12.8v70.4c0 6.4 6.4 12.8 12.8 12.8z\" class=\"\"><\/path><\/svg><\/i> <img decoding=\"async\" width=\"16\" height=\"16\" alt=\"Loading\" data-src=\"https:\/\/www.centronocaminhodaluz.com.br\/wp-content\/plugins\/page-views-count\/ajax-loader-2x.gif\" border=0 src=\"data:image\/svg+xml;base64,PHN2ZyB3aWR0aD0iMSIgaGVpZ2h0PSIxIiB4bWxucz0iaHR0cDovL3d3dy53My5vcmcvMjAwMC9zdmciPjwvc3ZnPg==\" class=\"lazyload\" style=\"--smush-placeholder-width: 16px; --smush-placeholder-aspect-ratio: 16\/16;\" \/><\/p>\n<div class=\"pvc_clear\"><\/div>\n","protected":false},"excerpt":{"rendered":"<p>&nbsp;&nbsp;&nbsp;&nbsp;&nbsp; Est\u00e1 se tornando comum o palavr\u00e3o. A pouco e pouco, palavras de baixo cal\u00e3o v\u00e3o sendo incorporadas ao vocabul\u00e1rio. Passam a ser utilizadas, habitualmente. L\u00e1 se foram os anos em que o palavr\u00e3o era utilizado pelas pessoas ditas de m\u00e1 educa\u00e7\u00e3o. Hoje, atingiu status. Pol\u00edticos se permitem utiliz\u00e1-lo para defesa das suas ideias ou&hellip; <br \/> <a class=\"read-more\" href=\"https:\/\/www.centronocaminhodaluz.com.br\/index.php\/artigo1052\/\">Leia mais<\/a><\/p>\n<div class=\"pvc_clear\"><\/div>\n<p id=\"pvc_stats_1052\" class=\"pvc_stats all  \" data-element-id=\"1052\" style=\"\"><i class=\"pvc-stats-icon medium\" aria-hidden=\"true\"><svg aria-hidden=\"true\" focusable=\"false\" data-prefix=\"far\" data-icon=\"chart-bar\" role=\"img\" xmlns=\"http:\/\/www.w3.org\/2000\/svg\" viewBox=\"0 0 512 512\" class=\"svg-inline--fa fa-chart-bar fa-w-16 fa-2x\"><path fill=\"currentColor\" d=\"M396.8 352h22.4c6.4 0 12.8-6.4 12.8-12.8V108.8c0-6.4-6.4-12.8-12.8-12.8h-22.4c-6.4 0-12.8 6.4-12.8 12.8v230.4c0 6.4 6.4 12.8 12.8 12.8zm-192 0h22.4c6.4 0 12.8-6.4 12.8-12.8V140.8c0-6.4-6.4-12.8-12.8-12.8h-22.4c-6.4 0-12.8 6.4-12.8 12.8v198.4c0 6.4 6.4 12.8 12.8 12.8zm96 0h22.4c6.4 0 12.8-6.4 12.8-12.8V204.8c0-6.4-6.4-12.8-12.8-12.8h-22.4c-6.4 0-12.8 6.4-12.8 12.8v134.4c0 6.4 6.4 12.8 12.8 12.8zM496 400H48V80c0-8.84-7.16-16-16-16H16C7.16 64 0 71.16 0 80v336c0 17.67 14.33 32 32 32h464c8.84 0 16-7.16 16-16v-16c0-8.84-7.16-16-16-16zm-387.2-48h22.4c6.4 0 12.8-6.4 12.8-12.8v-70.4c0-6.4-6.4-12.8-12.8-12.8h-22.4c-6.4 0-12.8 6.4-12.8 12.8v70.4c0 6.4 6.4 12.8 12.8 12.8z\" class=\"\"><\/path><\/svg><\/i> <img decoding=\"async\" width=\"16\" height=\"16\" alt=\"Loading\" data-src=\"https:\/\/www.centronocaminhodaluz.com.br\/wp-content\/plugins\/page-views-count\/ajax-loader-2x.gif\" border=0 src=\"data:image\/svg+xml;base64,PHN2ZyB3aWR0aD0iMSIgaGVpZ2h0PSIxIiB4bWxucz0iaHR0cDovL3d3dy53My5vcmcvMjAwMC9zdmciPjwvc3ZnPg==\" class=\"lazyload\" style=\"--smush-placeholder-width: 16px; --smush-placeholder-aspect-ratio: 16\/16;\" \/><\/p>\n<div class=\"pvc_clear\"><\/div>\n","protected":false},"author":1,"featured_media":0,"comment_status":"Closed","ping_status":"open","sticky":false,"template":"","format":"standard","meta":{"footnotes":""},"categories":[4],"tags":[],"class_list":["post-1052","post","type-post","status-publish","format-standard","hentry","category-chico-xavier"],"a3_pvc":{"activated":true,"total_views":4167,"today_views":0},"_links":{"self":[{"href":"https:\/\/www.centronocaminhodaluz.com.br\/index.php\/wp-json\/wp\/v2\/posts\/1052","targetHints":{"allow":["GET"]}}],"collection":[{"href":"https:\/\/www.centronocaminhodaluz.com.br\/index.php\/wp-json\/wp\/v2\/posts"}],"about":[{"href":"https:\/\/www.centronocaminhodaluz.com.br\/index.php\/wp-json\/wp\/v2\/types\/post"}],"author":[{"embeddable":true,"href":"https:\/\/www.centronocaminhodaluz.com.br\/index.php\/wp-json\/wp\/v2\/users\/1"}],"replies":[{"embeddable":true,"href":"https:\/\/www.centronocaminhodaluz.com.br\/index.php\/wp-json\/wp\/v2\/comments?post=1052"}],"version-history":[{"count":0,"href":"https:\/\/www.centronocaminhodaluz.com.br\/index.php\/wp-json\/wp\/v2\/posts\/1052\/revisions"}],"wp:attachment":[{"href":"https:\/\/www.centronocaminhodaluz.com.br\/index.php\/wp-json\/wp\/v2\/media?parent=1052"}],"wp:term":[{"taxonomy":"category","embeddable":true,"href":"https:\/\/www.centronocaminhodaluz.com.br\/index.php\/wp-json\/wp\/v2\/categories?post=1052"},{"taxonomy":"post_tag","embeddable":true,"href":"https:\/\/www.centronocaminhodaluz.com.br\/index.php\/wp-json\/wp\/v2\/tags?post=1052"}],"curies":[{"name":"wp","href":"https:\/\/api.w.org\/{rel}","templated":true}]}}