{"id":10568,"date":"2010-12-09T00:00:00","date_gmt":"2010-12-09T00:00:00","guid":{"rendered":""},"modified":"2010-12-09T00:00:00","modified_gmt":"2010-12-09T00:00:00","slug":"artigo10568","status":"publish","type":"post","link":"https:\/\/www.centronocaminhodaluz.com.br\/index.php\/artigo10568\/","title":{"rendered":"O Despertar do Espirito"},"content":{"rendered":"<p> O DESPERTAR DO ESP\u00c3\u008dRITO \u009d<br \/>\n<br \/>Numa comunica\u00e7\u00e3o que o Esp\u00edrito Georges ditou\u00e0 Sra. Costel, publicada na Revista de 1860 sob o t\u00edtulo de O<br \/>\n<br \/>Despertar do Esp\u00edrito, foi dito que n\u00e3o h\u00e1 rela\u00e7\u00f5es amistosas entre os Esp\u00edritos errantes; que aqueles mesmos que se amaram n\u00e3o trocam sinais de reconhecimento. Em v\u00e1rias pessoas essa teoria causou uma impress\u00e3o muito penosa, sobretudo porque os leitores da Revista consideram aquele Esp\u00edrito elevado, havendo admirado a maioria de suas comunica\u00e7\u00f5es. Se essa teoria fosse absoluta, estaria em contradi\u00e7\u00e3o com o que tantas vezes foi dito, que no momento da<br \/>\n<br \/>morte os Esp\u00edritos amigos v\u00eam receber o rec\u00e9m-vindo, auxiliando-o a se desembara\u00e7ar dos liames terrestres e, de certo modo,<br \/>\n<br \/>iniciando-o em sua nova vida. Por outro lado, se os Esp\u00edritos inferiores n\u00e3o se comunicassem com os mais adiantados, n\u00e3o<br \/>\n<br \/>poderiam progredir. Procuramos refutar essas obje\u00e7\u00f5es num artigo da Revista de 1860, sob o t\u00edtulo de Rela\u00e7\u00f5es Afetuosas dos Esp\u00edritos, mas eis os coment\u00e1rios que, a pedido nosso, deu o pr\u00f3prio Georges de<br \/>\n<br \/>sua comunica\u00e7\u00e3o:  Quando um homem \u00e9 surpreendido pela morte nos h\u00e1bitos materialistas de uma vida que jamais lhe deixou tempo para se ocupar de Deus; quando, palpitando ainda de ang\u00edstias e de temores terrenos, chega ao mundo dos Esp\u00edritos, assemelha-se a um viajante que ignorasse a l\u00edngua e os costumes do pa\u00eds que visita. Imerso na perturba\u00e7\u00e3o, \u00e9 incapaz de se comunicar, n\u00e3o compreendendo nem mesmo as pr\u00f3prias sensa\u00e7\u00f5es, nem as dos outros. Erra envolto no sil\u00eancio; ent\u00e3o sente germinarem, eclodirem e se desenvolverem lentamente pensamentos desconhecidos, e uma nova alma floresce na sua. Chegada a esse ponto, a alma cativa sente ca\u00edrem os la\u00e7os e, como uma ave a quem a liberdade \u00e9 devolvida, lan\u00e7a-se para Deus, soltando um grito de alegria e de amor. Ent\u00e3o, se comprimem\u00e0 sua volta os Esp\u00edritos dos parentes, dos amigos purificados que, silenciosamente, o haviam acolhido em sua volta. S\u00e3o em reduzido n\u00edmero os que podem, logo ap\u00f3s a liberta\u00e7\u00e3o do corpo, comunicar-se com os amigos que reencontram. \u00c9 necess\u00e1rio ter merecido, e somente os que cumpriram gloriosamente suas \u00edltimas migra\u00e7\u00f5es se acham, desde o primeiro momento, bastante desmaterializados para gozar desse favor que Deus concede como recompensa. Apresentei uma das fases da vida esp\u00edrita; n\u00e3o quis generalizar. Como se v\u00ea, n\u00e3o falei sen\u00e3o do estado dos primeiros instantes que se seguem\u00e0 morte, que poder\u00e1 ser mais ou menos duradouro, conforme a natureza do Esp\u00edrito. Depende de cada um abrevi\u00e1-lo, desprendendo-se dos la\u00e7os terrenos desde a vida corp\u00f3rea, j\u00e1 que somente o apego\u00e0s coisas materiais o impede de fruir a felicidade da vida espiritual.<br \/>\n<br \/>Georges<br \/>\n<\/p>\n<div class=\"pvc_clear\"><\/div>\n<p id=\"pvc_stats_10568\" class=\"pvc_stats all  \" data-element-id=\"10568\" style=\"\"><i class=\"pvc-stats-icon medium\" aria-hidden=\"true\"><svg aria-hidden=\"true\" focusable=\"false\" data-prefix=\"far\" data-icon=\"chart-bar\" role=\"img\" xmlns=\"http:\/\/www.w3.org\/2000\/svg\" viewBox=\"0 0 512 512\" class=\"svg-inline--fa fa-chart-bar fa-w-16 fa-2x\"><path fill=\"currentColor\" d=\"M396.8 352h22.4c6.4 0 12.8-6.4 12.8-12.8V108.8c0-6.4-6.4-12.8-12.8-12.8h-22.4c-6.4 0-12.8 6.4-12.8 12.8v230.4c0 6.4 6.4 12.8 12.8 12.8zm-192 0h22.4c6.4 0 12.8-6.4 12.8-12.8V140.8c0-6.4-6.4-12.8-12.8-12.8h-22.4c-6.4 0-12.8 6.4-12.8 12.8v198.4c0 6.4 6.4 12.8 12.8 12.8zm96 0h22.4c6.4 0 12.8-6.4 12.8-12.8V204.8c0-6.4-6.4-12.8-12.8-12.8h-22.4c-6.4 0-12.8 6.4-12.8 12.8v134.4c0 6.4 6.4 12.8 12.8 12.8zM496 400H48V80c0-8.84-7.16-16-16-16H16C7.16 64 0 71.16 0 80v336c0 17.67 14.33 32 32 32h464c8.84 0 16-7.16 16-16v-16c0-8.84-7.16-16-16-16zm-387.2-48h22.4c6.4 0 12.8-6.4 12.8-12.8v-70.4c0-6.4-6.4-12.8-12.8-12.8h-22.4c-6.4 0-12.8 6.4-12.8 12.8v70.4c0 6.4 6.4 12.8 12.8 12.8z\" class=\"\"><\/path><\/svg><\/i> <img decoding=\"async\" width=\"16\" height=\"16\" alt=\"Loading\" data-src=\"https:\/\/www.centronocaminhodaluz.com.br\/wp-content\/plugins\/page-views-count\/ajax-loader-2x.gif\" border=0 src=\"data:image\/svg+xml;base64,PHN2ZyB3aWR0aD0iMSIgaGVpZ2h0PSIxIiB4bWxucz0iaHR0cDovL3d3dy53My5vcmcvMjAwMC9zdmciPjwvc3ZnPg==\" class=\"lazyload\" style=\"--smush-placeholder-width: 16px; --smush-placeholder-aspect-ratio: 16\/16;\" \/><\/p>\n<div class=\"pvc_clear\"><\/div>\n","protected":false},"excerpt":{"rendered":"<p>O DESPERTAR DO ESP\u00c3\u008dRITO \u009d Numa comunica\u00e7\u00e3o que o Esp\u00edrito Georges ditou\u00e0 Sra. Costel, publicada na Revista de 1860 sob o t\u00edtulo de O Despertar do Esp\u00edrito, foi dito que n\u00e3o h\u00e1 rela\u00e7\u00f5es amistosas entre os Esp\u00edritos errantes; que aqueles mesmos que se amaram n\u00e3o trocam sinais de reconhecimento. Em v\u00e1rias pessoas essa teoria causou&hellip; <br \/> <a class=\"read-more\" href=\"https:\/\/www.centronocaminhodaluz.com.br\/index.php\/artigo10568\/\">Leia mais<\/a><\/p>\n<div class=\"pvc_clear\"><\/div>\n<p id=\"pvc_stats_10568\" class=\"pvc_stats all  \" data-element-id=\"10568\" style=\"\"><i class=\"pvc-stats-icon medium\" aria-hidden=\"true\"><svg aria-hidden=\"true\" focusable=\"false\" data-prefix=\"far\" data-icon=\"chart-bar\" role=\"img\" xmlns=\"http:\/\/www.w3.org\/2000\/svg\" viewBox=\"0 0 512 512\" class=\"svg-inline--fa fa-chart-bar fa-w-16 fa-2x\"><path fill=\"currentColor\" d=\"M396.8 352h22.4c6.4 0 12.8-6.4 12.8-12.8V108.8c0-6.4-6.4-12.8-12.8-12.8h-22.4c-6.4 0-12.8 6.4-12.8 12.8v230.4c0 6.4 6.4 12.8 12.8 12.8zm-192 0h22.4c6.4 0 12.8-6.4 12.8-12.8V140.8c0-6.4-6.4-12.8-12.8-12.8h-22.4c-6.4 0-12.8 6.4-12.8 12.8v198.4c0 6.4 6.4 12.8 12.8 12.8zm96 0h22.4c6.4 0 12.8-6.4 12.8-12.8V204.8c0-6.4-6.4-12.8-12.8-12.8h-22.4c-6.4 0-12.8 6.4-12.8 12.8v134.4c0 6.4 6.4 12.8 12.8 12.8zM496 400H48V80c0-8.84-7.16-16-16-16H16C7.16 64 0 71.16 0 80v336c0 17.67 14.33 32 32 32h464c8.84 0 16-7.16 16-16v-16c0-8.84-7.16-16-16-16zm-387.2-48h22.4c6.4 0 12.8-6.4 12.8-12.8v-70.4c0-6.4-6.4-12.8-12.8-12.8h-22.4c-6.4 0-12.8 6.4-12.8 12.8v70.4c0 6.4 6.4 12.8 12.8 12.8z\" class=\"\"><\/path><\/svg><\/i> <img decoding=\"async\" width=\"16\" height=\"16\" alt=\"Loading\" data-src=\"https:\/\/www.centronocaminhodaluz.com.br\/wp-content\/plugins\/page-views-count\/ajax-loader-2x.gif\" border=0 src=\"data:image\/svg+xml;base64,PHN2ZyB3aWR0aD0iMSIgaGVpZ2h0PSIxIiB4bWxucz0iaHR0cDovL3d3dy53My5vcmcvMjAwMC9zdmciPjwvc3ZnPg==\" class=\"lazyload\" style=\"--smush-placeholder-width: 16px; --smush-placeholder-aspect-ratio: 16\/16;\" \/><\/p>\n<div class=\"pvc_clear\"><\/div>\n","protected":false},"author":1,"featured_media":0,"comment_status":"Closed","ping_status":"open","sticky":false,"template":"","format":"standard","meta":{"footnotes":""},"categories":[16],"tags":[],"class_list":["post-10568","post","type-post","status-publish","format-standard","hentry","category-mensagens-diversas"],"a3_pvc":{"activated":true,"total_views":1322,"today_views":0},"_links":{"self":[{"href":"https:\/\/www.centronocaminhodaluz.com.br\/index.php\/wp-json\/wp\/v2\/posts\/10568","targetHints":{"allow":["GET"]}}],"collection":[{"href":"https:\/\/www.centronocaminhodaluz.com.br\/index.php\/wp-json\/wp\/v2\/posts"}],"about":[{"href":"https:\/\/www.centronocaminhodaluz.com.br\/index.php\/wp-json\/wp\/v2\/types\/post"}],"author":[{"embeddable":true,"href":"https:\/\/www.centronocaminhodaluz.com.br\/index.php\/wp-json\/wp\/v2\/users\/1"}],"replies":[{"embeddable":true,"href":"https:\/\/www.centronocaminhodaluz.com.br\/index.php\/wp-json\/wp\/v2\/comments?post=10568"}],"version-history":[{"count":0,"href":"https:\/\/www.centronocaminhodaluz.com.br\/index.php\/wp-json\/wp\/v2\/posts\/10568\/revisions"}],"wp:attachment":[{"href":"https:\/\/www.centronocaminhodaluz.com.br\/index.php\/wp-json\/wp\/v2\/media?parent=10568"}],"wp:term":[{"taxonomy":"category","embeddable":true,"href":"https:\/\/www.centronocaminhodaluz.com.br\/index.php\/wp-json\/wp\/v2\/categories?post=10568"},{"taxonomy":"post_tag","embeddable":true,"href":"https:\/\/www.centronocaminhodaluz.com.br\/index.php\/wp-json\/wp\/v2\/tags?post=10568"}],"curies":[{"name":"wp","href":"https:\/\/api.w.org\/{rel}","templated":true}]}}