{"id":1062,"date":"2014-02-04T19:19:00","date_gmt":"2014-02-04T19:19:00","guid":{"rendered":"http:\/\/www.centronocaminhodaluz.com.br\/index.php\/2014\/02\/04\/as-moradas-do-pai\/"},"modified":"2014-02-04T19:19:00","modified_gmt":"2014-02-04T19:19:00","slug":"artigo1062","status":"publish","type":"post","link":"https:\/\/www.centronocaminhodaluz.com.br\/index.php\/artigo1062\/","title":{"rendered":"As moradas do Pai"},"content":{"rendered":"<p><a name=more><\/a>&nbsp;&nbsp;&nbsp;&nbsp;&nbsp;<a href=http:\/\/cecal.centronocaminhodaluz.com.br\/bloguer\/pdf.asp?site=cecal&amp; target=_blank><img src=http:\/\/cecal.centronocaminhodaluz.com.br\/bloguer\/pdf_button.png \/><\/a>     <br \/>Voc\u00ea j\u00e1 se surpreendeu olhando o firmamento \u00e0 noite e se encantando com as estrelas? J\u00e1 parou para pensar para que existem tantos pontos luminosos no espa\u00e7o?  <\/p>\n<p>Povos antigos, intrigados com a beleza e o brilho desses s\u00f3is, criaram lendas. Falavam que as estrelas eram got\u00edculas do suor do grande Criador.  <\/p>\n<p>Ap\u00f3s realizar o labor da Cria\u00e7\u00e3o, Ele passara a m\u00e3o na testa, retirara o suor e o lan\u00e7ara no espa\u00e7o.  <\/p>\n<p>Por acreditarem que a Terra era revestida por uma ab\u00f3bada fechada, muitos cogitaram de que os pontos luminosos fossem buraquinhos no c\u00e9u, por onde se coasse a luz. Igualzinho a um tecido esgar\u00e7ado, colocado contra o sol.  <\/p>\n<p>Hoje, sabemos que as estrelas s\u00e3o s\u00f3is e n\u00e3o est   \u00e3o colocadas no firmamento para nosso exclusivo deleite.  <\/p>\n<p>Afirmam que s\u00e3o duas mil e quinhentas as que podem ser vistas a olho nu. E devem ter um objetivo s\u00e9rio, racional para existirem. Por que criaria Deus algo improdutivo?  <\/p>\n<p>Al\u00e9m das estrelas, existem disseminados no espa\u00e7o mundos e sistemas.  <\/p>\n<p>A Terra longe est\u00e1 de ser um planeta dos mais importantes na economia universal.  <\/p>\n<p>O nosso sol \u00e9 uma estrela de quinta grandeza. Existem muitos s\u00f3is mais poderosos do que o nosso.  <\/p>\n<p>S\u00e3o tantos que, se considerarmos dois planetas para cada um deles, poderemos contar duzentos bilh\u00f5es em nossa gal\u00e1xia.  <\/p>\n<p>No concerto das probabilidades, se somente um por cento deles tiver as mesmas condi\u00e7\u00f5es e idades da Terra, teremos dois bilh\u00f5es de planetas com as mesmas condi\u00e7\u00f5es daquele em que vivemos.  <\/p>\n<p>\u00c9 de se perguntar &#8211; Por que n\u00e3o serem habitados?  <\/p>\n<p>Considerando-se que existem planetas muito mais antigos do que a Terra, podemos cogitar d   e mundos mais avan\u00e7ados. Possuidores de maiores conhecimentos, de mais conquistas.  <\/p>\n<p>Afirmar que a vida inteligente n\u00e3o \u00e9 patrim\u00f4nio exclusivo do nosso pequeno planeta n\u00e3o \u00e9 extraordin\u00e1rio, nem temer\u00e1rio.  <\/p>\n<p>N\u00e3o repugna nem \u00e0 intelig\u00eancia, nem \u00e0 cultura. A pluralidade dos mundos habitados foi ensinada por Jesus: as muitas moradas do pai. Se n\u00e3o fosse assim &#8211; afirmou &#8211; Eu vos teria dito.  <\/p>\n<p>Contemplando esses ninhos luminosos no c\u00e9u, a alma sonha com a evolu\u00e7\u00e3o e se enche de esperan\u00e7a.  <\/p>\n<p>Quantos deles conheceremos um dia? Lares em que vivemos. Lares que viveremos. Oceanos de saber e de arte, por enquanto, impenetr\u00e1veis.  <\/p>\n<p>A doutrina da pluralidade dos mundos habitados \u00e9 de fraternidade.  <\/p>\n<p>Compreende-se melhor a Sabedoria Divina, entende-se como a imensa Humanidade se encontra espalhada em muitos mundos. Pensa-se na fraternidade universal.  <\/p>\n<p> Voc\u00ea sabia?  <\/p>\n<p> Voc\u00ea sabia que, se tom\u00e1ssemos um ve\u00edculo que se movimentasse com a    velocidade da luz, que partisse da Terra para alcan\u00e7ar a extremidade da nossa gal\u00e1xia, gastar\u00edamos a bagatela de cinquenta mil anos-luz?  <\/p>\n<p>E n\u00e3o esque\u00e7a: a velocidade da luz \u00e9 de trezentos mil quil\u00f4metros por segundo.  <\/p>\n<p>J\u00e1 imaginou que imenso Universo temos a conhecer e a percorrer?  <\/p>\n<p>Quantas vidas demoraremos para adentrarmos mundos melhores? N\u00e3o importa.  <\/p>\n<p>Um dia, essas resplandecentes moradas do Pai nos servir\u00e3o de lar, como hoje a nossa Terra nos recebe e sustenta.  <\/p>\n<p> Reda\u00e7\u00e3o do Mundo Esp\u00edrita, com base no cap. 2,  <br \/>do livro No limiar do Infinito, pelo Esp\u00edrito Joanna de \u00c2ngelis,  <br \/>psicografia de Divaldo Pereira Franco, ed. LEAL.  <br \/>Em 3.2.2014<\/p>\n<div class=\"pvc_clear\"><\/div>\n<p id=\"pvc_stats_1062\" class=\"pvc_stats all  \" data-element-id=\"1062\" style=\"\"><i class=\"pvc-stats-icon medium\" aria-hidden=\"true\"><svg aria-hidden=\"true\" focusable=\"false\" data-prefix=\"far\" data-icon=\"chart-bar\" role=\"img\" xmlns=\"http:\/\/www.w3.org\/2000\/svg\" viewBox=\"0 0 512 512\" class=\"svg-inline--fa fa-chart-bar fa-w-16 fa-2x\"><path fill=\"currentColor\" d=\"M396.8 352h22.4c6.4 0 12.8-6.4 12.8-12.8V108.8c0-6.4-6.4-12.8-12.8-12.8h-22.4c-6.4 0-12.8 6.4-12.8 12.8v230.4c0 6.4 6.4 12.8 12.8 12.8zm-192 0h22.4c6.4 0 12.8-6.4 12.8-12.8V140.8c0-6.4-6.4-12.8-12.8-12.8h-22.4c-6.4 0-12.8 6.4-12.8 12.8v198.4c0 6.4 6.4 12.8 12.8 12.8zm96 0h22.4c6.4 0 12.8-6.4 12.8-12.8V204.8c0-6.4-6.4-12.8-12.8-12.8h-22.4c-6.4 0-12.8 6.4-12.8 12.8v134.4c0 6.4 6.4 12.8 12.8 12.8zM496 400H48V80c0-8.84-7.16-16-16-16H16C7.16 64 0 71.16 0 80v336c0 17.67 14.33 32 32 32h464c8.84 0 16-7.16 16-16v-16c0-8.84-7.16-16-16-16zm-387.2-48h22.4c6.4 0 12.8-6.4 12.8-12.8v-70.4c0-6.4-6.4-12.8-12.8-12.8h-22.4c-6.4 0-12.8 6.4-12.8 12.8v70.4c0 6.4 6.4 12.8 12.8 12.8z\" class=\"\"><\/path><\/svg><\/i> <img decoding=\"async\" width=\"16\" height=\"16\" alt=\"Loading\" data-src=\"https:\/\/www.centronocaminhodaluz.com.br\/wp-content\/plugins\/page-views-count\/ajax-loader-2x.gif\" border=0 src=\"data:image\/svg+xml;base64,PHN2ZyB3aWR0aD0iMSIgaGVpZ2h0PSIxIiB4bWxucz0iaHR0cDovL3d3dy53My5vcmcvMjAwMC9zdmciPjwvc3ZnPg==\" class=\"lazyload\" style=\"--smush-placeholder-width: 16px; --smush-placeholder-aspect-ratio: 16\/16;\" \/><\/p>\n<div class=\"pvc_clear\"><\/div>\n","protected":false},"excerpt":{"rendered":"<p>&nbsp;&nbsp;&nbsp;&nbsp;&nbsp; Voc\u00ea j\u00e1 se surpreendeu olhando o firmamento \u00e0 noite e se encantando com as estrelas? J\u00e1 parou para pensar para que existem tantos pontos luminosos no espa\u00e7o? Povos antigos, intrigados com a beleza e o brilho desses s\u00f3is, criaram lendas. Falavam que as estrelas eram got\u00edculas do suor do grande Criador. Ap\u00f3s realizar o&hellip; <br \/> <a class=\"read-more\" href=\"https:\/\/www.centronocaminhodaluz.com.br\/index.php\/artigo1062\/\">Leia mais<\/a><\/p>\n<div class=\"pvc_clear\"><\/div>\n<p id=\"pvc_stats_1062\" class=\"pvc_stats all  \" data-element-id=\"1062\" style=\"\"><i class=\"pvc-stats-icon medium\" aria-hidden=\"true\"><svg aria-hidden=\"true\" focusable=\"false\" data-prefix=\"far\" data-icon=\"chart-bar\" role=\"img\" xmlns=\"http:\/\/www.w3.org\/2000\/svg\" viewBox=\"0 0 512 512\" class=\"svg-inline--fa fa-chart-bar fa-w-16 fa-2x\"><path fill=\"currentColor\" d=\"M396.8 352h22.4c6.4 0 12.8-6.4 12.8-12.8V108.8c0-6.4-6.4-12.8-12.8-12.8h-22.4c-6.4 0-12.8 6.4-12.8 12.8v230.4c0 6.4 6.4 12.8 12.8 12.8zm-192 0h22.4c6.4 0 12.8-6.4 12.8-12.8V140.8c0-6.4-6.4-12.8-12.8-12.8h-22.4c-6.4 0-12.8 6.4-12.8 12.8v198.4c0 6.4 6.4 12.8 12.8 12.8zm96 0h22.4c6.4 0 12.8-6.4 12.8-12.8V204.8c0-6.4-6.4-12.8-12.8-12.8h-22.4c-6.4 0-12.8 6.4-12.8 12.8v134.4c0 6.4 6.4 12.8 12.8 12.8zM496 400H48V80c0-8.84-7.16-16-16-16H16C7.16 64 0 71.16 0 80v336c0 17.67 14.33 32 32 32h464c8.84 0 16-7.16 16-16v-16c0-8.84-7.16-16-16-16zm-387.2-48h22.4c6.4 0 12.8-6.4 12.8-12.8v-70.4c0-6.4-6.4-12.8-12.8-12.8h-22.4c-6.4 0-12.8 6.4-12.8 12.8v70.4c0 6.4 6.4 12.8 12.8 12.8z\" class=\"\"><\/path><\/svg><\/i> <img decoding=\"async\" width=\"16\" height=\"16\" alt=\"Loading\" data-src=\"https:\/\/www.centronocaminhodaluz.com.br\/wp-content\/plugins\/page-views-count\/ajax-loader-2x.gif\" border=0 src=\"data:image\/svg+xml;base64,PHN2ZyB3aWR0aD0iMSIgaGVpZ2h0PSIxIiB4bWxucz0iaHR0cDovL3d3dy53My5vcmcvMjAwMC9zdmciPjwvc3ZnPg==\" class=\"lazyload\" style=\"--smush-placeholder-width: 16px; --smush-placeholder-aspect-ratio: 16\/16;\" \/><\/p>\n<div class=\"pvc_clear\"><\/div>\n","protected":false},"author":1,"featured_media":0,"comment_status":"Closed","ping_status":"open","sticky":false,"template":"","format":"standard","meta":{"footnotes":""},"categories":[6],"tags":[],"class_list":["post-1062","post","type-post","status-publish","format-standard","hentry","category-joanna-de-angelis"],"a3_pvc":{"activated":true,"total_views":1977,"today_views":0},"_links":{"self":[{"href":"https:\/\/www.centronocaminhodaluz.com.br\/index.php\/wp-json\/wp\/v2\/posts\/1062","targetHints":{"allow":["GET"]}}],"collection":[{"href":"https:\/\/www.centronocaminhodaluz.com.br\/index.php\/wp-json\/wp\/v2\/posts"}],"about":[{"href":"https:\/\/www.centronocaminhodaluz.com.br\/index.php\/wp-json\/wp\/v2\/types\/post"}],"author":[{"embeddable":true,"href":"https:\/\/www.centronocaminhodaluz.com.br\/index.php\/wp-json\/wp\/v2\/users\/1"}],"replies":[{"embeddable":true,"href":"https:\/\/www.centronocaminhodaluz.com.br\/index.php\/wp-json\/wp\/v2\/comments?post=1062"}],"version-history":[{"count":0,"href":"https:\/\/www.centronocaminhodaluz.com.br\/index.php\/wp-json\/wp\/v2\/posts\/1062\/revisions"}],"wp:attachment":[{"href":"https:\/\/www.centronocaminhodaluz.com.br\/index.php\/wp-json\/wp\/v2\/media?parent=1062"}],"wp:term":[{"taxonomy":"category","embeddable":true,"href":"https:\/\/www.centronocaminhodaluz.com.br\/index.php\/wp-json\/wp\/v2\/categories?post=1062"},{"taxonomy":"post_tag","embeddable":true,"href":"https:\/\/www.centronocaminhodaluz.com.br\/index.php\/wp-json\/wp\/v2\/tags?post=1062"}],"curies":[{"name":"wp","href":"https:\/\/api.w.org\/{rel}","templated":true}]}}