{"id":10731,"date":"2011-04-14T00:00:00","date_gmt":"2011-04-14T00:00:00","guid":{"rendered":""},"modified":"2011-04-14T00:00:00","modified_gmt":"2011-04-14T00:00:00","slug":"artigo10731","status":"publish","type":"post","link":"https:\/\/www.centronocaminhodaluz.com.br\/index.php\/artigo10731\/","title":{"rendered":"TESTEMUNHO DA VERDADE"},"content":{"rendered":"<p>Livro em fase de conclus\u00e3o:<br \/>\n<br \/> O Retorno de Matheus \u009d.<br \/>\n<br \/>Nascer  \u201c Sofrer, Amar, Perdoar e SER Feliz.<br \/>\n<br \/>Autor: Roberto Luiz C.B. C dos Santos.<\/p>\n<p>Cap\u00edtulo: O TESTEMUNHO DA VERDADE<\/p>\n<p>Os transtornos progressivos origin\u00e1rios do pret\u00e9rito e desequil\u00edbrios causados se manifestaram no corpo f\u00edsico de Matheus que redundaram na enfermidade do s\u00e9culo que indubitavelmente \u00e9 a  depress\u00e3o \u009d. Esta, diagnosticada por renomados profissionais de sa\u00edde, psiquiatras, terapeutas e psic\u00f3logos que fizeram v\u00e1rias tentativas em v\u00e3o com vistas\u00e0 cura de Matheus, que na sua \u00f3tica de entendimento terreno, julga ter sido deflagrada a partir de junho de 1988 atrav\u00e9s da descoberta de leucemia que vitimou seu amado pai e amigo insepar\u00e1vel ano de 2001. Per\u00edodo este que concomitante ao acompanhamento da enfermidade e sofrimento do pai, somatizada\u00e0s diferen\u00e7as familiares sempre existentes, descambou em grav\u00edssimas contendas geradas pela obsess\u00e3o de alguns irm\u00e3os em proveito unilateral quanto ao patrim\u00f4nio consider\u00e1vel do esp\u00f3lio em detrimento dos demais herdeiros.<br \/>\n<br \/>Dez anos se passaram de forma conflituosa desde o falecimento do pai; e que ao longo dos anos foram de certa forma modificando as rela\u00e7\u00f5es da fam\u00edlia de Matheus. Na verdade foi ele, o que mais sucumbiu aos desleixos praticados por atitudes inconsequentes e equivocadas de alguns familiares. Isto em face de possuir o perfil de pessoa harmonizadora e dos esfor\u00e7os de fazer valer a justi\u00e7a para o equil\u00edbrio quanto ao direito universal e legal constitu\u00eddo de cada irm\u00e3o herdeiro.<br \/>\n<br \/>As consequ\u00eancias e desorganiza\u00e7\u00e3o na amplitude do SER de Matheus foram inevit\u00e1veis quanto aos pensamentos delet\u00e9rios, e sentimento que o fizeram ref\u00e9m desta circunst\u00e2ncia de impot\u00eancia em n\u00e3o poder resolver de forma exitosa e pac\u00edfica quanto\u00e0 heran\u00e7a do seu pai e antepassados.<br \/>\n<br \/>Em consequ\u00eancia deste sentimento de impot\u00eancia, afastou-se de Deus at\u00e9 ent\u00e3o pr\u00f3ximo, entregando-se ao des\u00e2nimo, revolta e ressentimentos que em consequ\u00eancia ofuscavam a LUZ do seu SER. Estudou e empenhou-se de forma determinada para contribuir com a justi\u00e7a e profissionais envolvidos na expectativa de que pudessem entender melhor o complexo e desorganizado processo de invent\u00e1rio. Esta tentativa embora reconhecida pelos magistrados como valiosa contribui\u00e7\u00e3o, careciam do profissional advogado comprometido com os mesmos prop\u00f3sitos para implement\u00e1-la, o que desencadeou mais transtornos ao sens\u00edvel e sofrido Matheus que j\u00e1 n\u00e3o confiava sequer na justi\u00e7a Divina, que dir\u00e1 a terrena.  Advogados diversos se esquivaram, sem justificativas, para represent\u00e1-lo. Concluiu em sua incipiente sapi\u00eancia de que o imbr\u00f3glio do lit\u00edgio processual n\u00e3o seria resolvido sem o apoio espiritual.<br \/>\n<br \/>Chegou a descobrir e concordar com a c\u00e9lebre frase de Ruy Barbosa, onde diz:  De tanto ver triunfar as nulidades; de tanto ver prosperar a desonra, de tanto ver crescer a injusti\u00e7a e de tanto ver agigantarem-se os poderes nas m\u00e3os dos maus, o homem chega a desanimar-se da virtude, a rir-se da honra e a ter vergonha de ser honesto \u009d. Parafraseando Ruy Barbosa, emendou:  Agiganta-se o PODER dos MAUS em coniventes injusti\u00e7as da JUSTI\u00c7A em detrimento dos sedentos do ordenamento jur\u00eddico \u009d. Mas, jamais me arrependerei de exemplificar a honra, dignidade e trabalho honesto. A  Justi\u00e7a e o tempo de Deus ser\u00e3o o fiel testemunho de minha f\u00e9 e grandeza do Homem que sou \u009d.<\/p>\n<p>Matheus na \u00e2nsia e desespero de reverter ou pelo menos minimizar a dor e o seu sofrimento causados pelas prova\u00e7\u00f5es a que est\u00e1 submetido no ultimo dec\u00eanio, recorre ao centroespirita@bomjardimnet.com.br solicitando auxilio e tratamento espiritual que imediatamente foi agendado pela gravidade da situa\u00e7\u00e3o para a madrugada do dia 01 de abril de 2011.<br \/>\n<br \/>Na expectativa do aux\u00edlio espiritual, reintegra-se com a leitura do Evangelho Segundo o Espiritismo escrita por Allan Kardec que havia deixado de lado, e surpreende-se ao abrir aleatoriamente na p\u00e1gina do cap\u00edtulo  Amem seus Inimigos \u009d.<br \/>\n<br \/>Inspirado pelos bons fluidos dos anjos tutelares socorristas aliado ao seu desejo de reintegrar-se a Deus, come\u00e7a a entender hipoteticamente, a origem dos agravos cometidos nesta encarna\u00e7\u00e3o e da necessidade da corrigenda de suas atitudes perante o misericordioso PAI e aos irm\u00e3os envolvidos nas rela\u00e7\u00f5es familiares conflituosas.<br \/>\n<br \/>O esclarecimento maior fez com que Matheus aceitasse as provas vivificadoras sem reclamar das pessoas e coisas que lhe serviam como instrumento para que estas fossem os objetos necess\u00e1rios para sua escalada evolutiva. Ao contr\u00e1rio do que vinha fazendo, deveria agradecer\u00e0queles que lhe ofereciam a oportunidade de testar sua paci\u00eancia, resigna\u00e7\u00e3o e f\u00e9 em Deus.<br \/>\n<br \/>Compreendeu que um esp\u00edrita, mesmo ne\u00f3fito como se considerava, n\u00e3o devesse jamais se ofender com os insultos de seus irm\u00e3os equivocados que da mesma forma que ele, exercitava suas experi\u00eancias para elevar-se evolutivamente no moral e espiritual neste plano terreno. Ainda, de que o ressentimento, a revolta e n\u00e3o confian\u00e7a no PAI Universal s\u00e3o est\u00edmulos para definh\u00e1-lo com consequ\u00eancias funestas de ordem ps\u00edquica e espiritual. Aceitou por fim, de que\u00e0quele que transgride a sabedoria Divina que tudo permite com justi\u00e7a, amor e bondade, s\u00e3o filhos do mesmo Pai, e, por conseguinte, tem na mesma propor\u00e7\u00e3o quanto ao filho ofensor e ofendido.<br \/>\n<br \/>Na leitura da descri\u00e7\u00e3o do  Ato de Submiss\u00e3o e de Resigna\u00e7\u00e3o \u009d foi fundamental para Matheus compreender, aceitar e mudar sua maneira de agir e reagir no bojo das experi\u00eancias que ora vive. \u00c3\u02c6 a transcri\u00e7\u00e3o do texto:<br \/>\n<br \/> Quando somos atingidos por uma afli\u00e7\u00e3o, na maioria das vezes a causa est\u00e1 em nossa pr\u00f3pria imprud\u00eancia, imprud\u00eancia, imprevid\u00eancia ou numa a\u00e7\u00e3o anterior. Assim devemos atribuir esta afli\u00e7\u00e3o somente a n\u00f3s mesmos. Se n\u00e3o temos participa\u00e7\u00e3o na causa de uma infelicidade, ou ela \u00e9 uma prova para essa vida, ou \u00e9 uma expia\u00e7\u00e3o por faltas cometidas em exist\u00eancias anteriores. Nesse caso, pela natureza da expia\u00e7\u00e3o podemos conhecer a natureza da falta, pois sempre somos punidos naquilo que pecamos \u009d.<br \/>\n<br \/>Nas afli\u00e7\u00f5es e prova\u00e7\u00f5es a que somos submetidos, vemos momentaneamente apenas o mal e n\u00e3o as consequ\u00eancias que este serve para nos fazer o bem. Assim, devemos suport\u00e1-las com coragem, resigna\u00e7\u00e3o submetendo-as\u00e0 vontade de Deus e n\u00e3o se esquecendo de sua m\u00e1xima  Bem aventurados os que sofrem porque \u00e9 deles o reino dos C\u00e9us \u009d.<br \/>\n<br \/>Envolto por essas sagradas leituras esclarecedoras, acendeu uma vela, colocou \u00e1gua numa jarra e copo e aguardou serenamente deitado o momento da visita espiritual que fora informado que ocorreria na madrugada sem especificar hor\u00e1rios.<br \/>\n<br \/>Adormeceu e \u00e1s 02h30min acordou um tanto preocupado sem saber se fora atendido. Pensou consigo: ser\u00e1 que eles vir\u00e3o mesmo? Um tanto c\u00e9tico, tentou dissimular sua ansiedade pela expectativa e retornou ao seu leito para aguardar o t\u00e3o esperado atendimento.<br \/>\n<br \/>\u00c3\u20acs 04h15min aproximadamente, \u00e9 despertado levemente pelo inc\u00f4modo que pensara ser uma mosca que caminhava a partir dos p\u00e9s em dire\u00e7\u00e3o\u00e0 sua cabe\u00e7a. Passou a m\u00e3o e nada encontrou. Ser\u00e1 meu Deus? Passou ainda c\u00e9tico novamente a m\u00e3o e sentiu a sensa\u00e7\u00e3o de uma corrente de energia, similar a um pequeno foco de luz de colora\u00e7\u00e3o azul vibrante com carga el\u00e9trica de pequena intensidade em campo magn\u00e9tico que percorria seu corpo de transmutando em seu SER energias revigoradoras visando\u00e0 melhoria necess\u00e1ria da sua sa\u00edde f\u00edsica, mental e espiritual, que juntas promove a prosperidade, bem-estar, harmonia e alegria.<br \/>\n<br \/>Foi quando percebeu que sua m\u00e3o n\u00e3o impedia o foco de energia de parar.<br \/>\n<br \/>Sentiu que a vibra\u00e7\u00e3o daquele pequenino foco de luz trilhava no tecido subcut\u00e2neo e ai se deu conta de que eram eles mesmos, os m\u00e9dicos espirituais!<br \/>\n<br \/> As l\u00e1grimas jorravam profusamente de alegria e aquietou-se envolvido pela inebriante sens\u00e7\u00e3o de bem estar por estar sendo  assistido por aqueles ANJOS socorristas que t\u00eam a nobre miss\u00e3o de servir aos irm\u00e3os que ora padeciam de enfermidades diversas no plano terreno. Amenizava a dor daqueles, como ele,equivocados pela compreens\u00e3o da Lei de Deus de que   a morte ou perda do casulo carnal \u00e9 apenas a ponte que liga-nos ao outro para plano de vida espiritual.<br \/>\n<br \/>Relaxou e deixou-se fluir no manancial de energias purificadoras. Continuou orando e agradecendo&#8230;.E assim, foi adormecendo aos poucos, sem saber se importar com o t\u00e9rmino do atendimento.<br \/>\n<br \/>Aproximadamente uma hora depois, em sonhos, vai visualizando o momento do seu tratamento.<br \/>\n<br \/>Estava ele sendo atendido no Hospital de Repara\u00e7\u00e3o Espiritual observando que todas as pessoas vestiam uniformes de cor branca. Adentrando a sala de recep\u00e7\u00e3o, encontrou Dr Doris m\u00e9dico excepcional que fora colega e amigo de seu pai e que havia falecido logo ap\u00f3s o Tonico como ele carinhosamente o chamava. Este manifestou um sorriso a Matheus como de costume  e o cumprimentou apertando-lhe a generosa m\u00e3o. Em seguida Matheus percebendo que estava no plano espiritual, dirige-se a uma enfermeira e diz: meu pai tamb\u00e9m foi um m\u00e9dico referencial , laborioso e maravilhoso no trato com seus pacientes.  A enfermeira contendo seu olhar furtivo pergunta o nome de seu pai. Ele prontamente responde: Dr. Antonio. Foi quando a enfermeira lan\u00e7ou-lhe um olhar que lhe apontava seguir a uma outra sala onde logo deparou-se nos bra\u00e7os do seu querido e amado pai que ansiava pela oportunidade de v\u00ea-lo, e ainda, de render-lhe a indubid\u00e1vel demonstra\u00e7\u00e3o de amor e de saudade.<br \/>\n<br \/>Estes momentos n\u00e3o h\u00e1 palavras para descrever a emo\u00e7\u00e3o daqueles que em vida foram fi\u00e9is ao amor que nutriam um pelo outro. L\u00e1grimas tornavam-se cachoeiras de alegria e contentamento.<br \/>\n<br \/>Matheus, ap\u00f3s abra\u00e7\u00e1-lo e beij\u00e1-lo e em prantos o agradece e lhe pede perd\u00e3o por t\u00ea-lo esquecido nas circunst\u00e2ncias em que enfrentava a tempestade de conflitos familiares origin\u00e1rios e consequentes do processo litigioso do seu invent\u00e1rio.<br \/>\n<br \/>O reencontro reascendeu o amor de Matheus pelo pai  e a Deus, permitindo dessa forma  o retorno\u00e0 compreens\u00e3o de que ningu\u00e9m morre sen\u00e3o nos cora\u00e7\u00f5es enrijecidos pela ignor\u00e2ncia da f\u00e9 em Deus que tudo rege com sabedoria.<br \/>\n<br \/>Ap\u00f3s o abra\u00e7o ao pai, Matheus visualiza-se, em outro momento, ele pr\u00f3prio dando o passe energizador\u00e0 sua irm\u00e3 Wanda vitima de acidente a\u00e9reo com mais quatro parentes; e logo ap\u00f3s, tamb\u00e9m concede um passe ao seu tio que ficara vi\u00edvo e perdara dois filhinhos em tenra idade no mesmo acidente.<br \/>\n<br \/>Em seguida Matheus desperta com semblante sereno e de coragem convencido de que a vida al\u00e9m da morte \u00e9 ver\u00eddica, e que aqueles que o precedeu na caminhada rumo ao plano espiritual, continuam vivos, trabalhando e amando-nos da mesma forma que antes. Dizendo e propalando aos seus amigos e familiares mais pr\u00f3ximos a narrativa desse bendito reencontro que com certeza, mudaria os rumos da vida de Matheus tornando-o mais d\u00f3cil frente\u00e0s vicissitudes da vida a qual todos n\u00f3s humanos passamos como prova para nos tornar-mos mais felizes e mais coerente com a d\u00e1diva da vida que Deus em sua infinita bondade nos presenteou.<\/p>\n<p>Dessa forma, Matheus retorna\u00e0s suas faculdades medi\u00ednicas que sempre lhe proporcionaram manifestar a coer\u00eancia de seus prop\u00f3sitos em converg\u00eancia com seus mentores tutelares e amados do al\u00e9m t\u00edmulo, embevecido na alegria e gratid\u00e3o aos seus antepassados e respeito\u00e0queles que ora lhe servem de aprimoramento evolutivo.<br \/>\n<br \/>Neste epis\u00f3dio opino que seja necess\u00e1rio e convicente que o leitor possa fazer uma reflex\u00e3o de suas atitudes de forma a n\u00e3o permitir que sentimentos t\u00e3o corriqueiros como a raiva, o \u00f3dio, ang\u00edstia, ressentimentos, revoltas, venham a acumular-se no SER, pois se assim deixar, transform\u00e1-los-\u00e1 em enfermidades e desequil\u00edbrios de todo ordem no corpo f\u00edsico, principalmente na enfermidade do s\u00e9culo  \u201c depress\u00e3o.<br \/>\n<\/p>\n<div class=\"pvc_clear\"><\/div>\n<p id=\"pvc_stats_10731\" class=\"pvc_stats all  \" data-element-id=\"10731\" style=\"\"><i class=\"pvc-stats-icon medium\" aria-hidden=\"true\"><svg aria-hidden=\"true\" focusable=\"false\" data-prefix=\"far\" data-icon=\"chart-bar\" role=\"img\" xmlns=\"http:\/\/www.w3.org\/2000\/svg\" viewBox=\"0 0 512 512\" class=\"svg-inline--fa fa-chart-bar fa-w-16 fa-2x\"><path fill=\"currentColor\" d=\"M396.8 352h22.4c6.4 0 12.8-6.4 12.8-12.8V108.8c0-6.4-6.4-12.8-12.8-12.8h-22.4c-6.4 0-12.8 6.4-12.8 12.8v230.4c0 6.4 6.4 12.8 12.8 12.8zm-192 0h22.4c6.4 0 12.8-6.4 12.8-12.8V140.8c0-6.4-6.4-12.8-12.8-12.8h-22.4c-6.4 0-12.8 6.4-12.8 12.8v198.4c0 6.4 6.4 12.8 12.8 12.8zm96 0h22.4c6.4 0 12.8-6.4 12.8-12.8V204.8c0-6.4-6.4-12.8-12.8-12.8h-22.4c-6.4 0-12.8 6.4-12.8 12.8v134.4c0 6.4 6.4 12.8 12.8 12.8zM496 400H48V80c0-8.84-7.16-16-16-16H16C7.16 64 0 71.16 0 80v336c0 17.67 14.33 32 32 32h464c8.84 0 16-7.16 16-16v-16c0-8.84-7.16-16-16-16zm-387.2-48h22.4c6.4 0 12.8-6.4 12.8-12.8v-70.4c0-6.4-6.4-12.8-12.8-12.8h-22.4c-6.4 0-12.8 6.4-12.8 12.8v70.4c0 6.4 6.4 12.8 12.8 12.8z\" class=\"\"><\/path><\/svg><\/i> <img decoding=\"async\" width=\"16\" height=\"16\" alt=\"Loading\" data-src=\"https:\/\/www.centronocaminhodaluz.com.br\/wp-content\/plugins\/page-views-count\/ajax-loader-2x.gif\" border=0 src=\"data:image\/svg+xml;base64,PHN2ZyB3aWR0aD0iMSIgaGVpZ2h0PSIxIiB4bWxucz0iaHR0cDovL3d3dy53My5vcmcvMjAwMC9zdmciPjwvc3ZnPg==\" class=\"lazyload\" style=\"--smush-placeholder-width: 16px; --smush-placeholder-aspect-ratio: 16\/16;\" \/><\/p>\n<div class=\"pvc_clear\"><\/div>\n","protected":false},"excerpt":{"rendered":"<p>Livro em fase de conclus\u00e3o: O Retorno de Matheus \u009d. Nascer \u201c Sofrer, Amar, Perdoar e SER Feliz. Autor: Roberto Luiz C.B. C dos Santos. Cap\u00edtulo: O TESTEMUNHO DA VERDADE Os transtornos progressivos origin\u00e1rios do pret\u00e9rito e desequil\u00edbrios causados se manifestaram no corpo f\u00edsico de Matheus que redundaram na enfermidade do s\u00e9culo que indubitavelmente \u00e9&hellip; <br \/> <a class=\"read-more\" href=\"https:\/\/www.centronocaminhodaluz.com.br\/index.php\/artigo10731\/\">Leia mais<\/a><\/p>\n<div class=\"pvc_clear\"><\/div>\n<p id=\"pvc_stats_10731\" class=\"pvc_stats all  \" data-element-id=\"10731\" style=\"\"><i class=\"pvc-stats-icon medium\" aria-hidden=\"true\"><svg aria-hidden=\"true\" focusable=\"false\" data-prefix=\"far\" data-icon=\"chart-bar\" role=\"img\" xmlns=\"http:\/\/www.w3.org\/2000\/svg\" viewBox=\"0 0 512 512\" class=\"svg-inline--fa fa-chart-bar fa-w-16 fa-2x\"><path fill=\"currentColor\" d=\"M396.8 352h22.4c6.4 0 12.8-6.4 12.8-12.8V108.8c0-6.4-6.4-12.8-12.8-12.8h-22.4c-6.4 0-12.8 6.4-12.8 12.8v230.4c0 6.4 6.4 12.8 12.8 12.8zm-192 0h22.4c6.4 0 12.8-6.4 12.8-12.8V140.8c0-6.4-6.4-12.8-12.8-12.8h-22.4c-6.4 0-12.8 6.4-12.8 12.8v198.4c0 6.4 6.4 12.8 12.8 12.8zm96 0h22.4c6.4 0 12.8-6.4 12.8-12.8V204.8c0-6.4-6.4-12.8-12.8-12.8h-22.4c-6.4 0-12.8 6.4-12.8 12.8v134.4c0 6.4 6.4 12.8 12.8 12.8zM496 400H48V80c0-8.84-7.16-16-16-16H16C7.16 64 0 71.16 0 80v336c0 17.67 14.33 32 32 32h464c8.84 0 16-7.16 16-16v-16c0-8.84-7.16-16-16-16zm-387.2-48h22.4c6.4 0 12.8-6.4 12.8-12.8v-70.4c0-6.4-6.4-12.8-12.8-12.8h-22.4c-6.4 0-12.8 6.4-12.8 12.8v70.4c0 6.4 6.4 12.8 12.8 12.8z\" class=\"\"><\/path><\/svg><\/i> <img decoding=\"async\" width=\"16\" height=\"16\" alt=\"Loading\" data-src=\"https:\/\/www.centronocaminhodaluz.com.br\/wp-content\/plugins\/page-views-count\/ajax-loader-2x.gif\" border=0 src=\"data:image\/svg+xml;base64,PHN2ZyB3aWR0aD0iMSIgaGVpZ2h0PSIxIiB4bWxucz0iaHR0cDovL3d3dy53My5vcmcvMjAwMC9zdmciPjwvc3ZnPg==\" class=\"lazyload\" style=\"--smush-placeholder-width: 16px; --smush-placeholder-aspect-ratio: 16\/16;\" \/><\/p>\n<div class=\"pvc_clear\"><\/div>\n","protected":false},"author":1,"featured_media":0,"comment_status":"Closed","ping_status":"open","sticky":false,"template":"","format":"standard","meta":{"footnotes":""},"categories":[16],"tags":[],"class_list":["post-10731","post","type-post","status-publish","format-standard","hentry","category-mensagens-diversas"],"a3_pvc":{"activated":true,"total_views":1178,"today_views":0},"_links":{"self":[{"href":"https:\/\/www.centronocaminhodaluz.com.br\/index.php\/wp-json\/wp\/v2\/posts\/10731","targetHints":{"allow":["GET"]}}],"collection":[{"href":"https:\/\/www.centronocaminhodaluz.com.br\/index.php\/wp-json\/wp\/v2\/posts"}],"about":[{"href":"https:\/\/www.centronocaminhodaluz.com.br\/index.php\/wp-json\/wp\/v2\/types\/post"}],"author":[{"embeddable":true,"href":"https:\/\/www.centronocaminhodaluz.com.br\/index.php\/wp-json\/wp\/v2\/users\/1"}],"replies":[{"embeddable":true,"href":"https:\/\/www.centronocaminhodaluz.com.br\/index.php\/wp-json\/wp\/v2\/comments?post=10731"}],"version-history":[{"count":0,"href":"https:\/\/www.centronocaminhodaluz.com.br\/index.php\/wp-json\/wp\/v2\/posts\/10731\/revisions"}],"wp:attachment":[{"href":"https:\/\/www.centronocaminhodaluz.com.br\/index.php\/wp-json\/wp\/v2\/media?parent=10731"}],"wp:term":[{"taxonomy":"category","embeddable":true,"href":"https:\/\/www.centronocaminhodaluz.com.br\/index.php\/wp-json\/wp\/v2\/categories?post=10731"},{"taxonomy":"post_tag","embeddable":true,"href":"https:\/\/www.centronocaminhodaluz.com.br\/index.php\/wp-json\/wp\/v2\/tags?post=10731"}],"curies":[{"name":"wp","href":"https:\/\/api.w.org\/{rel}","templated":true}]}}