{"id":10732,"date":"2011-04-14T00:00:00","date_gmt":"2011-04-14T00:00:00","guid":{"rendered":""},"modified":"2011-04-14T00:00:00","modified_gmt":"2011-04-14T00:00:00","slug":"artigo10732","status":"publish","type":"post","link":"https:\/\/www.centronocaminhodaluz.com.br\/index.php\/artigo10732\/","title":{"rendered":"RECADINHO DOS C\u00c9US"},"content":{"rendered":"<p>RECADINHO DOS C\u00c9US<br \/>\n<br \/>Meu amado filho,<\/p>\n<p>Que Deus o aben\u00e7oe!<\/p>\n<p>O tempo urge e a vida continua para todos n\u00f3s, n\u00e3o \u00e9 mesmo?.<br \/>\n<br \/>Os mentores espirituais benevolentes que me auxiliam na tarefa de promover  a solu\u00e7\u00e3o de minhas pend\u00eancias terrenas, permitem-nos o contato t\u00e3o esperado deste momento sagrado e imprescind\u00edvel para todos n\u00f3s.<br \/>\n<br \/>Meu filho assisto teu desespero e agonia em querer resolver o invent\u00e1rio com justi\u00e7a igualit\u00e1ria para todos. Tenho certeza de que teu objetivo \u00e9 apenas de proporcionar ao Jo\u00e3o Antonio e Luiz Ot\u00e1vio, e meus outros filhos menores, condi\u00e7\u00f5es de bem estar e de estudo tendo em vista que julgas estarem perdendo tempo.<br \/>\n<br \/>No entanto, preciso dizer-te que os fatos dos advogados estarem dificultando o tr\u00e2mite do processo e voc\u00eas n\u00e3o encontrarem um profissional com interesse, \u00e9 porque Deus em sua infinita sabedoria tem os motivos justific\u00e1veis que julga necess\u00e1rio para o aprendizado de todos. Mas, n\u00e3o se preocupem porque Deus \u00e9 justo \u00e9 ningu\u00e9m ficar\u00e1 impune pelos abusos cometidos e dos preju\u00edzos causados a outrem. Portanto, tenha f\u00e9 em sua justi\u00e7a e d\u00ea tempo ao Universo para colocar as coisas no seu devido lugar.<br \/>\n<br \/>N\u00e3o foi f\u00e1cil para eu aceitar tudo que est\u00e1 acontecendo sem me sentir culpado. A ajuda destes irm\u00e3os que ora me amparam, est\u00e3o sendo de grande valia para entender que tudo tem seu motivo de ser e de acontecer&#8230; Ainda, sofro em assistir tudo sem poder intervir como gostaria, mas agora me alicer\u00e7o na tua f\u00e9 em Deus, e assim adquiri mais confian\u00e7a em aceitar o desenrolar dos fatos sem ansiedade e sofrimento.<br \/>\n<br \/>Neste sentido \u00e9 que manifesto minha sugest\u00e3o de que voc\u00ea possa entender tamb\u00e9m de que tudo est\u00e1 se cumprindo como Deus determina. Portanto n\u00e3o se desespere e t\u00e3o pouco deixe de viver harmoniosamente com todos que de alguma forma participam de tua vida. Se n\u00e3o deu certo, \u00e9 porque n\u00e3o era pra dar por algum motivo que futuramente ter\u00e1s conhecimento.<br \/>\n<br \/>\u00c3\u02c6 preciso tamb\u00e9m aceitar e exercitar o sentimento de que todos s\u00e3o imperfeitos e de que vivem neste mundo de expia\u00e7\u00e3o em constante conflito nas provas di\u00e1rias que a vida imp\u00f5e como forma de amadurecimento espiritual, moral, profissional e religioso. Portanto, deves reconhecer e perdoar as fraquezas dos outros que ora vivenciam atribula\u00e7\u00f5es semelhantes\u00e0s tuas. Aceitar as dificuldades nesta \u00f3tica, \u00e9 sinal de progresso interior reconhecendo que temos nossas limita\u00e7\u00f5es e Deus para amparar-nos.<br \/>\n<br \/>Assim, manifesto reiteradamente para que procure ter mais f\u00e9 em Deus. N\u00e3o se desespere e nem se preocupe com o desenrolar dos fatos que o afligem.<br \/>\n<br \/>Entregue-os a Deus&#8230;<br \/>\n<br \/>Procure retornar\u00e0s suas faculdades medi\u00ednicas que fazem de ti um ser generoso, benevolente e especial para todos que o conhecem. Conectado a espiritualidade ter\u00e1s o equil\u00edbrio necess\u00e1rio para a auto-ajuda e aux\u00edlio ao pr\u00f3ximo que o tem como refer\u00eancia para aconselhamento e orienta\u00e7\u00e3o na vida.<br \/>\n<br \/>Meu filho, a preocupa\u00e7\u00e3o, ansiedade e falta de coragem para encarar os fatos \u00e9 sinal de covardia com o que Deus lhe concedeu  \u201c a vida. Encare com naturalidade cada degrau de dificuldade e prova\u00e7\u00e3o. \u00c3\u02c6 necess\u00e1rio aprender a viver com as diferen\u00e7as dos outros&#8230;. Todos somos diferentes em tudo. Se fossem iguais, n\u00e3o teria sentido estarem onde se encontram neste est\u00e1gio de melhoramento evolutivo. Mais uma vez, tenha paci\u00eancia e compaix\u00e3o de quem n\u00e3o det\u00e9m o grau de conhecimento como voc\u00ea. N\u00e3o entender dessa forma \u00e9 retroceder nos ensinamentos da espiritualidade.<br \/>\n<br \/>Saudoso de tua conviv\u00eancia agrade\u00e7o as preces e entendimento de minhas fraquezas terrenas e n\u00e3o se esque\u00e7a de que teu equil\u00edbrio me fortalece e me faz feliz onde me encontro.<br \/>\n<br \/>Minha eterna gratid\u00e3o e recomenda\u00e7\u00f5es a todos os familiares e amigos.<\/p>\n<p>Teu pai que n\u00e3o o esquece.<\/p>\n<p>Palmas, 26 de outubro de 2007<br \/>\n<\/p>\n<div class=\"pvc_clear\"><\/div>\n<p id=\"pvc_stats_10732\" class=\"pvc_stats all  \" data-element-id=\"10732\" style=\"\"><i class=\"pvc-stats-icon medium\" aria-hidden=\"true\"><svg aria-hidden=\"true\" focusable=\"false\" data-prefix=\"far\" data-icon=\"chart-bar\" role=\"img\" xmlns=\"http:\/\/www.w3.org\/2000\/svg\" viewBox=\"0 0 512 512\" class=\"svg-inline--fa fa-chart-bar fa-w-16 fa-2x\"><path fill=\"currentColor\" d=\"M396.8 352h22.4c6.4 0 12.8-6.4 12.8-12.8V108.8c0-6.4-6.4-12.8-12.8-12.8h-22.4c-6.4 0-12.8 6.4-12.8 12.8v230.4c0 6.4 6.4 12.8 12.8 12.8zm-192 0h22.4c6.4 0 12.8-6.4 12.8-12.8V140.8c0-6.4-6.4-12.8-12.8-12.8h-22.4c-6.4 0-12.8 6.4-12.8 12.8v198.4c0 6.4 6.4 12.8 12.8 12.8zm96 0h22.4c6.4 0 12.8-6.4 12.8-12.8V204.8c0-6.4-6.4-12.8-12.8-12.8h-22.4c-6.4 0-12.8 6.4-12.8 12.8v134.4c0 6.4 6.4 12.8 12.8 12.8zM496 400H48V80c0-8.84-7.16-16-16-16H16C7.16 64 0 71.16 0 80v336c0 17.67 14.33 32 32 32h464c8.84 0 16-7.16 16-16v-16c0-8.84-7.16-16-16-16zm-387.2-48h22.4c6.4 0 12.8-6.4 12.8-12.8v-70.4c0-6.4-6.4-12.8-12.8-12.8h-22.4c-6.4 0-12.8 6.4-12.8 12.8v70.4c0 6.4 6.4 12.8 12.8 12.8z\" class=\"\"><\/path><\/svg><\/i> <img decoding=\"async\" width=\"16\" height=\"16\" alt=\"Loading\" data-src=\"https:\/\/www.centronocaminhodaluz.com.br\/wp-content\/plugins\/page-views-count\/ajax-loader-2x.gif\" border=0 src=\"data:image\/svg+xml;base64,PHN2ZyB3aWR0aD0iMSIgaGVpZ2h0PSIxIiB4bWxucz0iaHR0cDovL3d3dy53My5vcmcvMjAwMC9zdmciPjwvc3ZnPg==\" class=\"lazyload\" style=\"--smush-placeholder-width: 16px; --smush-placeholder-aspect-ratio: 16\/16;\" \/><\/p>\n<div class=\"pvc_clear\"><\/div>\n","protected":false},"excerpt":{"rendered":"<p>RECADINHO DOS C\u00c9US Meu amado filho, Que Deus o aben\u00e7oe! O tempo urge e a vida continua para todos n\u00f3s, n\u00e3o \u00e9 mesmo?. Os mentores espirituais benevolentes que me auxiliam na tarefa de promover a solu\u00e7\u00e3o de minhas pend\u00eancias terrenas, permitem-nos o contato t\u00e3o esperado deste momento sagrado e imprescind\u00edvel para todos n\u00f3s. Meu filho&hellip; <br \/> <a class=\"read-more\" href=\"https:\/\/www.centronocaminhodaluz.com.br\/index.php\/artigo10732\/\">Leia mais<\/a><\/p>\n<div class=\"pvc_clear\"><\/div>\n<p id=\"pvc_stats_10732\" class=\"pvc_stats all  \" data-element-id=\"10732\" style=\"\"><i class=\"pvc-stats-icon medium\" aria-hidden=\"true\"><svg aria-hidden=\"true\" focusable=\"false\" data-prefix=\"far\" data-icon=\"chart-bar\" role=\"img\" xmlns=\"http:\/\/www.w3.org\/2000\/svg\" viewBox=\"0 0 512 512\" class=\"svg-inline--fa fa-chart-bar fa-w-16 fa-2x\"><path fill=\"currentColor\" d=\"M396.8 352h22.4c6.4 0 12.8-6.4 12.8-12.8V108.8c0-6.4-6.4-12.8-12.8-12.8h-22.4c-6.4 0-12.8 6.4-12.8 12.8v230.4c0 6.4 6.4 12.8 12.8 12.8zm-192 0h22.4c6.4 0 12.8-6.4 12.8-12.8V140.8c0-6.4-6.4-12.8-12.8-12.8h-22.4c-6.4 0-12.8 6.4-12.8 12.8v198.4c0 6.4 6.4 12.8 12.8 12.8zm96 0h22.4c6.4 0 12.8-6.4 12.8-12.8V204.8c0-6.4-6.4-12.8-12.8-12.8h-22.4c-6.4 0-12.8 6.4-12.8 12.8v134.4c0 6.4 6.4 12.8 12.8 12.8zM496 400H48V80c0-8.84-7.16-16-16-16H16C7.16 64 0 71.16 0 80v336c0 17.67 14.33 32 32 32h464c8.84 0 16-7.16 16-16v-16c0-8.84-7.16-16-16-16zm-387.2-48h22.4c6.4 0 12.8-6.4 12.8-12.8v-70.4c0-6.4-6.4-12.8-12.8-12.8h-22.4c-6.4 0-12.8 6.4-12.8 12.8v70.4c0 6.4 6.4 12.8 12.8 12.8z\" class=\"\"><\/path><\/svg><\/i> <img decoding=\"async\" width=\"16\" height=\"16\" alt=\"Loading\" data-src=\"https:\/\/www.centronocaminhodaluz.com.br\/wp-content\/plugins\/page-views-count\/ajax-loader-2x.gif\" border=0 src=\"data:image\/svg+xml;base64,PHN2ZyB3aWR0aD0iMSIgaGVpZ2h0PSIxIiB4bWxucz0iaHR0cDovL3d3dy53My5vcmcvMjAwMC9zdmciPjwvc3ZnPg==\" class=\"lazyload\" style=\"--smush-placeholder-width: 16px; --smush-placeholder-aspect-ratio: 16\/16;\" \/><\/p>\n<div class=\"pvc_clear\"><\/div>\n","protected":false},"author":1,"featured_media":0,"comment_status":"Closed","ping_status":"open","sticky":false,"template":"","format":"standard","meta":{"footnotes":""},"categories":[16],"tags":[],"class_list":["post-10732","post","type-post","status-publish","format-standard","hentry","category-mensagens-diversas"],"a3_pvc":{"activated":true,"total_views":605,"today_views":0},"_links":{"self":[{"href":"https:\/\/www.centronocaminhodaluz.com.br\/index.php\/wp-json\/wp\/v2\/posts\/10732","targetHints":{"allow":["GET"]}}],"collection":[{"href":"https:\/\/www.centronocaminhodaluz.com.br\/index.php\/wp-json\/wp\/v2\/posts"}],"about":[{"href":"https:\/\/www.centronocaminhodaluz.com.br\/index.php\/wp-json\/wp\/v2\/types\/post"}],"author":[{"embeddable":true,"href":"https:\/\/www.centronocaminhodaluz.com.br\/index.php\/wp-json\/wp\/v2\/users\/1"}],"replies":[{"embeddable":true,"href":"https:\/\/www.centronocaminhodaluz.com.br\/index.php\/wp-json\/wp\/v2\/comments?post=10732"}],"version-history":[{"count":0,"href":"https:\/\/www.centronocaminhodaluz.com.br\/index.php\/wp-json\/wp\/v2\/posts\/10732\/revisions"}],"wp:attachment":[{"href":"https:\/\/www.centronocaminhodaluz.com.br\/index.php\/wp-json\/wp\/v2\/media?parent=10732"}],"wp:term":[{"taxonomy":"category","embeddable":true,"href":"https:\/\/www.centronocaminhodaluz.com.br\/index.php\/wp-json\/wp\/v2\/categories?post=10732"},{"taxonomy":"post_tag","embeddable":true,"href":"https:\/\/www.centronocaminhodaluz.com.br\/index.php\/wp-json\/wp\/v2\/tags?post=10732"}],"curies":[{"name":"wp","href":"https:\/\/api.w.org\/{rel}","templated":true}]}}