{"id":10733,"date":"2011-04-14T00:00:00","date_gmt":"2011-04-14T00:00:00","guid":{"rendered":""},"modified":"2011-04-14T00:00:00","modified_gmt":"2011-04-14T00:00:00","slug":"artigo10733","status":"publish","type":"post","link":"https:\/\/www.centronocaminhodaluz.com.br\/index.php\/artigo10733\/","title":{"rendered":"Vacina"},"content":{"rendered":"<p>\n<br \/>Uma das quest\u00f5es que mais atraiu o m\u00e9dico Lucano, conhecido como Lucas, o Evangelista, ao ter contato com a Doutrina de Jesus, foram as curas.<br \/>\n<br \/>Por ser m\u00e9dico, por conhecer os seus limites, por ter tido experi\u00eancias de morte de pacientes aos seus cuidados, as curas de Jesus o maravilharam.<br \/>\n<br \/>Certamente por isso encontramos descri\u00e7\u00f5es de in\u00edmeras delas no seu Evangelho.<br \/>\n<br \/>\u00c9 ele que nos narra que, entrando Jesus em uma cidade chamada Naim, viu um defunto levado a sepultar.<br \/>\n<br \/>Filho \u00ednico de uma vi\u00edva. Movido de compaix\u00e3o, Jesus Se aproximou, tocou no esquife e ordenou: Jovem, Eu te digo, levanta-te.<br \/>\n<br \/>E o rapaz se sentou e come\u00e7ou a falar. Naturalmente, o jovem n\u00e3o estava morto, mas em sono let\u00e1rgico.<br \/>\n<br \/>Jesus tamb\u00e9m devolveu movimento a muitos paral\u00edticos. Mas, muito mais do que devolver movimentos a membros paralisados, Jesus Se preocupava com a paralisia da alma.<br \/>\n<br \/>Por isso afirmava que Ele n\u00e3o viera para os s\u00e3os, mas para os enfermos. E aos que curava, recomendava: Vai e n\u00e3o tornes a errar para que coisa pior n\u00e3o te aconte\u00e7a.<br \/>\n<br \/>Tinha cuidado para que as almas n\u00e3o ca\u00edssem em paralisia. Por isso toda Sua prega\u00e7\u00e3o \u00e9 de a\u00e7\u00e3o no bem, \u00e9 de movimento para se melhorar.<br \/>\n<br \/>Na Terra, conhecemos um extraordin\u00e1rio m\u00e9dico e pesquisador que muito se preocupou para que as pessoas n\u00e3o viessem a ficar paralisadas.<br \/>\n<br \/>Ele se chamou Albert Sabin e nasceu numa pequena aldeia polonesa, na \u00e9poca pertencente\u00e0 R\u00edssia. A persegui\u00e7\u00e3o russa contra os judeus fez com que sua fam\u00edlia emigrasse para os Estados Unidos em 1921.<br \/>\n<br \/>A adapta\u00e7\u00e3o foi dif\u00edcil em virtude da pobreza. Com a ajuda de um tio, Albert Sabin come\u00e7ou os estudos de Odontologia, mudando depois sua escolha para Medicina.<br \/>\n<br \/>Tornou-se pesquisador do Instituto Rockfeller de Pesquisas M\u00e9dicas, onde veio a demonstrar o crescimento do v\u00edrus da poliomielite em tecidos humanos. Posteriormente, comprovou a efic\u00e1cia de uma vacina oral contra o v\u00edrus.<br \/>\n<br \/>Em 1960, ap\u00f3s pesquisas conjuntas com cientistas de v\u00e1rios pa\u00edses, a vacina contra a poliomielite foi produzida oficialmente nos Estados Unidos. O doutor Albert Sabin tornou-se conhecido em todo o mundo.<br \/>\n<br \/>Seu nome foi dado a hospitais, escolas, institutos. N\u00e3o h\u00e1 quem tenha filhos e n\u00e3o agrade\u00e7a ao Dr. Albert Sabin, pela vacina contra a poliomielite. A gotinha salvadora.<br \/>\n<br \/>Em uma de suas v\u00e1rias visitas ao Brasil, recebeu do governo brasileiro, em 1967, a Gr\u00e3-Cruz do M\u00e9rito Nacional.<br \/>\n<br \/>*   *   *<br \/>\n<br \/>Ele libertou crian\u00e7as da paralisia dos membros. Jesus libertou as criaturas da paralisia da alma.<br \/>\n<br \/>Por isso, diz ao jovem: Levanta-te!<br \/>\n<br \/>E ao paral\u00edtico: Levanta, toma teu leito e anda!<br \/>\n<br \/>A\u00e7\u00e3o. Dinamismo. Convite a seguir em frente, sempre em frente.<br \/>\n<br \/>Jesus \u00e9 o Divino M\u00e9dico das nossas almas e nos convida a nos servirmos da vacina contra o mal, abra\u00e7ando a Sua Doutrina de amor.<br \/>\n<br \/>Seu \u00e9 o convite para que O sigamos, n\u00e3o permanecendo estagnados em posi\u00e7\u00f5es tolas de irreflex\u00e3o, de vingan\u00e7a.<br \/>\n<br \/>Eu sou o Caminho, a Verdade e a Vida, Ele nos diz.<br \/>\n<br \/>Ningu\u00e9m vai ao Pai sen\u00e3o por mim.<br \/>\n<br \/>Quem tem ouvidos de ouvir, ou\u00e7a!<br \/>\n<br \/>Ou\u00e7amo-lO e O sigamos.<\/p>\n<p>Reda\u00e7\u00e3o do Momento Esp\u00edrita, com dados biogr\u00e1ficos do Dr. Albert Sabin e anota\u00e7\u00f5es colhidas no Evangelho de Lucas, cap. 7, vers\u00edculo 14 e no Evangelho de Marcos, cap. 2, vers\u00edculos 10 e 11.<br \/>\n<br \/>Em 11.04.2011.<br \/>\n<\/p>\n<div class=\"pvc_clear\"><\/div>\n<p id=\"pvc_stats_10733\" class=\"pvc_stats all  \" data-element-id=\"10733\" style=\"\"><i class=\"pvc-stats-icon medium\" aria-hidden=\"true\"><svg aria-hidden=\"true\" focusable=\"false\" data-prefix=\"far\" data-icon=\"chart-bar\" role=\"img\" xmlns=\"http:\/\/www.w3.org\/2000\/svg\" viewBox=\"0 0 512 512\" class=\"svg-inline--fa fa-chart-bar fa-w-16 fa-2x\"><path fill=\"currentColor\" d=\"M396.8 352h22.4c6.4 0 12.8-6.4 12.8-12.8V108.8c0-6.4-6.4-12.8-12.8-12.8h-22.4c-6.4 0-12.8 6.4-12.8 12.8v230.4c0 6.4 6.4 12.8 12.8 12.8zm-192 0h22.4c6.4 0 12.8-6.4 12.8-12.8V140.8c0-6.4-6.4-12.8-12.8-12.8h-22.4c-6.4 0-12.8 6.4-12.8 12.8v198.4c0 6.4 6.4 12.8 12.8 12.8zm96 0h22.4c6.4 0 12.8-6.4 12.8-12.8V204.8c0-6.4-6.4-12.8-12.8-12.8h-22.4c-6.4 0-12.8 6.4-12.8 12.8v134.4c0 6.4 6.4 12.8 12.8 12.8zM496 400H48V80c0-8.84-7.16-16-16-16H16C7.16 64 0 71.16 0 80v336c0 17.67 14.33 32 32 32h464c8.84 0 16-7.16 16-16v-16c0-8.84-7.16-16-16-16zm-387.2-48h22.4c6.4 0 12.8-6.4 12.8-12.8v-70.4c0-6.4-6.4-12.8-12.8-12.8h-22.4c-6.4 0-12.8 6.4-12.8 12.8v70.4c0 6.4 6.4 12.8 12.8 12.8z\" class=\"\"><\/path><\/svg><\/i> <img decoding=\"async\" width=\"16\" height=\"16\" alt=\"Loading\" data-src=\"https:\/\/www.centronocaminhodaluz.com.br\/wp-content\/plugins\/page-views-count\/ajax-loader-2x.gif\" border=0 src=\"data:image\/svg+xml;base64,PHN2ZyB3aWR0aD0iMSIgaGVpZ2h0PSIxIiB4bWxucz0iaHR0cDovL3d3dy53My5vcmcvMjAwMC9zdmciPjwvc3ZnPg==\" class=\"lazyload\" style=\"--smush-placeholder-width: 16px; --smush-placeholder-aspect-ratio: 16\/16;\" \/><\/p>\n<div class=\"pvc_clear\"><\/div>\n","protected":false},"excerpt":{"rendered":"<p>Uma das quest\u00f5es que mais atraiu o m\u00e9dico Lucano, conhecido como Lucas, o Evangelista, ao ter contato com a Doutrina de Jesus, foram as curas. Por ser m\u00e9dico, por conhecer os seus limites, por ter tido experi\u00eancias de morte de pacientes aos seus cuidados, as curas de Jesus o maravilharam. Certamente por isso encontramos descri\u00e7\u00f5es&hellip; <br \/> <a class=\"read-more\" href=\"https:\/\/www.centronocaminhodaluz.com.br\/index.php\/artigo10733\/\">Leia mais<\/a><\/p>\n<div class=\"pvc_clear\"><\/div>\n<p id=\"pvc_stats_10733\" class=\"pvc_stats all  \" data-element-id=\"10733\" style=\"\"><i class=\"pvc-stats-icon medium\" aria-hidden=\"true\"><svg aria-hidden=\"true\" focusable=\"false\" data-prefix=\"far\" data-icon=\"chart-bar\" role=\"img\" xmlns=\"http:\/\/www.w3.org\/2000\/svg\" viewBox=\"0 0 512 512\" class=\"svg-inline--fa fa-chart-bar fa-w-16 fa-2x\"><path fill=\"currentColor\" d=\"M396.8 352h22.4c6.4 0 12.8-6.4 12.8-12.8V108.8c0-6.4-6.4-12.8-12.8-12.8h-22.4c-6.4 0-12.8 6.4-12.8 12.8v230.4c0 6.4 6.4 12.8 12.8 12.8zm-192 0h22.4c6.4 0 12.8-6.4 12.8-12.8V140.8c0-6.4-6.4-12.8-12.8-12.8h-22.4c-6.4 0-12.8 6.4-12.8 12.8v198.4c0 6.4 6.4 12.8 12.8 12.8zm96 0h22.4c6.4 0 12.8-6.4 12.8-12.8V204.8c0-6.4-6.4-12.8-12.8-12.8h-22.4c-6.4 0-12.8 6.4-12.8 12.8v134.4c0 6.4 6.4 12.8 12.8 12.8zM496 400H48V80c0-8.84-7.16-16-16-16H16C7.16 64 0 71.16 0 80v336c0 17.67 14.33 32 32 32h464c8.84 0 16-7.16 16-16v-16c0-8.84-7.16-16-16-16zm-387.2-48h22.4c6.4 0 12.8-6.4 12.8-12.8v-70.4c0-6.4-6.4-12.8-12.8-12.8h-22.4c-6.4 0-12.8 6.4-12.8 12.8v70.4c0 6.4 6.4 12.8 12.8 12.8z\" class=\"\"><\/path><\/svg><\/i> <img decoding=\"async\" width=\"16\" height=\"16\" alt=\"Loading\" data-src=\"https:\/\/www.centronocaminhodaluz.com.br\/wp-content\/plugins\/page-views-count\/ajax-loader-2x.gif\" border=0 src=\"data:image\/svg+xml;base64,PHN2ZyB3aWR0aD0iMSIgaGVpZ2h0PSIxIiB4bWxucz0iaHR0cDovL3d3dy53My5vcmcvMjAwMC9zdmciPjwvc3ZnPg==\" class=\"lazyload\" style=\"--smush-placeholder-width: 16px; --smush-placeholder-aspect-ratio: 16\/16;\" \/><\/p>\n<div class=\"pvc_clear\"><\/div>\n","protected":false},"author":1,"featured_media":0,"comment_status":"Closed","ping_status":"open","sticky":false,"template":"","format":"standard","meta":{"footnotes":""},"categories":[16],"tags":[],"class_list":["post-10733","post","type-post","status-publish","format-standard","hentry","category-mensagens-diversas"],"a3_pvc":{"activated":true,"total_views":2760,"today_views":0},"_links":{"self":[{"href":"https:\/\/www.centronocaminhodaluz.com.br\/index.php\/wp-json\/wp\/v2\/posts\/10733","targetHints":{"allow":["GET"]}}],"collection":[{"href":"https:\/\/www.centronocaminhodaluz.com.br\/index.php\/wp-json\/wp\/v2\/posts"}],"about":[{"href":"https:\/\/www.centronocaminhodaluz.com.br\/index.php\/wp-json\/wp\/v2\/types\/post"}],"author":[{"embeddable":true,"href":"https:\/\/www.centronocaminhodaluz.com.br\/index.php\/wp-json\/wp\/v2\/users\/1"}],"replies":[{"embeddable":true,"href":"https:\/\/www.centronocaminhodaluz.com.br\/index.php\/wp-json\/wp\/v2\/comments?post=10733"}],"version-history":[{"count":0,"href":"https:\/\/www.centronocaminhodaluz.com.br\/index.php\/wp-json\/wp\/v2\/posts\/10733\/revisions"}],"wp:attachment":[{"href":"https:\/\/www.centronocaminhodaluz.com.br\/index.php\/wp-json\/wp\/v2\/media?parent=10733"}],"wp:term":[{"taxonomy":"category","embeddable":true,"href":"https:\/\/www.centronocaminhodaluz.com.br\/index.php\/wp-json\/wp\/v2\/categories?post=10733"},{"taxonomy":"post_tag","embeddable":true,"href":"https:\/\/www.centronocaminhodaluz.com.br\/index.php\/wp-json\/wp\/v2\/tags?post=10733"}],"curies":[{"name":"wp","href":"https:\/\/api.w.org\/{rel}","templated":true}]}}