{"id":10804,"date":"2011-05-19T00:00:00","date_gmt":"2011-05-19T00:00:00","guid":{"rendered":""},"modified":"2011-05-19T00:00:00","modified_gmt":"2011-05-19T00:00:00","slug":"artigo10804","status":"publish","type":"post","link":"https:\/\/www.centronocaminhodaluz.com.br\/index.php\/artigo10804\/","title":{"rendered":"Livro: Amor Imbat\u00edvel Amor:  Cap\u00edtulo 40-ALGOZES PSICOL\u00c3\u201cGICOS"},"content":{"rendered":"<p><\/p>\n<div align=left><em><br \/>        O processo da evolu\u00e7\u00e3o \u00e2ntropo-sociol\u00f3gica do ser humano n\u00e3o se fez acompanhar pelo desenvolvi\u00c2\u00admento psicol\u00f3gico, que deveria, pelo contr\u00e1rio, pre\u00c2\u00adced\u00ea-lo.<br \/>        Sendo um ser essencialmente constitu\u00eddo pela ener\u00c2\u00adgia pensante, ela teria predomin\u00e2ncia no comportamen\u00c2\u00adto, imprimindo suas necessidades mais vigorosas, que se transfeririam para o c\u00e9rebro, por ela modelado, pas\u00c2\u00adsando a conduzir a maquinaria f\u00edsica, como consequ\u00c2\u00ad\u00eancia das suas express\u00f5es psicol\u00f3gicas. N\u00e3o obstante, em raz\u00e3o da sua estrutura original, simples, destitu\u00edda de complexidades, esse desabrochar de valores torna\u00c2\u00adse lento, fixando cada conquista, de forma que a pr\u00f3xi\u00c2\u00adma se ap\u00f3ie na anterior que lhe passa a constituir ali\u00c2\u00adcerce ps\u00edquico.<br \/>        Os sentimentos, por isso mesmo, surgem, a pouco e pouco, arrebentando a concha na qual se aprisionam em lat\u00eancia, apresentando-se como impulsos e tend\u00eancias que se comportar\u00e3o no futuro como h\u00e1bitos estru\u00c2\u00adturados, formadores de novos campos vibrat\u00f3rios a se tornarem a\u00e7\u00e3o.<br \/>O desconhecimento de determinadas experi\u00eancias inibem-no psicologicamente, permitindo que verdadei\u00c2\u00adros algozes psicol\u00f3gicos tomem campo no comporta\u00c2\u00admento, que se transformam em conflitos perturbado\u00c2\u00adres, inibidores, trabalhando para a forma\u00e7\u00e3o de exis\u00c2\u00adt\u00eancias fragmentadas.<br \/>\u00c3\u20acs vezes se apresentam dif\u00edceis de remo\u00e7\u00e3o imedi\u00c2\u00adata, exigindo terapia demorada e grande esfor\u00e7o do seu portador, caso esteja realmente interessado na conquis\u00c2\u00adta da sa\u00edde emocional.<br \/>Ao inv\u00e9s de assim agir, pelo contr\u00e1rio, o indiv\u00edduo refugia-se na dist\u00e2ncia, evitando compromissos sociais e emocionais que acredita n\u00e3o saber administrar, tor\u00c2\u00adnando a situa\u00e7\u00e3o mais complexa na raz\u00e3o direta em que evita os contatos saud\u00e1veis, que podem arranc\u00e1-lo da situa\u00e7\u00e3o alienante.<br \/>Desequipado de coragem e de est\u00edmulos para ven\u00c2\u00adcer-se e superar os algozes, mais se aflige, reflexionan\u00c2\u00addo negativamente, e deixando-se embalar pelas m\u00f3rbi\u00c2\u00addas id\u00e9ias da autocomisera\u00e7\u00e3o ou da revolta, da auto-puni\u00e7\u00e3o ou do pessimismo, que passam a constituir-lhe companheiros constantes da conduta interior, que externa como amargura, inseguran\u00e7a, mal-estar.<br \/>Os mecanismos da evolu\u00e7\u00e3o constituem for\u00e7a pro\u00c2\u00adpulsionadora do desenvolvimento dos germes que dor\u00c2\u00admem em lat\u00eancia, aguardando os fatores propiciat\u00f3ri\u00c2\u00ados ao seu desempenho.<br \/>A princ\u00edpio, de forma incipiente, depois com mais vigor, por fim, com espontaneidade, que se torna ca\u00c2\u00adracter\u00edstica da personalidade, abrindo mais espa\u00e7os  <br \/>para a aquisi\u00e7\u00e3o dos valores mais elevados da inteli\u00c2\u00adg\u00eancia e do sentimento.<br \/>Para a efici\u00eancia do af\u00e3 deve ser empreendida uma bem direcionada luta interior, firmada em prop\u00f3sitos de relev\u00e2ncia em rela\u00e7\u00e3o ao futuro, e de supera\u00e7\u00e3o das marcas do passado.<br \/>A constitui\u00e7\u00e3o de cada indiv\u00edduo mant\u00e9m os sinais de todo o processo de crescimento, tal como ocorre com todos os seres em a Natureza.<br \/>Na bot\u00e2nica, a cor das folhas e flores, o sabor dos frutos, mesmo que da mesma esp\u00e9cie, expressam as caracter\u00edsticas do solo no qual se encontram. O mesmo ocorre entre os animais, que s\u00e3o resultado das condi\u00c2\u00ad\u00e7\u00f5es clim\u00e1ticas e ambientais, da alimenta\u00e7\u00e3o e do trata\u00c2\u00admento que recebem, variando de express\u00f5es conforme os lugares onde se movimentam.<br \/>Muitos caracteres psicol\u00f3gicos t\u00eam a ver com os fatores mesol\u00f3gicos e suas implica\u00e7\u00f5es na conduta.<br \/>Assim, os algozes psicol\u00f3gicos que afetam a um expressivo n\u00edmero de pessoas, aguardam decis\u00e3o e aju\u00c2\u00adda para arrebentarem as suas amarras retentivas, que impedem a plenifica\u00e7\u00e3o da criatura.<br \/><\/em><\/div>\n<p><strong><\/p>\n<div align=center> Joana de \u00c3\u201angelis &#8211; Psicografado por Divaldo franco<\/div>\n<p><\/strong> <\/p>\n<div class=\"pvc_clear\"><\/div>\n<p id=\"pvc_stats_10804\" class=\"pvc_stats all  \" data-element-id=\"10804\" style=\"\"><i class=\"pvc-stats-icon medium\" aria-hidden=\"true\"><svg aria-hidden=\"true\" focusable=\"false\" data-prefix=\"far\" data-icon=\"chart-bar\" role=\"img\" xmlns=\"http:\/\/www.w3.org\/2000\/svg\" viewBox=\"0 0 512 512\" class=\"svg-inline--fa fa-chart-bar fa-w-16 fa-2x\"><path fill=\"currentColor\" d=\"M396.8 352h22.4c6.4 0 12.8-6.4 12.8-12.8V108.8c0-6.4-6.4-12.8-12.8-12.8h-22.4c-6.4 0-12.8 6.4-12.8 12.8v230.4c0 6.4 6.4 12.8 12.8 12.8zm-192 0h22.4c6.4 0 12.8-6.4 12.8-12.8V140.8c0-6.4-6.4-12.8-12.8-12.8h-22.4c-6.4 0-12.8 6.4-12.8 12.8v198.4c0 6.4 6.4 12.8 12.8 12.8zm96 0h22.4c6.4 0 12.8-6.4 12.8-12.8V204.8c0-6.4-6.4-12.8-12.8-12.8h-22.4c-6.4 0-12.8 6.4-12.8 12.8v134.4c0 6.4 6.4 12.8 12.8 12.8zM496 400H48V80c0-8.84-7.16-16-16-16H16C7.16 64 0 71.16 0 80v336c0 17.67 14.33 32 32 32h464c8.84 0 16-7.16 16-16v-16c0-8.84-7.16-16-16-16zm-387.2-48h22.4c6.4 0 12.8-6.4 12.8-12.8v-70.4c0-6.4-6.4-12.8-12.8-12.8h-22.4c-6.4 0-12.8 6.4-12.8 12.8v70.4c0 6.4 6.4 12.8 12.8 12.8z\" class=\"\"><\/path><\/svg><\/i> <img decoding=\"async\" width=\"16\" height=\"16\" alt=\"Loading\" data-src=\"https:\/\/www.centronocaminhodaluz.com.br\/wp-content\/plugins\/page-views-count\/ajax-loader-2x.gif\" border=0 src=\"data:image\/svg+xml;base64,PHN2ZyB3aWR0aD0iMSIgaGVpZ2h0PSIxIiB4bWxucz0iaHR0cDovL3d3dy53My5vcmcvMjAwMC9zdmciPjwvc3ZnPg==\" class=\"lazyload\" style=\"--smush-placeholder-width: 16px; --smush-placeholder-aspect-ratio: 16\/16;\" \/><\/p>\n<div class=\"pvc_clear\"><\/div>\n","protected":false},"excerpt":{"rendered":"<p>O processo da evolu\u00e7\u00e3o \u00e2ntropo-sociol\u00f3gica do ser humano n\u00e3o se fez acompanhar pelo desenvolvi\u00c2\u00admento psicol\u00f3gico, que deveria, pelo contr\u00e1rio, pre\u00c2\u00adced\u00ea-lo. Sendo um ser essencialmente constitu\u00eddo pela ener\u00c2\u00adgia pensante, ela teria predomin\u00e2ncia no comportamen\u00c2\u00adto, imprimindo suas necessidades mais vigorosas, que se transfeririam para o c\u00e9rebro, por ela modelado, pas\u00c2\u00adsando a conduzir a maquinaria f\u00edsica, como consequ\u00c2\u00ad\u00eancia&hellip; <br \/> <a class=\"read-more\" href=\"https:\/\/www.centronocaminhodaluz.com.br\/index.php\/artigo10804\/\">Leia mais<\/a><\/p>\n<div class=\"pvc_clear\"><\/div>\n<p id=\"pvc_stats_10804\" class=\"pvc_stats all  \" data-element-id=\"10804\" style=\"\"><i class=\"pvc-stats-icon medium\" aria-hidden=\"true\"><svg aria-hidden=\"true\" focusable=\"false\" data-prefix=\"far\" data-icon=\"chart-bar\" role=\"img\" xmlns=\"http:\/\/www.w3.org\/2000\/svg\" viewBox=\"0 0 512 512\" class=\"svg-inline--fa fa-chart-bar fa-w-16 fa-2x\"><path fill=\"currentColor\" d=\"M396.8 352h22.4c6.4 0 12.8-6.4 12.8-12.8V108.8c0-6.4-6.4-12.8-12.8-12.8h-22.4c-6.4 0-12.8 6.4-12.8 12.8v230.4c0 6.4 6.4 12.8 12.8 12.8zm-192 0h22.4c6.4 0 12.8-6.4 12.8-12.8V140.8c0-6.4-6.4-12.8-12.8-12.8h-22.4c-6.4 0-12.8 6.4-12.8 12.8v198.4c0 6.4 6.4 12.8 12.8 12.8zm96 0h22.4c6.4 0 12.8-6.4 12.8-12.8V204.8c0-6.4-6.4-12.8-12.8-12.8h-22.4c-6.4 0-12.8 6.4-12.8 12.8v134.4c0 6.4 6.4 12.8 12.8 12.8zM496 400H48V80c0-8.84-7.16-16-16-16H16C7.16 64 0 71.16 0 80v336c0 17.67 14.33 32 32 32h464c8.84 0 16-7.16 16-16v-16c0-8.84-7.16-16-16-16zm-387.2-48h22.4c6.4 0 12.8-6.4 12.8-12.8v-70.4c0-6.4-6.4-12.8-12.8-12.8h-22.4c-6.4 0-12.8 6.4-12.8 12.8v70.4c0 6.4 6.4 12.8 12.8 12.8z\" class=\"\"><\/path><\/svg><\/i> <img decoding=\"async\" width=\"16\" height=\"16\" alt=\"Loading\" data-src=\"https:\/\/www.centronocaminhodaluz.com.br\/wp-content\/plugins\/page-views-count\/ajax-loader-2x.gif\" border=0 src=\"data:image\/svg+xml;base64,PHN2ZyB3aWR0aD0iMSIgaGVpZ2h0PSIxIiB4bWxucz0iaHR0cDovL3d3dy53My5vcmcvMjAwMC9zdmciPjwvc3ZnPg==\" class=\"lazyload\" style=\"--smush-placeholder-width: 16px; --smush-placeholder-aspect-ratio: 16\/16;\" \/><\/p>\n<div class=\"pvc_clear\"><\/div>\n","protected":false},"author":1,"featured_media":0,"comment_status":"Closed","ping_status":"open","sticky":false,"template":"","format":"standard","meta":{"footnotes":""},"categories":[16],"tags":[],"class_list":["post-10804","post","type-post","status-publish","format-standard","hentry","category-mensagens-diversas"],"a3_pvc":{"activated":true,"total_views":1113,"today_views":0},"_links":{"self":[{"href":"https:\/\/www.centronocaminhodaluz.com.br\/index.php\/wp-json\/wp\/v2\/posts\/10804","targetHints":{"allow":["GET"]}}],"collection":[{"href":"https:\/\/www.centronocaminhodaluz.com.br\/index.php\/wp-json\/wp\/v2\/posts"}],"about":[{"href":"https:\/\/www.centronocaminhodaluz.com.br\/index.php\/wp-json\/wp\/v2\/types\/post"}],"author":[{"embeddable":true,"href":"https:\/\/www.centronocaminhodaluz.com.br\/index.php\/wp-json\/wp\/v2\/users\/1"}],"replies":[{"embeddable":true,"href":"https:\/\/www.centronocaminhodaluz.com.br\/index.php\/wp-json\/wp\/v2\/comments?post=10804"}],"version-history":[{"count":0,"href":"https:\/\/www.centronocaminhodaluz.com.br\/index.php\/wp-json\/wp\/v2\/posts\/10804\/revisions"}],"wp:attachment":[{"href":"https:\/\/www.centronocaminhodaluz.com.br\/index.php\/wp-json\/wp\/v2\/media?parent=10804"}],"wp:term":[{"taxonomy":"category","embeddable":true,"href":"https:\/\/www.centronocaminhodaluz.com.br\/index.php\/wp-json\/wp\/v2\/categories?post=10804"},{"taxonomy":"post_tag","embeddable":true,"href":"https:\/\/www.centronocaminhodaluz.com.br\/index.php\/wp-json\/wp\/v2\/tags?post=10804"}],"curies":[{"name":"wp","href":"https:\/\/api.w.org\/{rel}","templated":true}]}}