{"id":10852,"date":"2011-07-14T00:00:00","date_gmt":"2011-07-14T00:00:00","guid":{"rendered":""},"modified":"2011-07-14T00:00:00","modified_gmt":"2011-07-14T00:00:00","slug":"artigo10852","status":"publish","type":"post","link":"https:\/\/www.centronocaminhodaluz.com.br\/index.php\/artigo10852\/","title":{"rendered":"Livro: Amor Imbat\u00edvel Amor:  Cap\u00edtulo 48-S\u00c3\u008dNDROME DE P\u00c3\u201aNICO"},"content":{"rendered":"<p><\/p>\n<div align=left><em><br \/>Em 1980 foi estabelecido como sendo uma enti\u00c2\u00addade espec\u00edfica, diferente de outros transtornos de ansiedade, aquele que passou a ser denominado como s\u00edndrome de p\u00e2nico, ou melhor elucidando, como transtorno de p\u00e2nico, em raz\u00e3o de suas carac\u00c2\u00adter\u00edsticas serem diferentes dos conhecidos dist\u00edrbi\u00c2\u00ados.<br \/>A designa\u00e7\u00e3o tem origem no deus Pan, da Mito\u00c2\u00adlogia grega, caracterizado pela sua fealdade e forma grotesca, parte homem, parte cabra, e que se com\u00c2\u00adprazia em assustar as pessoas que se acercavam do seu habitat, nas montanhas da Arc\u00e1dia, provocando-lhes o medo.<br \/>Durante muito tempo, esse dist\u00edrbio foi desig\u00c2\u00adnado indevidamente como ansiedade, s\u00edndrome de despersonaliza\u00e7\u00e3o, ansiedade de separa\u00e7\u00e3o, psicas\u00c2\u00adtenha, hipocondria, histeria, depress\u00e3o at\u00edpica, ago\u00c2\u00adrafobia, at\u00e9 ser estudado devidamente por Sigmund Freud, ao descrever uma crise t\u00edpica de p\u00e2nico em uma jovem nos Alpes Su\u00ed\u00e7os. Anteriormente, duran\u00c2\u00adte a guerra franco-austr\u00edaca de 1871, o Dr. Marion Da Costa examinou pacientes que voltavam do cam\u00c2\u00adpo de batalha apresentando terr\u00edveis comportamen\u00c2\u00adtos psicol\u00f3gicos, com crises de ansiedade, insegu\u00c2\u00adran\u00e7a, medo, diarr\u00e9ia, vertigens e ataques, entre outros sintomas, e que foram denominados como cora\u00e7\u00e3o irrit\u00e1vel, por fim tornando-se conhecido como S\u00edndrome de Da Costa, pela valiosa contri\u00c2\u00adbui\u00e7\u00e3o que ele ofereceu ao seu estudo e terapia.<br \/>A s\u00edndrome de p\u00e2nico pode ocorrer de um para outro momento e atinge qualquer indiv\u00edduo, parti\u00c2\u00adcularmente entre os 10 a 40 anos de idade, alcan\u00e7an\u00c2\u00addo, na atualidade, expressivo \u00edndice de v\u00edtimas, que oscilam entre 1% e 2% da popula\u00e7\u00e3o em geral.<br \/>Na atualidade apresenta-se com alta incid\u00eancia, levando grande n\u00edmero de pacientes a afli\u00e7\u00f5es ino\u00c2\u00admin\u00e1veis.<br \/>Existem fatores que desencadeiam, agravam ou atenuam essa ocorr\u00eancia e podem ser catalogados como f\u00edsicos e psicol\u00f3gicos.<br \/>J\u00e1 n\u00e3o se pode mais considerar como respons\u00e1\u00c2\u00advel pelos dist\u00edrbios mentais e psicol\u00f3gicos uma cau\u00c2\u00adsa un\u00edvoca, por\u00e9m, uma s\u00e9rie de fatores predispo\u00c2\u00adnentes como ambientais, especialmente no de p\u00e2ni\u00c2\u00adco.<br \/>Entre os primeiros se destacam os da hereditari\u00c2\u00adedade, que se responsabilizam pela fragilidade ps\u00ed\u00c2\u00adquica e pela ansiedade de separa\u00e7\u00e3o. Tais fatores gen\u00e9ticos facultam o desencadear da predisposi\u00e7\u00e3o biol\u00f3gica para a instala\u00e7\u00e3o do dist\u00edrbio de p\u00e2nico. Por outro lado, os conflitos infantis, geradores de inseguran\u00e7a e ansiedade, facultam o campo h\u00e1bil para a instala\u00e7\u00e3o do p\u00e2nico, quando se d\u00e1 qualquer ocorr\u00eancia direta ou indireta, que se responsabiliza pelo desencadeamento da crise.<br \/>Acredita-se que a responsabilidade b\u00e1sica esteja no excesso de serotonina sobre o Sistema Nervoso Central, podendo ser controlada a crise mediante aplica\u00e7\u00e3o de drogas espec\u00edficas tais clonazepam, n\u00e3o obstante ainda seja desconhecido o efeito produzido em rela\u00e7\u00e3o a esse neuro-receptor.<br \/>O surto ou crise \u00e9 de efeitos alarmantes, por transmitir uma sensa\u00e7\u00e3o de morte, gerando pavor e desespero, que n\u00e3o cedem facilmente.<br \/>A utiliza\u00e7\u00e3o de palavras gentis, os cuidados ver\u00c2\u00adbais e emocionais com o paciente n\u00e3o operam o re\u00c2\u00adsultado desejado, em raz\u00e3o da disfun\u00e7\u00e3o org\u00e2nica, que faculta a instala\u00e7\u00e3o da ocorr\u00eancia, embora con\u00c2\u00adtribuam para fortalecer no enfermo a esperan\u00e7a de recupera\u00e7\u00e3o e poder trabalhar-se o psiquismo de forma positiva, que minora a sucess\u00e3o dos epis\u00f3dios devastadores.<br \/>N\u00e3o raro, o paciente, desestruturado emocionalmente e vitimado pela sucess\u00e3o das crises, pode de\u00c2\u00adsenvolver um estado profundo de agorafobia ou der\u00c2\u00adrapar em alcoolismo, toxicomania, como evas\u00f5es do problema, que mais o agravam, sem d\u00edvida.<br \/>\u00c9 uma doen\u00e7a que se instala com mais frequ\u00ean\u00c2\u00adcia na mulher, embora ocorra tamb\u00e9m no homem, e n\u00e3o se trata de um problema exclusivamente con\u00c2\u00adtempor\u00e2neo, resultado do estresse dos dias atuais, em raz\u00e3o de ser conhecida desde a Gr\u00e9cia antiga, havendo sido, isto sim, melhor identificada mais recentemente, podendo ser curada com cuidadoso tratamento psiqui\u00e1trico ou psicol\u00f3gico, desde que o paciente se lhe submeta com tranquilidade e sem a pressa que costuma acompanhar alguns processos de recupera\u00e7\u00e3o da sa\u00edde mental.<br \/>O dist\u00edrbio de p\u00e2nico encontra-se enraizado no ser que desconsiderou as Soberanas Leis e se reen\u00c2\u00adcarna com predisposi\u00e7\u00e3o fisiol\u00f3gica, imprimindo nos gens a necessidade da repara\u00e7\u00e3o dos delitos transa\u00c2\u00adtos que permaneceram sem justa retifica\u00e7\u00e3o, porque desconhecidos da Justi\u00e7a humana, jamais por\u00e9m, da divina e da pr\u00f3pria consci\u00eancia do infrator. Por isso mesmo, o portador de dist\u00edrbio de p\u00e2nico n\u00e3o trans\u00c2\u00adfere por hereditariedade necessariamente a predis\u00c2\u00adposi\u00e7\u00e3o aos seus descendentes, podendo, ele pr\u00f3prio n\u00e3o ter antecessor nos familiares com essa disfun\u00e7\u00e3o expl\u00edcita.<br \/>Indispens\u00e1vel esclarecer que, embora a gravida\u00c2\u00adde da crise, o dist\u00edrbio de p\u00e2nico n\u00e3o leva o pacien\u00c2\u00adte\u00e0 desencarna\u00e7\u00e3o, apesar de dar-lhe essa estranha e dolorosa sensa\u00e7\u00e3o.<\/p>\n<p><\/em><\/div>\n<p><strong><\/p>\n<div align=center> Joana de \u00c3\u201angelis &#8211; Psicografado por Divaldo franco<\/div>\n<p><\/strong> <\/p>\n<div class=\"pvc_clear\"><\/div>\n<p id=\"pvc_stats_10852\" class=\"pvc_stats all  \" data-element-id=\"10852\" style=\"\"><i class=\"pvc-stats-icon medium\" aria-hidden=\"true\"><svg aria-hidden=\"true\" focusable=\"false\" data-prefix=\"far\" data-icon=\"chart-bar\" role=\"img\" xmlns=\"http:\/\/www.w3.org\/2000\/svg\" viewBox=\"0 0 512 512\" class=\"svg-inline--fa fa-chart-bar fa-w-16 fa-2x\"><path fill=\"currentColor\" d=\"M396.8 352h22.4c6.4 0 12.8-6.4 12.8-12.8V108.8c0-6.4-6.4-12.8-12.8-12.8h-22.4c-6.4 0-12.8 6.4-12.8 12.8v230.4c0 6.4 6.4 12.8 12.8 12.8zm-192 0h22.4c6.4 0 12.8-6.4 12.8-12.8V140.8c0-6.4-6.4-12.8-12.8-12.8h-22.4c-6.4 0-12.8 6.4-12.8 12.8v198.4c0 6.4 6.4 12.8 12.8 12.8zm96 0h22.4c6.4 0 12.8-6.4 12.8-12.8V204.8c0-6.4-6.4-12.8-12.8-12.8h-22.4c-6.4 0-12.8 6.4-12.8 12.8v134.4c0 6.4 6.4 12.8 12.8 12.8zM496 400H48V80c0-8.84-7.16-16-16-16H16C7.16 64 0 71.16 0 80v336c0 17.67 14.33 32 32 32h464c8.84 0 16-7.16 16-16v-16c0-8.84-7.16-16-16-16zm-387.2-48h22.4c6.4 0 12.8-6.4 12.8-12.8v-70.4c0-6.4-6.4-12.8-12.8-12.8h-22.4c-6.4 0-12.8 6.4-12.8 12.8v70.4c0 6.4 6.4 12.8 12.8 12.8z\" class=\"\"><\/path><\/svg><\/i> <img decoding=\"async\" width=\"16\" height=\"16\" alt=\"Loading\" data-src=\"https:\/\/www.centronocaminhodaluz.com.br\/wp-content\/plugins\/page-views-count\/ajax-loader-2x.gif\" border=0 src=\"data:image\/svg+xml;base64,PHN2ZyB3aWR0aD0iMSIgaGVpZ2h0PSIxIiB4bWxucz0iaHR0cDovL3d3dy53My5vcmcvMjAwMC9zdmciPjwvc3ZnPg==\" class=\"lazyload\" style=\"--smush-placeholder-width: 16px; --smush-placeholder-aspect-ratio: 16\/16;\" \/><\/p>\n<div class=\"pvc_clear\"><\/div>\n","protected":false},"excerpt":{"rendered":"<p>Em 1980 foi estabelecido como sendo uma enti\u00c2\u00addade espec\u00edfica, diferente de outros transtornos de ansiedade, aquele que passou a ser denominado como s\u00edndrome de p\u00e2nico, ou melhor elucidando, como transtorno de p\u00e2nico, em raz\u00e3o de suas carac\u00c2\u00adter\u00edsticas serem diferentes dos conhecidos dist\u00edrbi\u00c2\u00ados.A designa\u00e7\u00e3o tem origem no deus Pan, da Mito\u00c2\u00adlogia grega, caracterizado pela sua fealdade&hellip; <br \/> <a class=\"read-more\" href=\"https:\/\/www.centronocaminhodaluz.com.br\/index.php\/artigo10852\/\">Leia mais<\/a><\/p>\n<div class=\"pvc_clear\"><\/div>\n<p id=\"pvc_stats_10852\" class=\"pvc_stats all  \" data-element-id=\"10852\" style=\"\"><i class=\"pvc-stats-icon medium\" aria-hidden=\"true\"><svg aria-hidden=\"true\" focusable=\"false\" data-prefix=\"far\" data-icon=\"chart-bar\" role=\"img\" xmlns=\"http:\/\/www.w3.org\/2000\/svg\" viewBox=\"0 0 512 512\" class=\"svg-inline--fa fa-chart-bar fa-w-16 fa-2x\"><path fill=\"currentColor\" d=\"M396.8 352h22.4c6.4 0 12.8-6.4 12.8-12.8V108.8c0-6.4-6.4-12.8-12.8-12.8h-22.4c-6.4 0-12.8 6.4-12.8 12.8v230.4c0 6.4 6.4 12.8 12.8 12.8zm-192 0h22.4c6.4 0 12.8-6.4 12.8-12.8V140.8c0-6.4-6.4-12.8-12.8-12.8h-22.4c-6.4 0-12.8 6.4-12.8 12.8v198.4c0 6.4 6.4 12.8 12.8 12.8zm96 0h22.4c6.4 0 12.8-6.4 12.8-12.8V204.8c0-6.4-6.4-12.8-12.8-12.8h-22.4c-6.4 0-12.8 6.4-12.8 12.8v134.4c0 6.4 6.4 12.8 12.8 12.8zM496 400H48V80c0-8.84-7.16-16-16-16H16C7.16 64 0 71.16 0 80v336c0 17.67 14.33 32 32 32h464c8.84 0 16-7.16 16-16v-16c0-8.84-7.16-16-16-16zm-387.2-48h22.4c6.4 0 12.8-6.4 12.8-12.8v-70.4c0-6.4-6.4-12.8-12.8-12.8h-22.4c-6.4 0-12.8 6.4-12.8 12.8v70.4c0 6.4 6.4 12.8 12.8 12.8z\" class=\"\"><\/path><\/svg><\/i> <img decoding=\"async\" width=\"16\" height=\"16\" alt=\"Loading\" data-src=\"https:\/\/www.centronocaminhodaluz.com.br\/wp-content\/plugins\/page-views-count\/ajax-loader-2x.gif\" border=0 src=\"data:image\/svg+xml;base64,PHN2ZyB3aWR0aD0iMSIgaGVpZ2h0PSIxIiB4bWxucz0iaHR0cDovL3d3dy53My5vcmcvMjAwMC9zdmciPjwvc3ZnPg==\" class=\"lazyload\" style=\"--smush-placeholder-width: 16px; --smush-placeholder-aspect-ratio: 16\/16;\" \/><\/p>\n<div class=\"pvc_clear\"><\/div>\n","protected":false},"author":1,"featured_media":0,"comment_status":"Closed","ping_status":"open","sticky":false,"template":"","format":"standard","meta":{"footnotes":""},"categories":[16],"tags":[],"class_list":["post-10852","post","type-post","status-publish","format-standard","hentry","category-mensagens-diversas"],"a3_pvc":{"activated":true,"total_views":681,"today_views":0},"_links":{"self":[{"href":"https:\/\/www.centronocaminhodaluz.com.br\/index.php\/wp-json\/wp\/v2\/posts\/10852","targetHints":{"allow":["GET"]}}],"collection":[{"href":"https:\/\/www.centronocaminhodaluz.com.br\/index.php\/wp-json\/wp\/v2\/posts"}],"about":[{"href":"https:\/\/www.centronocaminhodaluz.com.br\/index.php\/wp-json\/wp\/v2\/types\/post"}],"author":[{"embeddable":true,"href":"https:\/\/www.centronocaminhodaluz.com.br\/index.php\/wp-json\/wp\/v2\/users\/1"}],"replies":[{"embeddable":true,"href":"https:\/\/www.centronocaminhodaluz.com.br\/index.php\/wp-json\/wp\/v2\/comments?post=10852"}],"version-history":[{"count":0,"href":"https:\/\/www.centronocaminhodaluz.com.br\/index.php\/wp-json\/wp\/v2\/posts\/10852\/revisions"}],"wp:attachment":[{"href":"https:\/\/www.centronocaminhodaluz.com.br\/index.php\/wp-json\/wp\/v2\/media?parent=10852"}],"wp:term":[{"taxonomy":"category","embeddable":true,"href":"https:\/\/www.centronocaminhodaluz.com.br\/index.php\/wp-json\/wp\/v2\/categories?post=10852"},{"taxonomy":"post_tag","embeddable":true,"href":"https:\/\/www.centronocaminhodaluz.com.br\/index.php\/wp-json\/wp\/v2\/tags?post=10852"}],"curies":[{"name":"wp","href":"https:\/\/api.w.org\/{rel}","templated":true}]}}