{"id":10906,"date":"2011-08-25T00:00:00","date_gmt":"2011-08-25T00:00:00","guid":{"rendered":""},"modified":"2011-08-25T00:00:00","modified_gmt":"2011-08-25T00:00:00","slug":"artigo10906","status":"publish","type":"post","link":"https:\/\/www.centronocaminhodaluz.com.br\/index.php\/artigo10906\/","title":{"rendered":"Evangelho Segundo o Espiritismo  Parte 112"},"content":{"rendered":"<div align=left><em><strong>INSTRU\u00c7\u00d5ES DOS ESP\u00c3\u008dRITOS<BR><BR>O DEVER<BR><BR>7. O dever \u00e9 a obriga\u00e7\u00e3o moral da criatura para consigo mesma, primeiro, e, em seguida, para com os outros. O dever \u00e9 a lei da vida. Com ele deparamos nas mais \u00ednfimas particularidades, como nos atos mais elevados. Quero aqui falar apenas do dever moral e n\u00e3o do dever que as profiss\u00f5es imp\u00f5em. <BR><BR>Na ordem dos sentimentos, o dever \u00e9 muito dif\u00edcil de cumprir-se, por se achar em antagonismo com as atra\u00e7\u00f5es do interesse e do cora\u00e7\u00e3o. N\u00e3o t\u00eam testemunhas as suas vit\u00f3rias e n\u00e3o est\u00e3o sujeitas\u00e0 repress\u00e3o suas derrotas. O dever \u00edntimo do homem fica entregue ao seu livre-arb\u00edtrio. O aguilh\u00e3o da consci\u00eancia, guardi\u00e3o da probidade interior, o adverte e sustenta, mas, muitas vezes, mostra-se impotente diante dos sofismas da paix\u00e3o. Fielmente observado, o dever do cora\u00e7\u00e3o eleva o homem, como determin\u00e1-lo, por\u00e9m, com exatid\u00e3o? Onde come\u00e7a ele? onde termina? O dever principia, para cada um de v\u00f3s, exatamente no ponto em que amea\u00e7ais a felicidade ou a tranquilidade do vosso pr\u00f3ximo, acaba no limite que n\u00e3o desejais ningu\u00e9m transponha com rela\u00e7\u00e3o a v\u00f3s. <BR><BR>Deus criou todos os homens iguais para a dor. Pequenos ou grandes, ignorantes ou instru\u00eddos, sofrem todos pelas mesmas causas, a fim de que cada um julgue em s\u00e3 consci\u00eancia o mal que pode fazer. Com rela\u00e7\u00e3o ao bem, infinitamente v\u00e1rio nas suas express\u00f5es, n\u00e3o \u00e9 o mesmo o crit\u00e9rio. A igualdade em face da dor \u00e9 uma sublime provid\u00eancia de Deus, que quer que todos os seus filhos, instru\u00eddos pela experi\u00eancia comum, n\u00e3o pratiquem o mal, alegando ignor\u00e2ncia de seus efeitos. <BR><BR>O dever \u00e9 o resumo pr\u00e1tico de todas as especula\u00e7\u00f5es morais, \u00e9 uma bravura da alma que enfrenta as ang\u00edstias da luta, \u00e9 austero e brando, pronto a dobrar-se\u00e0s mais diversas complica\u00e7\u00f5es, conserva-se inflex\u00edvel diante das suas tenta\u00e7\u00f5es. O homem que cumpre o seu dever ama a Deus mais do que as criaturas e ama as criaturas mais do que a si mesmo. E a um tempo juiz e escravo em causa pr\u00f3pria. <BR><BR>O dever \u00e9 o mais belo  laurel  da  raz\u00e3o,  descende   desta  como  de  sua  m\u00e3e  o  filho.   O homem tem de amar o dever, n\u00e3o porque preserve de males a vida, males aos quais a Humanidade n\u00e3o pode subtrair-se, mas porque confere\u00e0 alma o vigor necess\u00e1rio ao seu desenvolvimento. <BR><BR>O dever cresce e irradia sob mais elevada forma, em cada um dos est\u00e1gios superiores da Humanidade. Jamais cessa a obriga\u00e7\u00e3o moral da criatura para com Deus. Tem esta de refletir as virtudes do Eterno, que n\u00e3o aceita esbo\u00e7os imperfeitos, porque quer que a beleza da sua obra resplande\u00e7a a seus pr\u00f3prios olhos.  L\u00e1zaro. (Paris, 1863.) <BR><BR><\/strong><\/em><\/div>\n<div class=\"pvc_clear\"><\/div>\n<p id=\"pvc_stats_10906\" class=\"pvc_stats all  \" data-element-id=\"10906\" style=\"\"><i class=\"pvc-stats-icon medium\" aria-hidden=\"true\"><svg aria-hidden=\"true\" focusable=\"false\" data-prefix=\"far\" data-icon=\"chart-bar\" role=\"img\" xmlns=\"http:\/\/www.w3.org\/2000\/svg\" viewBox=\"0 0 512 512\" class=\"svg-inline--fa fa-chart-bar fa-w-16 fa-2x\"><path fill=\"currentColor\" d=\"M396.8 352h22.4c6.4 0 12.8-6.4 12.8-12.8V108.8c0-6.4-6.4-12.8-12.8-12.8h-22.4c-6.4 0-12.8 6.4-12.8 12.8v230.4c0 6.4 6.4 12.8 12.8 12.8zm-192 0h22.4c6.4 0 12.8-6.4 12.8-12.8V140.8c0-6.4-6.4-12.8-12.8-12.8h-22.4c-6.4 0-12.8 6.4-12.8 12.8v198.4c0 6.4 6.4 12.8 12.8 12.8zm96 0h22.4c6.4 0 12.8-6.4 12.8-12.8V204.8c0-6.4-6.4-12.8-12.8-12.8h-22.4c-6.4 0-12.8 6.4-12.8 12.8v134.4c0 6.4 6.4 12.8 12.8 12.8zM496 400H48V80c0-8.84-7.16-16-16-16H16C7.16 64 0 71.16 0 80v336c0 17.67 14.33 32 32 32h464c8.84 0 16-7.16 16-16v-16c0-8.84-7.16-16-16-16zm-387.2-48h22.4c6.4 0 12.8-6.4 12.8-12.8v-70.4c0-6.4-6.4-12.8-12.8-12.8h-22.4c-6.4 0-12.8 6.4-12.8 12.8v70.4c0 6.4 6.4 12.8 12.8 12.8z\" class=\"\"><\/path><\/svg><\/i> <img decoding=\"async\" width=\"16\" height=\"16\" alt=\"Loading\" data-src=\"https:\/\/www.centronocaminhodaluz.com.br\/wp-content\/plugins\/page-views-count\/ajax-loader-2x.gif\" border=0 src=\"data:image\/svg+xml;base64,PHN2ZyB3aWR0aD0iMSIgaGVpZ2h0PSIxIiB4bWxucz0iaHR0cDovL3d3dy53My5vcmcvMjAwMC9zdmciPjwvc3ZnPg==\" class=\"lazyload\" style=\"--smush-placeholder-width: 16px; --smush-placeholder-aspect-ratio: 16\/16;\" \/><\/p>\n<div class=\"pvc_clear\"><\/div>\n","protected":false},"excerpt":{"rendered":"<p>INSTRU\u00c7\u00d5ES DOS ESP\u00c3\u008dRITOSO DEVER7. O dever \u00e9 a obriga\u00e7\u00e3o moral da criatura para consigo mesma, primeiro, e, em seguida, para com os outros. O dever \u00e9 a lei da vida. Com ele deparamos nas mais \u00ednfimas particularidades, como nos atos mais elevados. Quero aqui falar apenas do dever moral e n\u00e3o do dever que as&hellip; <br \/> <a class=\"read-more\" href=\"https:\/\/www.centronocaminhodaluz.com.br\/index.php\/artigo10906\/\">Leia mais<\/a><\/p>\n<div class=\"pvc_clear\"><\/div>\n<p id=\"pvc_stats_10906\" class=\"pvc_stats all  \" data-element-id=\"10906\" style=\"\"><i class=\"pvc-stats-icon medium\" aria-hidden=\"true\"><svg aria-hidden=\"true\" focusable=\"false\" data-prefix=\"far\" data-icon=\"chart-bar\" role=\"img\" xmlns=\"http:\/\/www.w3.org\/2000\/svg\" viewBox=\"0 0 512 512\" class=\"svg-inline--fa fa-chart-bar fa-w-16 fa-2x\"><path fill=\"currentColor\" d=\"M396.8 352h22.4c6.4 0 12.8-6.4 12.8-12.8V108.8c0-6.4-6.4-12.8-12.8-12.8h-22.4c-6.4 0-12.8 6.4-12.8 12.8v230.4c0 6.4 6.4 12.8 12.8 12.8zm-192 0h22.4c6.4 0 12.8-6.4 12.8-12.8V140.8c0-6.4-6.4-12.8-12.8-12.8h-22.4c-6.4 0-12.8 6.4-12.8 12.8v198.4c0 6.4 6.4 12.8 12.8 12.8zm96 0h22.4c6.4 0 12.8-6.4 12.8-12.8V204.8c0-6.4-6.4-12.8-12.8-12.8h-22.4c-6.4 0-12.8 6.4-12.8 12.8v134.4c0 6.4 6.4 12.8 12.8 12.8zM496 400H48V80c0-8.84-7.16-16-16-16H16C7.16 64 0 71.16 0 80v336c0 17.67 14.33 32 32 32h464c8.84 0 16-7.16 16-16v-16c0-8.84-7.16-16-16-16zm-387.2-48h22.4c6.4 0 12.8-6.4 12.8-12.8v-70.4c0-6.4-6.4-12.8-12.8-12.8h-22.4c-6.4 0-12.8 6.4-12.8 12.8v70.4c0 6.4 6.4 12.8 12.8 12.8z\" class=\"\"><\/path><\/svg><\/i> <img decoding=\"async\" width=\"16\" height=\"16\" alt=\"Loading\" data-src=\"https:\/\/www.centronocaminhodaluz.com.br\/wp-content\/plugins\/page-views-count\/ajax-loader-2x.gif\" border=0 src=\"data:image\/svg+xml;base64,PHN2ZyB3aWR0aD0iMSIgaGVpZ2h0PSIxIiB4bWxucz0iaHR0cDovL3d3dy53My5vcmcvMjAwMC9zdmciPjwvc3ZnPg==\" class=\"lazyload\" style=\"--smush-placeholder-width: 16px; --smush-placeholder-aspect-ratio: 16\/16;\" \/><\/p>\n<div class=\"pvc_clear\"><\/div>\n","protected":false},"author":1,"featured_media":0,"comment_status":"Closed","ping_status":"open","sticky":false,"template":"","format":"standard","meta":{"footnotes":""},"categories":[7],"tags":[],"class_list":["post-10906","post","type-post","status-publish","format-standard","hentry","category-evangelho"],"a3_pvc":{"activated":true,"total_views":2199,"today_views":0},"_links":{"self":[{"href":"https:\/\/www.centronocaminhodaluz.com.br\/index.php\/wp-json\/wp\/v2\/posts\/10906","targetHints":{"allow":["GET"]}}],"collection":[{"href":"https:\/\/www.centronocaminhodaluz.com.br\/index.php\/wp-json\/wp\/v2\/posts"}],"about":[{"href":"https:\/\/www.centronocaminhodaluz.com.br\/index.php\/wp-json\/wp\/v2\/types\/post"}],"author":[{"embeddable":true,"href":"https:\/\/www.centronocaminhodaluz.com.br\/index.php\/wp-json\/wp\/v2\/users\/1"}],"replies":[{"embeddable":true,"href":"https:\/\/www.centronocaminhodaluz.com.br\/index.php\/wp-json\/wp\/v2\/comments?post=10906"}],"version-history":[{"count":0,"href":"https:\/\/www.centronocaminhodaluz.com.br\/index.php\/wp-json\/wp\/v2\/posts\/10906\/revisions"}],"wp:attachment":[{"href":"https:\/\/www.centronocaminhodaluz.com.br\/index.php\/wp-json\/wp\/v2\/media?parent=10906"}],"wp:term":[{"taxonomy":"category","embeddable":true,"href":"https:\/\/www.centronocaminhodaluz.com.br\/index.php\/wp-json\/wp\/v2\/categories?post=10906"},{"taxonomy":"post_tag","embeddable":true,"href":"https:\/\/www.centronocaminhodaluz.com.br\/index.php\/wp-json\/wp\/v2\/tags?post=10906"}],"curies":[{"name":"wp","href":"https:\/\/api.w.org\/{rel}","templated":true}]}}