{"id":1093,"date":"2014-01-22T11:24:00","date_gmt":"2014-01-22T11:24:00","guid":{"rendered":"http:\/\/www.centronocaminhodaluz.com.br\/index.php\/2014\/01\/22\/um-liquido-precioso\/"},"modified":"2014-01-22T11:24:00","modified_gmt":"2014-01-22T11:24:00","slug":"artigo1093","status":"publish","type":"post","link":"https:\/\/www.centronocaminhodaluz.com.br\/index.php\/artigo1093\/","title":{"rendered":"Um l\u00edquido precioso"},"content":{"rendered":"<p><a name=more><\/a>   <br \/>Francisco de Assis, referindo-se a ela, em sublime alegria, entoou a can\u00e7\u00e3o de amor e fraternidade, o C\u00e2ntico das Criaturas, nos seguintes versos:  <\/p>\n<p>S\u00ea louvado, Senhor, pela irm\u00e3 \u00e1gua t\u00e3o \u00fatil, t\u00e3o humilde, preciosa e casta.  <\/p>\n<p>Louvai, agradecei e bendizei ao Senhor. E a Ele servi com grande humildade e amor.  <\/p>\n<p>Nestes dias em que estamos sendo alertados do problema da escassez de \u00e1gua pot\u00e1vel no mundo, devido ao aumento da popula\u00e7\u00e3o mundial e a degrada\u00e7\u00e3o do meio ambiente, os versos do suave cantor de Assis nos levam a meditar.  <\/p>\n<p>Temos dispon\u00edvel hoje apenas 3% de todo o manancial existente na Terra e, com certeza, \u00e9 necess\u00e1rio preservar o l\u00edquido precioso, a linfa que mant\u00e9m a vida.  <\/p>\n<p>Diante da escassez da \u00e1gua doce no planeta, lembremos que o amor a Deus significa o respeito e a a\u00e7\u00e3o preservadora da vida em todas as suas express\u00f5es.  <\/p>\n<p>Somos respons\u00e1veis pela    natureza, n\u00e3o a agredindo, antes contribuindo para o seu desenvolvimento e harmonia, expressando assim o amor que coopera com a obra Divina.  <\/p>\n<p>Deus criou a \u00e1gua pura e cristalina e esse l\u00edquido brilha em nossos caminhos fomentando a vida.  <\/p>\n<p>A \u00e1gua representa 60% do nosso peso corporal. Ela \u00e9 t\u00e3o importante que a perda de 20% do conte\u00fado do l\u00edquido acarreta a morte.  <\/p>\n<p>Esse precioso l\u00edquido serve tamb\u00e9m como regulador da temperatura de nosso corpo e uma de suas propriedades mais caracter\u00edsticas \u00e9 a de dissolver numerosas subst\u00e2ncias formando solu\u00e7\u00f5es.  <\/p>\n<p>A \u00e1gua \u00e9 um bem Divino. O mar equilibra a nossa moradia planet\u00e1ria.  Gra\u00e7as \u00e0s chuvas regulares, desenvolve-se a agricultura e vivem as plantas, os vegetais, os animais, nutrindo-nos a pr\u00f3pria vida.  <\/p>\n<p>Os rios s\u00e3o fonte de organiza\u00e7\u00e3o das cidades. O aparecimento de povoados e cidades sempre esteve ligado \u00e0 presen\u00e7a da \u00e1gua.  <\/p>\n<p>Verificando a Hist\u00f3ria, constataremos que o Imp\u00e9rio romano de    h\u00e1 dois mil anos j\u00e1 conhecia e se utilizava das \u00e1guas minerais para tratamento de seus males. H\u00e1bito que foi resgatado no S\u00e9culo XIX, pelos ingleses, a partir do que foram feitas tamb\u00e9m pesquisas cient\u00edficas sobre a efic\u00e1cia dessas \u00e1guas minerais.  <\/p>\n<p>Por tudo isso, pensemos na beleza das \u00e1guas, meditando num c\u00f3rrego em festa, num lago de azul sereno, numa fonte cantante e aben\u00e7oemos a linfa preciosa com gratid\u00e3o.  <\/p>\n<p>Unamo-nos \u00e0 voz do autor de o C\u00e2ntico das Criaturas, agradecendo a Deus pela d\u00e1diva da chuva, das cascatas que se lan\u00e7am de grandes alturas, dos filetes de \u00e1gua que logo mais se transformar\u00e3o em riachos abundantes de vida.  <\/p>\n<p>S\u00ea louvado, Senhor, pela irm\u00e3 \u00e1gua t\u00e3o \u00fatil, t\u00e3o humilde, preciosa e casta.  <\/p>\n<p>Voc\u00ea sabia?  <\/p>\n<p>Voc\u00ea sabia que a \u00e1gua \u00e9 dos mais poderosos ve\u00edculos para os fluidos de qualquer natureza?  <\/p>\n<p>E voc\u00ea sabia que em nossas m\u00e3os ela pode se tornar alimento de amor?  <\/p>\n<p>Quando algu\u00e9m nos pedir um copo d\u00e1gua par   a saciar a sede, podemos colocar nela, atrav\u00e9s de nossas vibra\u00e7\u00f5es, uma ben\u00e9fica transfus\u00e3o de vida, sa\u00fade e paz.  <\/p>\n<p>Por isso mesmo Jesus nos disse: Qualquer que tiver dado s\u00f3 que seja um copo d\u00e1gua fria, por ser meu disc\u00edpulo, em verdade vos digo que, de modo algum, perder\u00e1 a sua recompensa.  <\/p>\n<p>Reda\u00e7\u00e3o do Momento Esp\u00edrita, a partir do texto O  <br \/>valor da \u00e1gua em nossa vida, de Maria Anita Rosas  <br \/>Batista, da revista Presen\u00e7a Esp\u00edrita, janeiro\/fevereiro  <br \/>de 2002, ed. LEAL e cita\u00e7\u00e3o do Evangelista Mateus,  <br \/>cap\u00edtulo 10, vers\u00edculo 42.  <br \/>Em 16.1.2014.<\/p>\n<div class=\"pvc_clear\"><\/div>\n<p id=\"pvc_stats_1093\" class=\"pvc_stats all  \" data-element-id=\"1093\" style=\"\"><i class=\"pvc-stats-icon medium\" aria-hidden=\"true\"><svg aria-hidden=\"true\" focusable=\"false\" data-prefix=\"far\" data-icon=\"chart-bar\" role=\"img\" xmlns=\"http:\/\/www.w3.org\/2000\/svg\" viewBox=\"0 0 512 512\" class=\"svg-inline--fa fa-chart-bar fa-w-16 fa-2x\"><path fill=\"currentColor\" d=\"M396.8 352h22.4c6.4 0 12.8-6.4 12.8-12.8V108.8c0-6.4-6.4-12.8-12.8-12.8h-22.4c-6.4 0-12.8 6.4-12.8 12.8v230.4c0 6.4 6.4 12.8 12.8 12.8zm-192 0h22.4c6.4 0 12.8-6.4 12.8-12.8V140.8c0-6.4-6.4-12.8-12.8-12.8h-22.4c-6.4 0-12.8 6.4-12.8 12.8v198.4c0 6.4 6.4 12.8 12.8 12.8zm96 0h22.4c6.4 0 12.8-6.4 12.8-12.8V204.8c0-6.4-6.4-12.8-12.8-12.8h-22.4c-6.4 0-12.8 6.4-12.8 12.8v134.4c0 6.4 6.4 12.8 12.8 12.8zM496 400H48V80c0-8.84-7.16-16-16-16H16C7.16 64 0 71.16 0 80v336c0 17.67 14.33 32 32 32h464c8.84 0 16-7.16 16-16v-16c0-8.84-7.16-16-16-16zm-387.2-48h22.4c6.4 0 12.8-6.4 12.8-12.8v-70.4c0-6.4-6.4-12.8-12.8-12.8h-22.4c-6.4 0-12.8 6.4-12.8 12.8v70.4c0 6.4 6.4 12.8 12.8 12.8z\" class=\"\"><\/path><\/svg><\/i> <img decoding=\"async\" width=\"16\" height=\"16\" alt=\"Loading\" data-src=\"https:\/\/www.centronocaminhodaluz.com.br\/wp-content\/plugins\/page-views-count\/ajax-loader-2x.gif\" border=0 src=\"data:image\/svg+xml;base64,PHN2ZyB3aWR0aD0iMSIgaGVpZ2h0PSIxIiB4bWxucz0iaHR0cDovL3d3dy53My5vcmcvMjAwMC9zdmciPjwvc3ZnPg==\" class=\"lazyload\" style=\"--smush-placeholder-width: 16px; --smush-placeholder-aspect-ratio: 16\/16;\" \/><\/p>\n<div class=\"pvc_clear\"><\/div>\n","protected":false},"excerpt":{"rendered":"<p>Francisco de Assis, referindo-se a ela, em sublime alegria, entoou a can\u00e7\u00e3o de amor e fraternidade, o C\u00e2ntico das Criaturas, nos seguintes versos: S\u00ea louvado, Senhor, pela irm\u00e3 \u00e1gua t\u00e3o \u00fatil, t\u00e3o humilde, preciosa e casta. Louvai, agradecei e bendizei ao Senhor. E a Ele servi com grande humildade e amor. Nestes dias em que&hellip; <br \/> <a class=\"read-more\" href=\"https:\/\/www.centronocaminhodaluz.com.br\/index.php\/artigo1093\/\">Leia mais<\/a><\/p>\n<div class=\"pvc_clear\"><\/div>\n<p id=\"pvc_stats_1093\" class=\"pvc_stats all  \" data-element-id=\"1093\" style=\"\"><i class=\"pvc-stats-icon medium\" aria-hidden=\"true\"><svg aria-hidden=\"true\" focusable=\"false\" data-prefix=\"far\" data-icon=\"chart-bar\" role=\"img\" xmlns=\"http:\/\/www.w3.org\/2000\/svg\" viewBox=\"0 0 512 512\" class=\"svg-inline--fa fa-chart-bar fa-w-16 fa-2x\"><path fill=\"currentColor\" d=\"M396.8 352h22.4c6.4 0 12.8-6.4 12.8-12.8V108.8c0-6.4-6.4-12.8-12.8-12.8h-22.4c-6.4 0-12.8 6.4-12.8 12.8v230.4c0 6.4 6.4 12.8 12.8 12.8zm-192 0h22.4c6.4 0 12.8-6.4 12.8-12.8V140.8c0-6.4-6.4-12.8-12.8-12.8h-22.4c-6.4 0-12.8 6.4-12.8 12.8v198.4c0 6.4 6.4 12.8 12.8 12.8zm96 0h22.4c6.4 0 12.8-6.4 12.8-12.8V204.8c0-6.4-6.4-12.8-12.8-12.8h-22.4c-6.4 0-12.8 6.4-12.8 12.8v134.4c0 6.4 6.4 12.8 12.8 12.8zM496 400H48V80c0-8.84-7.16-16-16-16H16C7.16 64 0 71.16 0 80v336c0 17.67 14.33 32 32 32h464c8.84 0 16-7.16 16-16v-16c0-8.84-7.16-16-16-16zm-387.2-48h22.4c6.4 0 12.8-6.4 12.8-12.8v-70.4c0-6.4-6.4-12.8-12.8-12.8h-22.4c-6.4 0-12.8 6.4-12.8 12.8v70.4c0 6.4 6.4 12.8 12.8 12.8z\" class=\"\"><\/path><\/svg><\/i> <img decoding=\"async\" width=\"16\" height=\"16\" alt=\"Loading\" data-src=\"https:\/\/www.centronocaminhodaluz.com.br\/wp-content\/plugins\/page-views-count\/ajax-loader-2x.gif\" border=0 src=\"data:image\/svg+xml;base64,PHN2ZyB3aWR0aD0iMSIgaGVpZ2h0PSIxIiB4bWxucz0iaHR0cDovL3d3dy53My5vcmcvMjAwMC9zdmciPjwvc3ZnPg==\" class=\"lazyload\" style=\"--smush-placeholder-width: 16px; --smush-placeholder-aspect-ratio: 16\/16;\" \/><\/p>\n<div class=\"pvc_clear\"><\/div>\n","protected":false},"author":1,"featured_media":0,"comment_status":"Closed","ping_status":"open","sticky":false,"template":"","format":"standard","meta":{"footnotes":""},"categories":[16],"tags":[],"class_list":["post-1093","post","type-post","status-publish","format-standard","hentry","category-mensagens-diversas"],"a3_pvc":{"activated":true,"total_views":1622,"today_views":0},"_links":{"self":[{"href":"https:\/\/www.centronocaminhodaluz.com.br\/index.php\/wp-json\/wp\/v2\/posts\/1093","targetHints":{"allow":["GET"]}}],"collection":[{"href":"https:\/\/www.centronocaminhodaluz.com.br\/index.php\/wp-json\/wp\/v2\/posts"}],"about":[{"href":"https:\/\/www.centronocaminhodaluz.com.br\/index.php\/wp-json\/wp\/v2\/types\/post"}],"author":[{"embeddable":true,"href":"https:\/\/www.centronocaminhodaluz.com.br\/index.php\/wp-json\/wp\/v2\/users\/1"}],"replies":[{"embeddable":true,"href":"https:\/\/www.centronocaminhodaluz.com.br\/index.php\/wp-json\/wp\/v2\/comments?post=1093"}],"version-history":[{"count":0,"href":"https:\/\/www.centronocaminhodaluz.com.br\/index.php\/wp-json\/wp\/v2\/posts\/1093\/revisions"}],"wp:attachment":[{"href":"https:\/\/www.centronocaminhodaluz.com.br\/index.php\/wp-json\/wp\/v2\/media?parent=1093"}],"wp:term":[{"taxonomy":"category","embeddable":true,"href":"https:\/\/www.centronocaminhodaluz.com.br\/index.php\/wp-json\/wp\/v2\/categories?post=1093"},{"taxonomy":"post_tag","embeddable":true,"href":"https:\/\/www.centronocaminhodaluz.com.br\/index.php\/wp-json\/wp\/v2\/tags?post=1093"}],"curies":[{"name":"wp","href":"https:\/\/api.w.org\/{rel}","templated":true}]}}