{"id":10974,"date":"2011-10-06T00:00:00","date_gmt":"2011-10-06T00:00:00","guid":{"rendered":""},"modified":"2011-10-06T00:00:00","modified_gmt":"2011-10-06T00:00:00","slug":"artigo10974","status":"publish","type":"post","link":"https:\/\/www.centronocaminhodaluz.com.br\/index.php\/artigo10974\/","title":{"rendered":"Evangelho Segundo o Espiritismo  Parte 118"},"content":{"rendered":"<div align=left><em><strong>A PORTA ESTREITA<BR><BR>3. Entrai pela porta estreita, porque larga \u00e9 a porta da perdi\u00e7\u00e3o e espa\u00e7oso o caminho que a ela conduz, e muitos s\u00e3o os que por ela entram.  Qu\u00e3o pequena \u00e9 a porta da vida! qu\u00e3o apertado o caminho que a ela conduz! e qu\u00e3o poucos a encontram!     (S. MATEUS, cap. VII, vv. 13 e 14.) <BR><BR>4. Tendo-lhe algu\u00e9m feito esta pergunta: Senhor, ser\u00e3o poucos os que se salvam? Respondeu-lhes ele:  Esfor\u00e7ai-vos por entrar pela porta estreita, pois vos asseguro que muitos procurar\u00e3o transp\u00f4-la e n\u00e3o o poder\u00e3o.  E quando o pai de fam\u00edlia houver entrado e fechado a porta, e v\u00f3s, de fora, come\u00e7ardes a bater, dizendo: Senhor, abrenos, ele vos responder\u00e1: n\u00e3o sei donde sois:  P\u00f4r-vos-eis a dizer: Comemos e bebemos na tua presen\u00e7a e nos instru\u00edste nas nossas pra\u00e7as p\u00edblicas.  Ele vos responder\u00e1: N\u00e3o sei donde sois, afastai-vos de mim, todos v\u00f3s que praticais a iniquidade. <BR><BR>Ent\u00e3o, haver\u00e1 prantos e ranger de dentes, quando virdes que Abra\u00e3o, Isaac, Jacob e todos os profetas est\u00e3o no reino de Deus e que v\u00f3s outros sois dele expelidos.  Vir\u00e3o muitos do Oriente e do Ocidente, do Setentri\u00e3o e do Meio-Dia, que participar\u00e3o do festim no reino de Deus.  Ent\u00e3o, os que forem \u00edltimos ser\u00e3o os primeiros e os que forem primeiros ser\u00e3o os \u00edltimos.  (S. LUCAS, cap. XIII, vv. 23 a 30.) <BR><BR>5. Larga \u00e9 a porta da perdi\u00e7\u00e3o, porque s\u00e3o numerosas as paix\u00f5es m\u00e1s e porque o maior n\u00edmero envereda pelo caminho do mal. E estreita a da salva\u00e7\u00e3o, porque a grandes esfor\u00e7os sobre si mesmo \u00e9 obrigado o homem que a queira transpor, para vencer suas m\u00e1s tend\u00eancias, coisa a que poucos se resignam. E o complemento da m\u00e1xima: Muitos s\u00e3o os chamados e poucos os escolhidos. <BR><BR>Tal o estado da Humanidade terrena, porque, sendo a Terra mundo de expia\u00e7\u00e3o, nela predomina o mal. Quando se achar transformada, a estrada do bem ser\u00e1 a mais frequentada.    Aquelas palavras devem, pois, entender-se em sentido relativo e n\u00e3o em sentido absoluto. Se houvesse de ser esse o estado normal da Humanidade, teria Deus condenado\u00e0 perdi\u00e7\u00e3o a imensa maioria das suas criaturas, suposi\u00e7\u00e3o inadmiss\u00edvel, desde que se reconhe\u00e7a que Deus \u00e9 todo justi\u00e7a e bondade. <BR><BR>Mas, de que delitos esta Humanidade se houvera feito culpada para merecer t\u00e3o triste sorte, no presente e no futuro, se toda ela se achasse degredada na Terra e se a alma n\u00e3o tivesse tido outras exist\u00eancias? Por que tantos entraves postos diante de seus passos? Por que essa porta t\u00e3o estreita que s\u00f3 a muito poucos \u00e9 dado transpor, se a sorte da alma \u00e9 determinada para sempre, logo ap\u00f3s a morte? Assim \u00e9 que, com a unicidade da exist\u00eancia, o homem est\u00e1 sempre em contradi\u00e7\u00e3o consigo mesmo e com a justi\u00e7a de Deus. Com a anterioridade da alma e a pluralidade dos mundos, o horizonte se alarga, faz-se luz sobre os pontos mais obscuros da f\u00e9, o presente e o futuro tornam-se solid\u00e1rios com o passado, e s\u00f3 ent\u00e3o se pode compreender toda a profundeza. toda a verdade e toda a sabedoria das m\u00e1ximas do Cristo. <BR><BR><\/strong><\/em><\/div>\n<div class=\"pvc_clear\"><\/div>\n<p id=\"pvc_stats_10974\" class=\"pvc_stats all  \" data-element-id=\"10974\" style=\"\"><i class=\"pvc-stats-icon medium\" aria-hidden=\"true\"><svg aria-hidden=\"true\" focusable=\"false\" data-prefix=\"far\" data-icon=\"chart-bar\" role=\"img\" xmlns=\"http:\/\/www.w3.org\/2000\/svg\" viewBox=\"0 0 512 512\" class=\"svg-inline--fa fa-chart-bar fa-w-16 fa-2x\"><path fill=\"currentColor\" d=\"M396.8 352h22.4c6.4 0 12.8-6.4 12.8-12.8V108.8c0-6.4-6.4-12.8-12.8-12.8h-22.4c-6.4 0-12.8 6.4-12.8 12.8v230.4c0 6.4 6.4 12.8 12.8 12.8zm-192 0h22.4c6.4 0 12.8-6.4 12.8-12.8V140.8c0-6.4-6.4-12.8-12.8-12.8h-22.4c-6.4 0-12.8 6.4-12.8 12.8v198.4c0 6.4 6.4 12.8 12.8 12.8zm96 0h22.4c6.4 0 12.8-6.4 12.8-12.8V204.8c0-6.4-6.4-12.8-12.8-12.8h-22.4c-6.4 0-12.8 6.4-12.8 12.8v134.4c0 6.4 6.4 12.8 12.8 12.8zM496 400H48V80c0-8.84-7.16-16-16-16H16C7.16 64 0 71.16 0 80v336c0 17.67 14.33 32 32 32h464c8.84 0 16-7.16 16-16v-16c0-8.84-7.16-16-16-16zm-387.2-48h22.4c6.4 0 12.8-6.4 12.8-12.8v-70.4c0-6.4-6.4-12.8-12.8-12.8h-22.4c-6.4 0-12.8 6.4-12.8 12.8v70.4c0 6.4 6.4 12.8 12.8 12.8z\" class=\"\"><\/path><\/svg><\/i> <img decoding=\"async\" width=\"16\" height=\"16\" alt=\"Loading\" data-src=\"https:\/\/www.centronocaminhodaluz.com.br\/wp-content\/plugins\/page-views-count\/ajax-loader-2x.gif\" border=0 src=\"data:image\/svg+xml;base64,PHN2ZyB3aWR0aD0iMSIgaGVpZ2h0PSIxIiB4bWxucz0iaHR0cDovL3d3dy53My5vcmcvMjAwMC9zdmciPjwvc3ZnPg==\" class=\"lazyload\" style=\"--smush-placeholder-width: 16px; --smush-placeholder-aspect-ratio: 16\/16;\" \/><\/p>\n<div class=\"pvc_clear\"><\/div>\n","protected":false},"excerpt":{"rendered":"<p>A PORTA ESTREITA3. Entrai pela porta estreita, porque larga \u00e9 a porta da perdi\u00e7\u00e3o e espa\u00e7oso o caminho que a ela conduz, e muitos s\u00e3o os que por ela entram. Qu\u00e3o pequena \u00e9 a porta da vida! qu\u00e3o apertado o caminho que a ela conduz! e qu\u00e3o poucos a encontram! (S. MATEUS, cap. VII, vv.&hellip; <br \/> <a class=\"read-more\" href=\"https:\/\/www.centronocaminhodaluz.com.br\/index.php\/artigo10974\/\">Leia mais<\/a><\/p>\n<div class=\"pvc_clear\"><\/div>\n<p id=\"pvc_stats_10974\" class=\"pvc_stats all  \" data-element-id=\"10974\" style=\"\"><i class=\"pvc-stats-icon medium\" aria-hidden=\"true\"><svg aria-hidden=\"true\" focusable=\"false\" data-prefix=\"far\" data-icon=\"chart-bar\" role=\"img\" xmlns=\"http:\/\/www.w3.org\/2000\/svg\" viewBox=\"0 0 512 512\" class=\"svg-inline--fa fa-chart-bar fa-w-16 fa-2x\"><path fill=\"currentColor\" d=\"M396.8 352h22.4c6.4 0 12.8-6.4 12.8-12.8V108.8c0-6.4-6.4-12.8-12.8-12.8h-22.4c-6.4 0-12.8 6.4-12.8 12.8v230.4c0 6.4 6.4 12.8 12.8 12.8zm-192 0h22.4c6.4 0 12.8-6.4 12.8-12.8V140.8c0-6.4-6.4-12.8-12.8-12.8h-22.4c-6.4 0-12.8 6.4-12.8 12.8v198.4c0 6.4 6.4 12.8 12.8 12.8zm96 0h22.4c6.4 0 12.8-6.4 12.8-12.8V204.8c0-6.4-6.4-12.8-12.8-12.8h-22.4c-6.4 0-12.8 6.4-12.8 12.8v134.4c0 6.4 6.4 12.8 12.8 12.8zM496 400H48V80c0-8.84-7.16-16-16-16H16C7.16 64 0 71.16 0 80v336c0 17.67 14.33 32 32 32h464c8.84 0 16-7.16 16-16v-16c0-8.84-7.16-16-16-16zm-387.2-48h22.4c6.4 0 12.8-6.4 12.8-12.8v-70.4c0-6.4-6.4-12.8-12.8-12.8h-22.4c-6.4 0-12.8 6.4-12.8 12.8v70.4c0 6.4 6.4 12.8 12.8 12.8z\" class=\"\"><\/path><\/svg><\/i> <img decoding=\"async\" width=\"16\" height=\"16\" alt=\"Loading\" data-src=\"https:\/\/www.centronocaminhodaluz.com.br\/wp-content\/plugins\/page-views-count\/ajax-loader-2x.gif\" border=0 src=\"data:image\/svg+xml;base64,PHN2ZyB3aWR0aD0iMSIgaGVpZ2h0PSIxIiB4bWxucz0iaHR0cDovL3d3dy53My5vcmcvMjAwMC9zdmciPjwvc3ZnPg==\" class=\"lazyload\" style=\"--smush-placeholder-width: 16px; --smush-placeholder-aspect-ratio: 16\/16;\" \/><\/p>\n<div class=\"pvc_clear\"><\/div>\n","protected":false},"author":1,"featured_media":0,"comment_status":"Closed","ping_status":"open","sticky":false,"template":"","format":"standard","meta":{"footnotes":""},"categories":[7],"tags":[],"class_list":["post-10974","post","type-post","status-publish","format-standard","hentry","category-evangelho"],"a3_pvc":{"activated":true,"total_views":1306,"today_views":0},"_links":{"self":[{"href":"https:\/\/www.centronocaminhodaluz.com.br\/index.php\/wp-json\/wp\/v2\/posts\/10974","targetHints":{"allow":["GET"]}}],"collection":[{"href":"https:\/\/www.centronocaminhodaluz.com.br\/index.php\/wp-json\/wp\/v2\/posts"}],"about":[{"href":"https:\/\/www.centronocaminhodaluz.com.br\/index.php\/wp-json\/wp\/v2\/types\/post"}],"author":[{"embeddable":true,"href":"https:\/\/www.centronocaminhodaluz.com.br\/index.php\/wp-json\/wp\/v2\/users\/1"}],"replies":[{"embeddable":true,"href":"https:\/\/www.centronocaminhodaluz.com.br\/index.php\/wp-json\/wp\/v2\/comments?post=10974"}],"version-history":[{"count":0,"href":"https:\/\/www.centronocaminhodaluz.com.br\/index.php\/wp-json\/wp\/v2\/posts\/10974\/revisions"}],"wp:attachment":[{"href":"https:\/\/www.centronocaminhodaluz.com.br\/index.php\/wp-json\/wp\/v2\/media?parent=10974"}],"wp:term":[{"taxonomy":"category","embeddable":true,"href":"https:\/\/www.centronocaminhodaluz.com.br\/index.php\/wp-json\/wp\/v2\/categories?post=10974"},{"taxonomy":"post_tag","embeddable":true,"href":"https:\/\/www.centronocaminhodaluz.com.br\/index.php\/wp-json\/wp\/v2\/tags?post=10974"}],"curies":[{"name":"wp","href":"https:\/\/api.w.org\/{rel}","templated":true}]}}