{"id":11118,"date":"2011-12-22T00:00:00","date_gmt":"2011-12-22T00:00:00","guid":{"rendered":""},"modified":"2011-12-22T00:00:00","modified_gmt":"2011-12-22T00:00:00","slug":"artigo11118","status":"publish","type":"post","link":"https:\/\/www.centronocaminhodaluz.com.br\/index.php\/artigo11118\/","title":{"rendered":"Sou"},"content":{"rendered":"<p>Visitante em meu pr\u00f3prio lar<br \/>\n<br \/>Viajante buscando estar<br \/>\n<br \/>Habitante de um s\u00f3 lugar<br \/>\n<br \/>Sou de Deus, de adeus e voltar&#8230;<\/p>\n<p>Nada tenho al\u00e9m do que sou<br \/>\n<br \/>Nada levo al\u00e9m do que sou<br \/>\n<br \/>Sou de Deus, de adeus e voltar&#8230;<\/p>\n<p>Cintilante&#8230; O c\u00e9u a sonhar<br \/>\n<br \/>Flamejante&#8230; Tal chama a voar<br \/>\n<br \/>Importante&#8230; O fim que ter\u00e1<br \/>\n<br \/>Sou de Deus, de adeus e voltar&#8230;<\/p>\n<p>Nada tenho al\u00e9m do que sou<br \/>\n<br \/>Nada levo al\u00e9m do que sou<br \/>\n<br \/>Sou de Deus, de adeus e voltar<br \/>\n<br \/>Sou partida, trilha e chegar.<\/p>\n<p>Somos todos visitantes em nossos pr\u00f3prios lares da Terra.<br \/>\n<br \/>Como Esp\u00edritos que somos, seres inteligentes da Cria\u00e7\u00e3o, habitamos o espa\u00e7o. E desse espa\u00e7o nos apartamos momentaneamente, vestindo corpos carnais, no que conhecemos como encarna\u00e7\u00e3o.<br \/>\n<br \/>A a\u00e7\u00e3o de entrar na carne \u00e9 necess\u00e1ria para nosso crescimento espiritual.<br \/>\n<br \/>Tal vincula\u00e7\u00e3o mais intensa com a mat\u00e9ria nos proporciona experi\u00eancias \u00ednicas, viv\u00eancias fundamentais para o desenvolvimento das virtudes e combate\u00e0s imperfei\u00e7\u00f5es.<br \/>\n<br \/>Somos viajantes, sim, pois ao longo de nossa evolu\u00e7\u00e3o habitamos muitos corpos em muitos mundos, conforme a necessidadede cada um de n\u00f3s.<br \/>\n<br \/>Em cada vida chegamos com nossa bagagem moral e intelectual, nossas virtudes conquistadas e nosso conhecimento a respeito das coisas.<br \/>\n<br \/>Cada vez que partimos \u00e9 s\u00f3 isso que tamb\u00e9m levamos conosco. Nada al\u00e9m dos tesouros da alma. Tudo que n\u00e3o \u00e9 da alma, fica.<br \/>\n<br \/>A mat\u00e9ria, o corpo, as coisas&#8230; Tudo \u00e9 instrumento, e n\u00e3o finalidade.<br \/>\n<br \/>O instrumento precisa ser bem cuidado, bem administrado, pois que \u00e9 o lavrador sem sua enxada e seus bra\u00e7os?<br \/>\n<br \/>Mas o trabalhador do campo sabe muito bem que seu verdadeiro objetivo \u00e9 a colheita. \u00c9 ela que o sustenta e prov\u00ea alimento para sua fam\u00edlia.<br \/>\n<br \/>Somos de Deus, criaturas perfect\u00edveis, geradas por essa intelig\u00eancia suprema, de m\u00e1xima bondade, que chamamos Pai.<br \/>\n<br \/>Esse Pai Maior deseja nossa felicidade e nos d\u00e1 todos os meios necess\u00e1rios para alcan\u00e7\u00e1-la.<br \/>\n<br \/>Somos de adeus, pois a vida \u00e9 um ir e vir constante. Muitos de n\u00f3s j\u00e1 aprendemos, inclusive, a trocar este adeus por at\u00e9 breve.<br \/>\n<br \/>N\u00e3o perdemos ningu\u00e9m pois, em primeiro lugar, ningu\u00e9m nos pertence de fato e em segundo, porque aqueles que amamos, assim como n\u00f3s mesmos, s\u00e3o imortais.<br \/>\n<br \/>N\u00e3o possu\u00edmos uns aos outros. O apego excessivo \u00e9 causa de dor.<br \/>\n<br \/>Somos de voltar, pois sempre recebemos novas chances. A reencarna\u00e7\u00e3o \u00e9 uma realidade daqual n\u00e3o podemos nos esquivar, acreditando nela ou n\u00e3o.<br \/>\n<br \/>*   *   *<br \/>\n<br \/>Nada tenho al\u00e9m do que sou<br \/>\n<br \/>Nada levo al\u00e9m do que sou<br \/>\n<br \/>Sou de Deus, de adeus e voltar<br \/>\n<br \/>Sou partida, trilha e chegar.<\/p>\n<p>Reda\u00e7\u00e3o do Momento Esp\u00edrita, com base no poema Sou, do livro No castelo do Esp\u00edrito, de<br \/>\n<br \/>Andrey Cechelero, ed. Immortality.<br \/>\n<br \/>Em 11.11.2011.<\/p>\n<div class=\"pvc_clear\"><\/div>\n<p id=\"pvc_stats_11118\" class=\"pvc_stats all  \" data-element-id=\"11118\" style=\"\"><i class=\"pvc-stats-icon medium\" aria-hidden=\"true\"><svg aria-hidden=\"true\" focusable=\"false\" data-prefix=\"far\" data-icon=\"chart-bar\" role=\"img\" xmlns=\"http:\/\/www.w3.org\/2000\/svg\" viewBox=\"0 0 512 512\" class=\"svg-inline--fa fa-chart-bar fa-w-16 fa-2x\"><path fill=\"currentColor\" d=\"M396.8 352h22.4c6.4 0 12.8-6.4 12.8-12.8V108.8c0-6.4-6.4-12.8-12.8-12.8h-22.4c-6.4 0-12.8 6.4-12.8 12.8v230.4c0 6.4 6.4 12.8 12.8 12.8zm-192 0h22.4c6.4 0 12.8-6.4 12.8-12.8V140.8c0-6.4-6.4-12.8-12.8-12.8h-22.4c-6.4 0-12.8 6.4-12.8 12.8v198.4c0 6.4 6.4 12.8 12.8 12.8zm96 0h22.4c6.4 0 12.8-6.4 12.8-12.8V204.8c0-6.4-6.4-12.8-12.8-12.8h-22.4c-6.4 0-12.8 6.4-12.8 12.8v134.4c0 6.4 6.4 12.8 12.8 12.8zM496 400H48V80c0-8.84-7.16-16-16-16H16C7.16 64 0 71.16 0 80v336c0 17.67 14.33 32 32 32h464c8.84 0 16-7.16 16-16v-16c0-8.84-7.16-16-16-16zm-387.2-48h22.4c6.4 0 12.8-6.4 12.8-12.8v-70.4c0-6.4-6.4-12.8-12.8-12.8h-22.4c-6.4 0-12.8 6.4-12.8 12.8v70.4c0 6.4 6.4 12.8 12.8 12.8z\" class=\"\"><\/path><\/svg><\/i> <img decoding=\"async\" width=\"16\" height=\"16\" alt=\"Loading\" data-src=\"https:\/\/www.centronocaminhodaluz.com.br\/wp-content\/plugins\/page-views-count\/ajax-loader-2x.gif\" border=0 src=\"data:image\/svg+xml;base64,PHN2ZyB3aWR0aD0iMSIgaGVpZ2h0PSIxIiB4bWxucz0iaHR0cDovL3d3dy53My5vcmcvMjAwMC9zdmciPjwvc3ZnPg==\" class=\"lazyload\" style=\"--smush-placeholder-width: 16px; --smush-placeholder-aspect-ratio: 16\/16;\" \/><\/p>\n<div class=\"pvc_clear\"><\/div>\n","protected":false},"excerpt":{"rendered":"<p>Visitante em meu pr\u00f3prio lar Viajante buscando estar Habitante de um s\u00f3 lugar Sou de Deus, de adeus e voltar&#8230; Nada tenho al\u00e9m do que sou Nada levo al\u00e9m do que sou Sou de Deus, de adeus e voltar&#8230; Cintilante&#8230; O c\u00e9u a sonhar Flamejante&#8230; Tal chama a voar Importante&#8230; O fim que ter\u00e1 Sou&hellip; <br \/> <a class=\"read-more\" href=\"https:\/\/www.centronocaminhodaluz.com.br\/index.php\/artigo11118\/\">Leia mais<\/a><\/p>\n<div class=\"pvc_clear\"><\/div>\n<p id=\"pvc_stats_11118\" class=\"pvc_stats all  \" data-element-id=\"11118\" style=\"\"><i class=\"pvc-stats-icon medium\" aria-hidden=\"true\"><svg aria-hidden=\"true\" focusable=\"false\" data-prefix=\"far\" data-icon=\"chart-bar\" role=\"img\" xmlns=\"http:\/\/www.w3.org\/2000\/svg\" viewBox=\"0 0 512 512\" class=\"svg-inline--fa fa-chart-bar fa-w-16 fa-2x\"><path fill=\"currentColor\" d=\"M396.8 352h22.4c6.4 0 12.8-6.4 12.8-12.8V108.8c0-6.4-6.4-12.8-12.8-12.8h-22.4c-6.4 0-12.8 6.4-12.8 12.8v230.4c0 6.4 6.4 12.8 12.8 12.8zm-192 0h22.4c6.4 0 12.8-6.4 12.8-12.8V140.8c0-6.4-6.4-12.8-12.8-12.8h-22.4c-6.4 0-12.8 6.4-12.8 12.8v198.4c0 6.4 6.4 12.8 12.8 12.8zm96 0h22.4c6.4 0 12.8-6.4 12.8-12.8V204.8c0-6.4-6.4-12.8-12.8-12.8h-22.4c-6.4 0-12.8 6.4-12.8 12.8v134.4c0 6.4 6.4 12.8 12.8 12.8zM496 400H48V80c0-8.84-7.16-16-16-16H16C7.16 64 0 71.16 0 80v336c0 17.67 14.33 32 32 32h464c8.84 0 16-7.16 16-16v-16c0-8.84-7.16-16-16-16zm-387.2-48h22.4c6.4 0 12.8-6.4 12.8-12.8v-70.4c0-6.4-6.4-12.8-12.8-12.8h-22.4c-6.4 0-12.8 6.4-12.8 12.8v70.4c0 6.4 6.4 12.8 12.8 12.8z\" class=\"\"><\/path><\/svg><\/i> <img decoding=\"async\" width=\"16\" height=\"16\" alt=\"Loading\" data-src=\"https:\/\/www.centronocaminhodaluz.com.br\/wp-content\/plugins\/page-views-count\/ajax-loader-2x.gif\" border=0 src=\"data:image\/svg+xml;base64,PHN2ZyB3aWR0aD0iMSIgaGVpZ2h0PSIxIiB4bWxucz0iaHR0cDovL3d3dy53My5vcmcvMjAwMC9zdmciPjwvc3ZnPg==\" class=\"lazyload\" style=\"--smush-placeholder-width: 16px; --smush-placeholder-aspect-ratio: 16\/16;\" \/><\/p>\n<div class=\"pvc_clear\"><\/div>\n","protected":false},"author":1,"featured_media":0,"comment_status":"Closed","ping_status":"open","sticky":false,"template":"","format":"standard","meta":{"footnotes":""},"categories":[16],"tags":[],"class_list":["post-11118","post","type-post","status-publish","format-standard","hentry","category-mensagens-diversas"],"a3_pvc":{"activated":true,"total_views":570,"today_views":0},"_links":{"self":[{"href":"https:\/\/www.centronocaminhodaluz.com.br\/index.php\/wp-json\/wp\/v2\/posts\/11118","targetHints":{"allow":["GET"]}}],"collection":[{"href":"https:\/\/www.centronocaminhodaluz.com.br\/index.php\/wp-json\/wp\/v2\/posts"}],"about":[{"href":"https:\/\/www.centronocaminhodaluz.com.br\/index.php\/wp-json\/wp\/v2\/types\/post"}],"author":[{"embeddable":true,"href":"https:\/\/www.centronocaminhodaluz.com.br\/index.php\/wp-json\/wp\/v2\/users\/1"}],"replies":[{"embeddable":true,"href":"https:\/\/www.centronocaminhodaluz.com.br\/index.php\/wp-json\/wp\/v2\/comments?post=11118"}],"version-history":[{"count":0,"href":"https:\/\/www.centronocaminhodaluz.com.br\/index.php\/wp-json\/wp\/v2\/posts\/11118\/revisions"}],"wp:attachment":[{"href":"https:\/\/www.centronocaminhodaluz.com.br\/index.php\/wp-json\/wp\/v2\/media?parent=11118"}],"wp:term":[{"taxonomy":"category","embeddable":true,"href":"https:\/\/www.centronocaminhodaluz.com.br\/index.php\/wp-json\/wp\/v2\/categories?post=11118"},{"taxonomy":"post_tag","embeddable":true,"href":"https:\/\/www.centronocaminhodaluz.com.br\/index.php\/wp-json\/wp\/v2\/tags?post=11118"}],"curies":[{"name":"wp","href":"https:\/\/api.w.org\/{rel}","templated":true}]}}