{"id":11155,"date":"2012-01-12T00:00:00","date_gmt":"2012-01-12T00:00:00","guid":{"rendered":""},"modified":"2012-01-12T00:00:00","modified_gmt":"2012-01-12T00:00:00","slug":"artigo11155","status":"publish","type":"post","link":"https:\/\/www.centronocaminhodaluz.com.br\/index.php\/artigo11155\/","title":{"rendered":"Constru\u00e7\u00e3o da felicidade"},"content":{"rendered":"\n<p>N\u00e3o h\u00e1 no mundo quem n\u00e3o deseje uma vida de felicidades. Sonhamos e desejamos que nossos dias sejam de alegrias intensas e plenas.<br \/>\n<br \/>Anelamos que o sorriso nos venha f\u00e1cil, que os dias nos sejam leves e que seja de venturas o nosso caminhar.<br \/>\n<br \/>\u00c9 natural que assim seja. Somos seres fadados\u00e0 felicidade e esse \u00e9 o sentimento que encontra na alma os mais profundos significados.<br \/>\n<br \/>Por\u00e9m, na \u00e2nsia da felicidade, imaginamos que temos que busc\u00e1-la em algum ponto, que a encontraremos em algum momento, que a atingiremos em um dia determinado.<br \/>\n<br \/>Lembramos o soneto do poeta Vicente de Carvalho que afirma que a felicidade \u00e9 uma \u00e1rvore de dourados pomos, por\u00e9m que n\u00e3o a alcan\u00e7amos, porque sempre est\u00e1 onde a pomos e nunca a pomos onde n\u00f3s estamos.<br \/>\n<br \/>Ao imaginar a felicidade como uma meta a alcan\u00e7ar nos esquecemos que, na verdade, a felicidade \u00e9 caminho a se tra\u00e7ar, \u00e9 trilha a se percorrer, \u00e9 hist\u00f3ria a se construir.<br \/>\n<br \/>Quando imaginamos que a felicidade chegar\u00e1 um dia, perdemo-nos nos dias e n\u00e3o enxergamos a felicidade que nos chega.<br \/>\n<br \/>Ou n\u00e3o ser\u00e1 felicidade poder deparar-se com um p\u00f4r-de-sol tingindo de vermelho um c\u00e9u que h\u00e1 pouco era de um azul profundo? H\u00e1 tantos que desejariam ver um p\u00f4r-de-sol&#8230;<br \/>\n<br \/>Quanta felicidade pode haver em escutar as primeiras palavras de um filho, uma declara\u00e7\u00e3o de amor de quem queremos bem, ou ainda, o assovio do vento chacoalhando suave as folhas da \u00e1rvore? H\u00e1 tantos que nada escutam, nem ouvem ou percebem&#8230;<br \/>\n<br \/>Como somos felizes por poder pensar, criar, sonhar e, num piscar de olhos, viajar no mundo e no espa\u00e7o, conduzidos pela imagina\u00e7\u00e3o, guiados pela mente! S\u00e3o tantos que permanecem carcereiros de si mesmos em suas distonias mentais, nos desequil\u00edbrios emocionais&#8230;<br \/>\n<br \/>Preocupamo-nos tanto em buscar a felicidade, que nos esquecemos que j\u00e1 temos motivos de sobra para sermos felizes.<br \/>\n<br \/>E, efetivamente, n\u00e3o nos damos conta que a felicidade n\u00e3o est\u00e1 em chegar, mas que ela mora no pr\u00f3prio caminhar.<br \/>\n<br \/>Ser feliz \u00e9 ter o olhar de gratid\u00e3o perante a vida, de entendimento do seu prop\u00f3sito, da percep\u00e7\u00e3o de que ela se mostra sempre generosa a cada um de n\u00f3s.<br \/>\n<br \/>Ser feliz n\u00e3o \u00e9 negar que na vida tamb\u00e9m haver\u00e1 embates, lutas e desafios cotidianos. Afinal, esses s\u00e3o componentes de nosso viver e, naturalmente, podem trazer dificuldades e dissabores.<br \/>\n<br \/>Por\u00e9m, ser feliz \u00e9 tamb\u00e9m perceber que os embates produzem amadurecimento, que as lutas nos fazem mais fortes e nos oferecem aprendizado.<br \/>\n<br \/>Assim, de forma alguma vale a pena ficarmos esperando o dia em que nossa felicidade se completar\u00e1.<br \/>\n<br \/>Ser feliz \u00e9 compromisso para hoje, que se inicia pelo olhar para as coisas do mundo, passa pelo cora\u00e7\u00e3o em forma de reconhecimento pelos presentes que nos chegam, completa-se em gratid\u00e3o, oferecendo\u00e0 vida o que ela nos d\u00e1 em abund\u00e2ncia.<\/p>\n<p>Reda\u00e7\u00e3o do Momento Esp\u00edrita.<br \/>\n<br \/>Em 25.11.2011.<\/p>\n<p><\/p>\n<div class=\"pvc_clear\"><\/div>\n<p id=\"pvc_stats_11155\" class=\"pvc_stats all  \" data-element-id=\"11155\" style=\"\"><i class=\"pvc-stats-icon medium\" aria-hidden=\"true\"><svg aria-hidden=\"true\" focusable=\"false\" data-prefix=\"far\" data-icon=\"chart-bar\" role=\"img\" xmlns=\"http:\/\/www.w3.org\/2000\/svg\" viewBox=\"0 0 512 512\" class=\"svg-inline--fa fa-chart-bar fa-w-16 fa-2x\"><path fill=\"currentColor\" d=\"M396.8 352h22.4c6.4 0 12.8-6.4 12.8-12.8V108.8c0-6.4-6.4-12.8-12.8-12.8h-22.4c-6.4 0-12.8 6.4-12.8 12.8v230.4c0 6.4 6.4 12.8 12.8 12.8zm-192 0h22.4c6.4 0 12.8-6.4 12.8-12.8V140.8c0-6.4-6.4-12.8-12.8-12.8h-22.4c-6.4 0-12.8 6.4-12.8 12.8v198.4c0 6.4 6.4 12.8 12.8 12.8zm96 0h22.4c6.4 0 12.8-6.4 12.8-12.8V204.8c0-6.4-6.4-12.8-12.8-12.8h-22.4c-6.4 0-12.8 6.4-12.8 12.8v134.4c0 6.4 6.4 12.8 12.8 12.8zM496 400H48V80c0-8.84-7.16-16-16-16H16C7.16 64 0 71.16 0 80v336c0 17.67 14.33 32 32 32h464c8.84 0 16-7.16 16-16v-16c0-8.84-7.16-16-16-16zm-387.2-48h22.4c6.4 0 12.8-6.4 12.8-12.8v-70.4c0-6.4-6.4-12.8-12.8-12.8h-22.4c-6.4 0-12.8 6.4-12.8 12.8v70.4c0 6.4 6.4 12.8 12.8 12.8z\" class=\"\"><\/path><\/svg><\/i> <img decoding=\"async\" width=\"16\" height=\"16\" alt=\"Loading\" data-src=\"https:\/\/www.centronocaminhodaluz.com.br\/wp-content\/plugins\/page-views-count\/ajax-loader-2x.gif\" border=0 src=\"data:image\/svg+xml;base64,PHN2ZyB3aWR0aD0iMSIgaGVpZ2h0PSIxIiB4bWxucz0iaHR0cDovL3d3dy53My5vcmcvMjAwMC9zdmciPjwvc3ZnPg==\" class=\"lazyload\" style=\"--smush-placeholder-width: 16px; --smush-placeholder-aspect-ratio: 16\/16;\" \/><\/p>\n<div class=\"pvc_clear\"><\/div>\n","protected":false},"excerpt":{"rendered":"<p>N\u00e3o h\u00e1 no mundo quem n\u00e3o deseje uma vida de felicidades. Sonhamos e desejamos que nossos dias sejam de alegrias intensas e plenas. Anelamos que o sorriso nos venha f\u00e1cil, que os dias nos sejam leves e que seja de venturas o nosso caminhar. \u00c9 natural que assim seja. Somos seres fadados\u00e0 felicidade e esse&hellip; <br \/> <a class=\"read-more\" href=\"https:\/\/www.centronocaminhodaluz.com.br\/index.php\/artigo11155\/\">Leia mais<\/a><\/p>\n<div class=\"pvc_clear\"><\/div>\n<p id=\"pvc_stats_11155\" class=\"pvc_stats all  \" data-element-id=\"11155\" style=\"\"><i class=\"pvc-stats-icon medium\" aria-hidden=\"true\"><svg aria-hidden=\"true\" focusable=\"false\" data-prefix=\"far\" data-icon=\"chart-bar\" role=\"img\" xmlns=\"http:\/\/www.w3.org\/2000\/svg\" viewBox=\"0 0 512 512\" class=\"svg-inline--fa fa-chart-bar fa-w-16 fa-2x\"><path fill=\"currentColor\" d=\"M396.8 352h22.4c6.4 0 12.8-6.4 12.8-12.8V108.8c0-6.4-6.4-12.8-12.8-12.8h-22.4c-6.4 0-12.8 6.4-12.8 12.8v230.4c0 6.4 6.4 12.8 12.8 12.8zm-192 0h22.4c6.4 0 12.8-6.4 12.8-12.8V140.8c0-6.4-6.4-12.8-12.8-12.8h-22.4c-6.4 0-12.8 6.4-12.8 12.8v198.4c0 6.4 6.4 12.8 12.8 12.8zm96 0h22.4c6.4 0 12.8-6.4 12.8-12.8V204.8c0-6.4-6.4-12.8-12.8-12.8h-22.4c-6.4 0-12.8 6.4-12.8 12.8v134.4c0 6.4 6.4 12.8 12.8 12.8zM496 400H48V80c0-8.84-7.16-16-16-16H16C7.16 64 0 71.16 0 80v336c0 17.67 14.33 32 32 32h464c8.84 0 16-7.16 16-16v-16c0-8.84-7.16-16-16-16zm-387.2-48h22.4c6.4 0 12.8-6.4 12.8-12.8v-70.4c0-6.4-6.4-12.8-12.8-12.8h-22.4c-6.4 0-12.8 6.4-12.8 12.8v70.4c0 6.4 6.4 12.8 12.8 12.8z\" class=\"\"><\/path><\/svg><\/i> <img decoding=\"async\" width=\"16\" height=\"16\" alt=\"Loading\" data-src=\"https:\/\/www.centronocaminhodaluz.com.br\/wp-content\/plugins\/page-views-count\/ajax-loader-2x.gif\" border=0 src=\"data:image\/svg+xml;base64,PHN2ZyB3aWR0aD0iMSIgaGVpZ2h0PSIxIiB4bWxucz0iaHR0cDovL3d3dy53My5vcmcvMjAwMC9zdmciPjwvc3ZnPg==\" class=\"lazyload\" style=\"--smush-placeholder-width: 16px; --smush-placeholder-aspect-ratio: 16\/16;\" \/><\/p>\n<div class=\"pvc_clear\"><\/div>\n","protected":false},"author":1,"featured_media":0,"comment_status":"Closed","ping_status":"open","sticky":false,"template":"","format":"standard","meta":{"footnotes":""},"categories":[16],"tags":[],"class_list":["post-11155","post","type-post","status-publish","format-standard","hentry","category-mensagens-diversas"],"a3_pvc":{"activated":true,"total_views":738,"today_views":0},"_links":{"self":[{"href":"https:\/\/www.centronocaminhodaluz.com.br\/index.php\/wp-json\/wp\/v2\/posts\/11155","targetHints":{"allow":["GET"]}}],"collection":[{"href":"https:\/\/www.centronocaminhodaluz.com.br\/index.php\/wp-json\/wp\/v2\/posts"}],"about":[{"href":"https:\/\/www.centronocaminhodaluz.com.br\/index.php\/wp-json\/wp\/v2\/types\/post"}],"author":[{"embeddable":true,"href":"https:\/\/www.centronocaminhodaluz.com.br\/index.php\/wp-json\/wp\/v2\/users\/1"}],"replies":[{"embeddable":true,"href":"https:\/\/www.centronocaminhodaluz.com.br\/index.php\/wp-json\/wp\/v2\/comments?post=11155"}],"version-history":[{"count":0,"href":"https:\/\/www.centronocaminhodaluz.com.br\/index.php\/wp-json\/wp\/v2\/posts\/11155\/revisions"}],"wp:attachment":[{"href":"https:\/\/www.centronocaminhodaluz.com.br\/index.php\/wp-json\/wp\/v2\/media?parent=11155"}],"wp:term":[{"taxonomy":"category","embeddable":true,"href":"https:\/\/www.centronocaminhodaluz.com.br\/index.php\/wp-json\/wp\/v2\/categories?post=11155"},{"taxonomy":"post_tag","embeddable":true,"href":"https:\/\/www.centronocaminhodaluz.com.br\/index.php\/wp-json\/wp\/v2\/tags?post=11155"}],"curies":[{"name":"wp","href":"https:\/\/api.w.org\/{rel}","templated":true}]}}