{"id":11173,"date":"2012-01-26T00:00:00","date_gmt":"2012-01-26T00:00:00","guid":{"rendered":""},"modified":"2012-01-26T00:00:00","modified_gmt":"2012-01-26T00:00:00","slug":"artigo11173","status":"publish","type":"post","link":"https:\/\/www.centronocaminhodaluz.com.br\/index.php\/artigo11173\/","title":{"rendered":"O Credo"},"content":{"rendered":"<p>O CREDO de Eur\u00edpedes Barsanulfo<br \/>\n<br \/>CREIO que n\u00e3o temos nossa causa em n\u00f3s mesmos; que existe acima do homem e superior\u00e0 natureza um Ser Pensante, Infinito, Eterno, Imut\u00e1vel, um Supremo Legislador; que a exist\u00eancia de um Criador, de uma Raz\u00e3o primitiva, \u00e9 um fato adquirido pela evid\u00eancia material dos fatos, que o Universo n\u00e3o \u00e9 nem surdo, nem cego; que a vida n\u00e3o \u00e9 uma confus\u00e3o sem fim, um caos informe; que tudo tem sua raz\u00e3o de ser, seu alvo, seu fim.<\/p>\n<p>Creio que existiremos que o Nada \u00e9 uma palavra v\u00e3; que a Morte n\u00e3o existe; que nada morre; que o ser sobrevive ao seu<br \/>\n<br \/> inv\u00f3lucro; que a morte n\u00e3o existe; que a morte n\u00e3o \u00e9 um termo, mas. Uma metamorfose, uma transforma\u00e7\u00e3o necess\u00e1ria, um renovamento; que somos eternos pela base do nosso ser; que nada do que existe pode ser aniquilado, porque existimos.<\/p>\n<p>           CREIO que n\u00e3o h\u00e1 aniquilamento, mas sem pre estados sucedendo a outros estados, a eterna transmiss\u00e3o de outra ordem de coisas a outra, de uma economia a outra, de um servi\u00e7o a outro; que tudo renasce; que tudo volta a sua hora, melhorado, aperfei\u00e7oado pelo labor; que o nascimento n\u00e3o \u00e9 o verdadeiro come\u00e7o; que nascer n\u00e3o \u00e9 principiar, mas mudar de figura; que nossas exist\u00eancias n\u00e3o s\u00e3o mais que continua\u00e7\u00f5es, s\u00e9ries, consequ\u00eancias; que o sono ou despertar, morte ou nascimento, s\u00e3o uma e a mesma coisa; transi\u00e7\u00e3o semelhante, acidente previsto.<\/p>\n<p>CREIO que tudo evolui e tende para um estado superior; que tudo se transforma e aperfei\u00e7oa; que o homem marcha sempre e sempre se engrandece; que tudo rola, prolonga-se e renova-se; que a morte n\u00e3o \u00e9 o \u00ednico teatro se nossas lutas e de nossos progressos; que o universo \u00e9 sem lacuna; que h\u00e1 mundos infinitos nesse universo infinito; que o mundo \u00e9 um ponto que conduz a outro e que os h\u00e1 para todos os graus de crescimento.<\/p>\n<p>CREIO que , saindo desta vida, n\u00e3o entramos em um estado definitivo; que nada se acaba neste mundo; que enquanto um destino humano tem alguma coisa a cumprir, isto \u00e9, um progresso a realizar, nada est\u00e1 para ele acabado ; que a morte n\u00e3o deve ser tomada sen\u00e3o como um descanso em nossa viagem; que a morte \u00e9 feixe de caminhos em todas as dire\u00e7\u00f5es do universo e nos quais efetuamos nosso destino infinito.<\/p>\n<p>CREIO que DEUS n\u00e3o criou almas civilizadas; que a alma humana \u00e9 o resultado do trabalho, que todos os homens s\u00e3o cidad\u00e3os da mesma p\u00e1tria, membros da mesma fam\u00edlia, ramos da mesma \u00e1rvore; que todos t\u00eam origem, destino e aspira\u00e7\u00e3o comuns, que todos come\u00e7aram a ascens\u00e3o que est\u00e3o somente mais ou menos altos; que os mais vis t\u00eam por lei alcan\u00e7ar os mais elevados.<\/p>\n<p>CREIO que o homem n\u00e3o \u00e9 o ultimo anel que une a criatura ao Criador; que n\u00e3o somos os primeiros depois de DEUS; que temos ao menos tantos degraus sobre a cabe\u00e7a como abaixo dos p\u00e9s; que a vida est\u00e1 em toda a  parte, que a alma est\u00e1 em toda coisa, que o corpo envolve um esp\u00edrito; que o homem n\u00e3o \u00e9 o \u00ednico; que \u00e9 seguido de uma sombra; que todos , o pr\u00f3prio calhau miser\u00e1vel, tem atr\u00e1s de si uma sombra, uma sombra diante deles; que todos s\u00e3o alma que vive, que viveu, que deve viver.<\/p>\n<p>CREIO que a harmonia do Universo se resume em uma s\u00f3 lei; que o progresso por toda parte \u00e9 para todos, para o animal como para a planta, para a planta como para o mineral; que tudo segue a mesma rota\u00e7\u00e3o, que tudo morre da mesma maneira e morre ultimamente; que a vida sorve todos os elementos da pr\u00f3pria morte; que cresce por s\u00e9rie continua de transforma\u00e7\u00f5es infinitas, que parte do infinitamente pequeno marcha para o infinitamente grande.<\/p>\n<p>CREIO que tudo que vive \u00e9 encarna\u00e7\u00e3o; que toda evolu\u00e7\u00e3o, toda transforma\u00e7\u00e3o \u00e9 encarna\u00e7\u00e3o, que as criaturas sobem no crescimento d \u2122alma como no dos inv\u00f3lucros; que o homem \u00e9 o esp\u00edrito encarnado; que a alma n\u00e3o \u00e9 criada ao mesmo tempo que o corpo , que ela \u00e9 apenas incorporada; que a encarna\u00e7\u00e3o \u00e9 uma lei da natureza, uma necessidade absoluta, consequ\u00eancia l\u00f3gica da lei do progresso; que todo o homem \u00e9 um resumo de exist\u00eancias anteriores, que se comp\u00f5em de numerosos personagens, formando um s\u00f3.<\/p>\n<p>CREIO que neste universo, obra da Infinita Sabedoria, nada acontece pelo jogo do acaso; que nada se faz sem uma Soberana Justi\u00e7a; que toda desordem n\u00e3o existe sen\u00e3o em apar\u00eancia; que n\u00e3o h\u00e1 acaso, nem fatalidade; que as for\u00e7as, leis, que ningu\u00e9m pode derrogar; que todas as coisas do mundo t\u00eam liga\u00e7\u00e3o entre si; que nada \u00e9 isolado; que o mundo material \u00e9 solid\u00e1rio com o mundo espiritual e que ambos se penetram reciprocamente; que tudo se mant\u00e9m, tudo se concorda, tudo se encadeia, e, se liga, sobre o ponto de vista moral, como f\u00edsico; que na ordem dos fatos, dos mais simples aos mais complexos, tudo \u00e9 regulado por uma lei. <\/p>\n<p>CREIO que a lei moral \u00e9 uma verdade absoluta; que a Justi\u00e7a, a Sabedoria, a Virtude, existem na marcha do mundo, tanto quanto a realidade f\u00edsica; que n\u00e3o se pode transpor, sem trabalho e sem m\u00e9rito, um grau na inicia\u00e7\u00e3o humana; que o esp\u00edrito deve chegar s\u00f3, por si,\u00e0 verdade, e que tem de tornar-se merecedor de sua felicidade, que a felicidade para ter tido o seu pre\u00e7o, deve ser adquirida e n\u00e3o concedida.<\/p>\n<p>CREIO que a vida n\u00e3o \u00e9 um jogo, uma ilus\u00e3o, que a verdadeira vida n\u00e3o \u00e9 a que multiplica os gozos; que a felicidade tal qual a entendemos n\u00e3o pode existir; que \u00e9 preciso que o esfor\u00e7o subsista neste mundo; que n\u00e3o estamos aqui para gozar, mas para lutar, trabalhar, combater; que a luta \u00e9 necess\u00e1ria ao desenvolvimento do espirito, que Verdadeiro fim da vida consiste no dever que incumbe a todo ser humano de subjugar a mat\u00e9ria ao esp\u00edrito.<\/p>\n<p>CREIO que o homem \u00e9 justificado n\u00e3o por sua f\u00e9, mas por suas obras; que a pr\u00e1tica do bem \u00e9 a lei superior, a condi\u00e7\u00e3o sinequanon de nosso futuro; que a santidade \u00e9 o alvo a que devem os chegar; que n\u00e3o se pode fazer tudo impunemente; que a felicidade e a desgra\u00e7a dos homens dependem absolutamente da observa\u00e7\u00e3o da lei universal, que regem a ordem em a natureza.<\/p>\n<p>CREIO que existem um Inferno e um Para\u00edso filos\u00f3ficos, isto \u00e9, um sistema natural que liga entre si, intimamente, as causas al\u00e9m e aqu\u00e9m do tempo; que sempre nos sucedemos a n\u00f3s mesmos; que sempre determinamos, por nossa marcha presente a marcha que seguiremos mais tarde.<\/p>\n<p>CREIO que o presente determina o futuro; que cada homem tece em volta de si o seu destino; que se torna sem cessar o que mereceu ser;que nenhum desvio do caminho reto fica impune; que os que dele se afastam ser\u00e3o a ele levados fatalmente; que o progresso \u00e9 uma lei soberana a qual ningu\u00e9m resiste; que n\u00e3o h\u00e1 um defeito, uma imperfei\u00e7\u00e3o moral, uma a\u00e7\u00e3o m\u00e1 que n\u00e3o tenha sua contradita e suas consequ\u00eancias naturais; que n\u00e3o h\u00e1 ato \u00edtil sem proveito, falta sem san\u00e7\u00e3o; que n\u00e3o a\u00e7\u00e3o que possa sonegar-se.<\/p>\n<p>CREIO que cada um deve a si mesmo sua sorte, que cada um cria as suas alegrias como as suas penas; que o homem \u00e9 o seu pr\u00f3prio algoz; que se remunera e se pune a si mesmo; que colhe o que semeia e nutre-se do que colhe, debilitado ou fortificado pelos alimentos que ele pr\u00f3prio produziu; que a alma transporta em si mesma o seu pr\u00f3prio castigo, em todo o lugar em que possa encontrar; que o inferno n\u00e3o \u00e9 um lugar, mas uma condi\u00e7\u00e3o de ser, um estado da alma; que pertence a cada um de n\u00f3s sair dele ou a\u00ed nos manter.<\/p>\n<p>CREIO que a pena est\u00e1 sen\u00e3o na falta; que \u00e9 imposs\u00edvel que coisas possam separar-se; que o sofrimento n\u00e3o \u00e9 o resultado do acaso; que toda l\u00e1grima lava alguma coisa; que dor e culpabilidade s\u00e3o sin\u00f4nimos; que o homem em evolu\u00e7\u00e3o \u00e9 tribut\u00e1rio de seus erros e de seus<br \/>\n<br \/>maus pensamentos; que som os n\u00f3s os instrumentos de nosso pr\u00f3prio suplicio.<\/p>\n<p>CREIO que toda vida culposa deve ser resgatada; que toda falta cometida, todo mal causado \u00e9 uma divida contra\u00edda, que deve ser paga no momento ou no outro, quer em uma exist\u00eancia quer na outra; que a fatalidade aparente, que sem eia de m ales o caminho da vida, n\u00e3o \u00e9 sen\u00e3o a consequ\u00eancia do nosso passado, o efeito produzido pela causa; que a vida terrestre \u00e9 ao mesmo tempo repara\u00e7\u00e3o e prepara\u00e7\u00e3o; que nenhum de n\u00f3s \u00e9 o que deve ser e que \u00e9 preciso que a raz\u00e3o se cumpra, que a justi\u00e7a se fa\u00e7a e o bem seja.<br \/>\n<br \/>CREIO que cada nova exist\u00eancia \u00e9 um novo ponto de partida, em que o homem \u00e9 aquilo que se fez; que renasce com seu d\u00e9bito e com seu cr\u00e9dito; que nada perde do que adquiriu; que o esquecimento tempor\u00e1rio do passado \u00e9 a condi\u00e7\u00e3o indispens\u00e1vel de toda prova\u00e7\u00e3o e de todo o progresso; que \u00e9 preciso que o esfor\u00e7o seja livre e volunt\u00e1rio; que o conhecimento dos fatos anteriores e das san\u00e7\u00f5es inevit\u00e1veis embara\u00e7aria o homem, em lugar de ajud\u00e1-lo; que \u00e9 justo e necess\u00e1rio que, em seu estado atual, o passado e o futuro lhe sejam ocultos.<\/p>\n<p>CREIO, enfim, que a revela\u00e7\u00e3o \u00e9 progressiva, que a verdade se desvenda sempre, segundo os tempos e os lugares; que estamos na aurora da vida consciente e que marchamos, todos, na solidariedade universal, atrav\u00e9s de vidas sucessivas para a infinita perfei\u00e7\u00e3o; que o futuro encerra e que tudo foi criado, tendo em vista um bem final; que o Bem \u00e9 a lei do Universo e o Mal um estado transit\u00f3rio, sempre repar\u00e1vel, uma das fases inferiores da evolu\u00e7\u00e3o dos seres para o bem ; que nada de irremedi\u00e1vel pesa sobre n\u00f3s; que tudo se apaga; tudo se dissolve; que a dor \u00e9 libertadora, que nada \u00e9 negro, nada \u00e9 triste; que tudo acaba bem e que n\u00e3o se tem sen\u00e3o de esperar a sua hora em um mundo ou em outro. \u009d <\/p>\n<p>Eur\u00edpedes Barsanulfo<\/p>\n<p>31 de dezembro de 1913<br \/>\n<br \/>Fonte: Eur\u00edpedes  \u201c o homem e a miss\u00e3o(Corina Novelino)<\/p>\n<div class=\"pvc_clear\"><\/div>\n<p id=\"pvc_stats_11173\" class=\"pvc_stats all  \" data-element-id=\"11173\" style=\"\"><i class=\"pvc-stats-icon medium\" aria-hidden=\"true\"><svg aria-hidden=\"true\" focusable=\"false\" data-prefix=\"far\" data-icon=\"chart-bar\" role=\"img\" xmlns=\"http:\/\/www.w3.org\/2000\/svg\" viewBox=\"0 0 512 512\" class=\"svg-inline--fa fa-chart-bar fa-w-16 fa-2x\"><path fill=\"currentColor\" d=\"M396.8 352h22.4c6.4 0 12.8-6.4 12.8-12.8V108.8c0-6.4-6.4-12.8-12.8-12.8h-22.4c-6.4 0-12.8 6.4-12.8 12.8v230.4c0 6.4 6.4 12.8 12.8 12.8zm-192 0h22.4c6.4 0 12.8-6.4 12.8-12.8V140.8c0-6.4-6.4-12.8-12.8-12.8h-22.4c-6.4 0-12.8 6.4-12.8 12.8v198.4c0 6.4 6.4 12.8 12.8 12.8zm96 0h22.4c6.4 0 12.8-6.4 12.8-12.8V204.8c0-6.4-6.4-12.8-12.8-12.8h-22.4c-6.4 0-12.8 6.4-12.8 12.8v134.4c0 6.4 6.4 12.8 12.8 12.8zM496 400H48V80c0-8.84-7.16-16-16-16H16C7.16 64 0 71.16 0 80v336c0 17.67 14.33 32 32 32h464c8.84 0 16-7.16 16-16v-16c0-8.84-7.16-16-16-16zm-387.2-48h22.4c6.4 0 12.8-6.4 12.8-12.8v-70.4c0-6.4-6.4-12.8-12.8-12.8h-22.4c-6.4 0-12.8 6.4-12.8 12.8v70.4c0 6.4 6.4 12.8 12.8 12.8z\" class=\"\"><\/path><\/svg><\/i> <img decoding=\"async\" width=\"16\" height=\"16\" alt=\"Loading\" data-src=\"https:\/\/www.centronocaminhodaluz.com.br\/wp-content\/plugins\/page-views-count\/ajax-loader-2x.gif\" border=0 src=\"data:image\/svg+xml;base64,PHN2ZyB3aWR0aD0iMSIgaGVpZ2h0PSIxIiB4bWxucz0iaHR0cDovL3d3dy53My5vcmcvMjAwMC9zdmciPjwvc3ZnPg==\" class=\"lazyload\" style=\"--smush-placeholder-width: 16px; --smush-placeholder-aspect-ratio: 16\/16;\" \/><\/p>\n<div class=\"pvc_clear\"><\/div>\n","protected":false},"excerpt":{"rendered":"<p>O CREDO de Eur\u00edpedes Barsanulfo CREIO que n\u00e3o temos nossa causa em n\u00f3s mesmos; que existe acima do homem e superior\u00e0 natureza um Ser Pensante, Infinito, Eterno, Imut\u00e1vel, um Supremo Legislador; que a exist\u00eancia de um Criador, de uma Raz\u00e3o primitiva, \u00e9 um fato adquirido pela evid\u00eancia material dos fatos, que o Universo n\u00e3o \u00e9&hellip; <br \/> <a class=\"read-more\" href=\"https:\/\/www.centronocaminhodaluz.com.br\/index.php\/artigo11173\/\">Leia mais<\/a><\/p>\n<div class=\"pvc_clear\"><\/div>\n<p id=\"pvc_stats_11173\" class=\"pvc_stats all  \" data-element-id=\"11173\" style=\"\"><i class=\"pvc-stats-icon medium\" aria-hidden=\"true\"><svg aria-hidden=\"true\" focusable=\"false\" data-prefix=\"far\" data-icon=\"chart-bar\" role=\"img\" xmlns=\"http:\/\/www.w3.org\/2000\/svg\" viewBox=\"0 0 512 512\" class=\"svg-inline--fa fa-chart-bar fa-w-16 fa-2x\"><path fill=\"currentColor\" d=\"M396.8 352h22.4c6.4 0 12.8-6.4 12.8-12.8V108.8c0-6.4-6.4-12.8-12.8-12.8h-22.4c-6.4 0-12.8 6.4-12.8 12.8v230.4c0 6.4 6.4 12.8 12.8 12.8zm-192 0h22.4c6.4 0 12.8-6.4 12.8-12.8V140.8c0-6.4-6.4-12.8-12.8-12.8h-22.4c-6.4 0-12.8 6.4-12.8 12.8v198.4c0 6.4 6.4 12.8 12.8 12.8zm96 0h22.4c6.4 0 12.8-6.4 12.8-12.8V204.8c0-6.4-6.4-12.8-12.8-12.8h-22.4c-6.4 0-12.8 6.4-12.8 12.8v134.4c0 6.4 6.4 12.8 12.8 12.8zM496 400H48V80c0-8.84-7.16-16-16-16H16C7.16 64 0 71.16 0 80v336c0 17.67 14.33 32 32 32h464c8.84 0 16-7.16 16-16v-16c0-8.84-7.16-16-16-16zm-387.2-48h22.4c6.4 0 12.8-6.4 12.8-12.8v-70.4c0-6.4-6.4-12.8-12.8-12.8h-22.4c-6.4 0-12.8 6.4-12.8 12.8v70.4c0 6.4 6.4 12.8 12.8 12.8z\" class=\"\"><\/path><\/svg><\/i> <img decoding=\"async\" width=\"16\" height=\"16\" alt=\"Loading\" data-src=\"https:\/\/www.centronocaminhodaluz.com.br\/wp-content\/plugins\/page-views-count\/ajax-loader-2x.gif\" border=0 src=\"data:image\/svg+xml;base64,PHN2ZyB3aWR0aD0iMSIgaGVpZ2h0PSIxIiB4bWxucz0iaHR0cDovL3d3dy53My5vcmcvMjAwMC9zdmciPjwvc3ZnPg==\" class=\"lazyload\" style=\"--smush-placeholder-width: 16px; --smush-placeholder-aspect-ratio: 16\/16;\" \/><\/p>\n<div class=\"pvc_clear\"><\/div>\n","protected":false},"author":1,"featured_media":0,"comment_status":"Closed","ping_status":"open","sticky":false,"template":"","format":"standard","meta":{"footnotes":""},"categories":[16],"tags":[],"class_list":["post-11173","post","type-post","status-publish","format-standard","hentry","category-mensagens-diversas"],"a3_pvc":{"activated":true,"total_views":2196,"today_views":0},"_links":{"self":[{"href":"https:\/\/www.centronocaminhodaluz.com.br\/index.php\/wp-json\/wp\/v2\/posts\/11173","targetHints":{"allow":["GET"]}}],"collection":[{"href":"https:\/\/www.centronocaminhodaluz.com.br\/index.php\/wp-json\/wp\/v2\/posts"}],"about":[{"href":"https:\/\/www.centronocaminhodaluz.com.br\/index.php\/wp-json\/wp\/v2\/types\/post"}],"author":[{"embeddable":true,"href":"https:\/\/www.centronocaminhodaluz.com.br\/index.php\/wp-json\/wp\/v2\/users\/1"}],"replies":[{"embeddable":true,"href":"https:\/\/www.centronocaminhodaluz.com.br\/index.php\/wp-json\/wp\/v2\/comments?post=11173"}],"version-history":[{"count":0,"href":"https:\/\/www.centronocaminhodaluz.com.br\/index.php\/wp-json\/wp\/v2\/posts\/11173\/revisions"}],"wp:attachment":[{"href":"https:\/\/www.centronocaminhodaluz.com.br\/index.php\/wp-json\/wp\/v2\/media?parent=11173"}],"wp:term":[{"taxonomy":"category","embeddable":true,"href":"https:\/\/www.centronocaminhodaluz.com.br\/index.php\/wp-json\/wp\/v2\/categories?post=11173"},{"taxonomy":"post_tag","embeddable":true,"href":"https:\/\/www.centronocaminhodaluz.com.br\/index.php\/wp-json\/wp\/v2\/tags?post=11173"}],"curies":[{"name":"wp","href":"https:\/\/api.w.org\/{rel}","templated":true}]}}