{"id":1127,"date":"2013-12-26T13:04:00","date_gmt":"2013-12-26T13:04:00","guid":{"rendered":"http:\/\/www.centronocaminhodaluz.com.br\/index.php\/2013\/12\/26\/a-luz\/"},"modified":"2013-12-26T13:04:00","modified_gmt":"2013-12-26T13:04:00","slug":"artigo1127","status":"publish","type":"post","link":"https:\/\/www.centronocaminhodaluz.com.br\/index.php\/artigo1127\/","title":{"rendered":"A Luz"},"content":{"rendered":"<p><a name=more><\/a>   <br \/>Ele n\u00e3o tinha sombras. Ele era Luz. Veio para as trevas e as trevas n\u00e3o O reconheceram.  <\/p>\n<p>Brilhou em meio \u00e0 escurid\u00e3o mas, os que perceberam Sua luminosidade, nada mais desejaram sen\u00e3o apagar a Luz que irradiava.  <\/p>\n<p>Ele n\u00e3o tinha sombras porque era perfeito. Nenhum tra\u00e7o de inferioridade lhe manchava a personalidade. Antes que a Terra exalasse seu primeiro suspiro como um planeta prop\u00edcio \u00e0 vida, Ele j\u00e1 era.  <\/p>\n<p>Por isso, muitos O julgaram o pr\u00f3prio Incriado e O confundiram com a Divindade. Mas Ele, sempre correto, esclareceu, desde o primeiro momento: Eu vim para cumprir a vontade de meu pai, que est\u00e1 nos c\u00e9us.  <\/p>\n<p>Ele n\u00e3o tinha sombras. Nenhuma culpa, nenhum sen\u00e3o lhe maculava o Esp\u00edrito.  <\/p>\n<p>Por isso, podia estabelecer o convite: Vem e segue-me.  <\/p>\n<p>Senhor do mundo, pastor de um rebanho de almas incultas, eivadas de erros e de vicia\u00e7\u00f5es morais, veio para as conduzir.  <\/p>\n<p>Con   tudo, nem todos lhe ouviram a voz ou O desejaram seguir naqueles tempos.  <\/p>\n<p>Por isso, Ele prossegue com o insistente chamado, anunciando as bem-aventuran\u00e7as do Reino do Pai.  <\/p>\n<p>Ele era a Luz. Os que nada desejavam sen\u00e3o espalhar sua pr\u00f3pria sombra, O perseguiram, levantando cal\u00fanias, engendrando maldade.  <\/p>\n<p>Ele respondia com amor. Por onde passava, deixava pegadas luminosas a fim de que os que viessem emp\u00f3s, na fieira do tempo e das vidas, pudessem segui-lO. Quando o desejassem, quando lhe pudessem compreender a mensagem.  <\/p>\n<p>Falando com a autoridade de quem faz o que recomenda, Ele se dirigia aos Esp\u00edritos perturbadores e infelizes, arrancando-os da insensatez.  <\/p>\n<p>A Sua era a mensagem da paz: A minha paz vos deixo, a minha paz vos dou.  <\/p>\n<p>Senhor das estrelas, n\u00e3o amealhou bens perec\u00edveis, antes preocupou-se em conquistar cora\u00e7\u00f5es para o Reino de Deus.  <\/p>\n<p>A quem O feria, qual o s\u00e2ndalo que perfuma o machado que o agride, brindava com    o aroma da Sua paz.  <\/p>\n<p>De tal forma isso impregnava a criatura que n\u00e3o mais O esquecia. E, na poeira do tempo, optava por se entregar a Ele.  <\/p>\n<p>Manso como as pombas, jamais se deixou vencer pelos violentos, a eles respondendo com a dignidade da Sua conduta.  <\/p>\n<p>Ao soldado que O esbofeteou em plena face, indagou, sem medo: Se disse algo equivocado, aponta meu erro. Mas, se nada disse errado, por que me bateste?  <\/p>\n<p>E, quando a hora soou, qual um cordeiro levado ao altar dos holocaustos, Ele se entregou, sem reagir.  <\/p>\n<p>E, sozinho, enfrentou o ju\u00edzo arbitr\u00e1rio dos pigmeus que detinham o poder tolo e tempor\u00e1rio: An\u00e1s, Caif\u00e1s, Pilatos.  <\/p>\n<p>Ele era o Senhor do Mundo e submeteu-se \u00e0 justi\u00e7a comezinha dos homens, ensinando que o exemplo fala mais alto do que as palavras.  <\/p>\n<p>Ele era a Luz. At\u00e9 hoje, Ele brilha e espera.  <\/p>\n<p>Espera que as Suas ovelhas lhe atendam ao chamado, reconhe\u00e7am a Sua voz e descubram que com Ele n\u00e3o mais haver\u00e1 noite    de solid\u00e3o e amargura.  <\/p>\n<p>Que com Ele, n\u00e3o haver\u00e1 sede de justi\u00e7a porque Ele \u00e9 a \u00e1gua viva, que dessedenta para sempre.  <\/p>\n<p>Com Ele n\u00e3o haver\u00e1 car\u00eancias pois Ele \u00e9 a plenitude.  <\/p>\n<p>Ele \u00e9 Jesus, o Filho de Deus, o Bom Pastor das nossas almas.  <\/p>\n<p>Ele \u00e9 o Enviado, o Messias aguardado no tempo e anunciado por s\u00e9culos na voz dos profetas.  <\/p>\n<p>Ou\u00e7amo-lO. Sigamo-lO. Ele \u00e9 a Luz, o Caminho, a Vida&#8230;  <\/p>\n<p>Reda\u00e7\u00e3o do Momento Esp\u00edrita.  <br \/>Em 20.12.2013.<\/p>\n<div class=\"pvc_clear\"><\/div>\n<p id=\"pvc_stats_1127\" class=\"pvc_stats all  \" data-element-id=\"1127\" style=\"\"><i class=\"pvc-stats-icon medium\" aria-hidden=\"true\"><svg aria-hidden=\"true\" focusable=\"false\" data-prefix=\"far\" data-icon=\"chart-bar\" role=\"img\" xmlns=\"http:\/\/www.w3.org\/2000\/svg\" viewBox=\"0 0 512 512\" class=\"svg-inline--fa fa-chart-bar fa-w-16 fa-2x\"><path fill=\"currentColor\" d=\"M396.8 352h22.4c6.4 0 12.8-6.4 12.8-12.8V108.8c0-6.4-6.4-12.8-12.8-12.8h-22.4c-6.4 0-12.8 6.4-12.8 12.8v230.4c0 6.4 6.4 12.8 12.8 12.8zm-192 0h22.4c6.4 0 12.8-6.4 12.8-12.8V140.8c0-6.4-6.4-12.8-12.8-12.8h-22.4c-6.4 0-12.8 6.4-12.8 12.8v198.4c0 6.4 6.4 12.8 12.8 12.8zm96 0h22.4c6.4 0 12.8-6.4 12.8-12.8V204.8c0-6.4-6.4-12.8-12.8-12.8h-22.4c-6.4 0-12.8 6.4-12.8 12.8v134.4c0 6.4 6.4 12.8 12.8 12.8zM496 400H48V80c0-8.84-7.16-16-16-16H16C7.16 64 0 71.16 0 80v336c0 17.67 14.33 32 32 32h464c8.84 0 16-7.16 16-16v-16c0-8.84-7.16-16-16-16zm-387.2-48h22.4c6.4 0 12.8-6.4 12.8-12.8v-70.4c0-6.4-6.4-12.8-12.8-12.8h-22.4c-6.4 0-12.8 6.4-12.8 12.8v70.4c0 6.4 6.4 12.8 12.8 12.8z\" class=\"\"><\/path><\/svg><\/i> <img decoding=\"async\" width=\"16\" height=\"16\" alt=\"Loading\" data-src=\"https:\/\/www.centronocaminhodaluz.com.br\/wp-content\/plugins\/page-views-count\/ajax-loader-2x.gif\" border=0 src=\"data:image\/svg+xml;base64,PHN2ZyB3aWR0aD0iMSIgaGVpZ2h0PSIxIiB4bWxucz0iaHR0cDovL3d3dy53My5vcmcvMjAwMC9zdmciPjwvc3ZnPg==\" class=\"lazyload\" style=\"--smush-placeholder-width: 16px; --smush-placeholder-aspect-ratio: 16\/16;\" \/><\/p>\n<div class=\"pvc_clear\"><\/div>\n","protected":false},"excerpt":{"rendered":"<p>Ele n\u00e3o tinha sombras. Ele era Luz. Veio para as trevas e as trevas n\u00e3o O reconheceram. Brilhou em meio \u00e0 escurid\u00e3o mas, os que perceberam Sua luminosidade, nada mais desejaram sen\u00e3o apagar a Luz que irradiava. Ele n\u00e3o tinha sombras porque era perfeito. Nenhum tra\u00e7o de inferioridade lhe manchava a personalidade. Antes que a&hellip; <br \/> <a class=\"read-more\" href=\"https:\/\/www.centronocaminhodaluz.com.br\/index.php\/artigo1127\/\">Leia mais<\/a><\/p>\n<div class=\"pvc_clear\"><\/div>\n<p id=\"pvc_stats_1127\" class=\"pvc_stats all  \" data-element-id=\"1127\" style=\"\"><i class=\"pvc-stats-icon medium\" aria-hidden=\"true\"><svg aria-hidden=\"true\" focusable=\"false\" data-prefix=\"far\" data-icon=\"chart-bar\" role=\"img\" xmlns=\"http:\/\/www.w3.org\/2000\/svg\" viewBox=\"0 0 512 512\" class=\"svg-inline--fa fa-chart-bar fa-w-16 fa-2x\"><path fill=\"currentColor\" d=\"M396.8 352h22.4c6.4 0 12.8-6.4 12.8-12.8V108.8c0-6.4-6.4-12.8-12.8-12.8h-22.4c-6.4 0-12.8 6.4-12.8 12.8v230.4c0 6.4 6.4 12.8 12.8 12.8zm-192 0h22.4c6.4 0 12.8-6.4 12.8-12.8V140.8c0-6.4-6.4-12.8-12.8-12.8h-22.4c-6.4 0-12.8 6.4-12.8 12.8v198.4c0 6.4 6.4 12.8 12.8 12.8zm96 0h22.4c6.4 0 12.8-6.4 12.8-12.8V204.8c0-6.4-6.4-12.8-12.8-12.8h-22.4c-6.4 0-12.8 6.4-12.8 12.8v134.4c0 6.4 6.4 12.8 12.8 12.8zM496 400H48V80c0-8.84-7.16-16-16-16H16C7.16 64 0 71.16 0 80v336c0 17.67 14.33 32 32 32h464c8.84 0 16-7.16 16-16v-16c0-8.84-7.16-16-16-16zm-387.2-48h22.4c6.4 0 12.8-6.4 12.8-12.8v-70.4c0-6.4-6.4-12.8-12.8-12.8h-22.4c-6.4 0-12.8 6.4-12.8 12.8v70.4c0 6.4 6.4 12.8 12.8 12.8z\" class=\"\"><\/path><\/svg><\/i> <img decoding=\"async\" width=\"16\" height=\"16\" alt=\"Loading\" data-src=\"https:\/\/www.centronocaminhodaluz.com.br\/wp-content\/plugins\/page-views-count\/ajax-loader-2x.gif\" border=0 src=\"data:image\/svg+xml;base64,PHN2ZyB3aWR0aD0iMSIgaGVpZ2h0PSIxIiB4bWxucz0iaHR0cDovL3d3dy53My5vcmcvMjAwMC9zdmciPjwvc3ZnPg==\" class=\"lazyload\" style=\"--smush-placeholder-width: 16px; --smush-placeholder-aspect-ratio: 16\/16;\" \/><\/p>\n<div class=\"pvc_clear\"><\/div>\n","protected":false},"author":1,"featured_media":0,"comment_status":"Closed","ping_status":"open","sticky":false,"template":"","format":"standard","meta":{"footnotes":""},"categories":[16],"tags":[],"class_list":["post-1127","post","type-post","status-publish","format-standard","hentry","category-mensagens-diversas"],"a3_pvc":{"activated":true,"total_views":1504,"today_views":0},"_links":{"self":[{"href":"https:\/\/www.centronocaminhodaluz.com.br\/index.php\/wp-json\/wp\/v2\/posts\/1127","targetHints":{"allow":["GET"]}}],"collection":[{"href":"https:\/\/www.centronocaminhodaluz.com.br\/index.php\/wp-json\/wp\/v2\/posts"}],"about":[{"href":"https:\/\/www.centronocaminhodaluz.com.br\/index.php\/wp-json\/wp\/v2\/types\/post"}],"author":[{"embeddable":true,"href":"https:\/\/www.centronocaminhodaluz.com.br\/index.php\/wp-json\/wp\/v2\/users\/1"}],"replies":[{"embeddable":true,"href":"https:\/\/www.centronocaminhodaluz.com.br\/index.php\/wp-json\/wp\/v2\/comments?post=1127"}],"version-history":[{"count":0,"href":"https:\/\/www.centronocaminhodaluz.com.br\/index.php\/wp-json\/wp\/v2\/posts\/1127\/revisions"}],"wp:attachment":[{"href":"https:\/\/www.centronocaminhodaluz.com.br\/index.php\/wp-json\/wp\/v2\/media?parent=1127"}],"wp:term":[{"taxonomy":"category","embeddable":true,"href":"https:\/\/www.centronocaminhodaluz.com.br\/index.php\/wp-json\/wp\/v2\/categories?post=1127"},{"taxonomy":"post_tag","embeddable":true,"href":"https:\/\/www.centronocaminhodaluz.com.br\/index.php\/wp-json\/wp\/v2\/tags?post=1127"}],"curies":[{"name":"wp","href":"https:\/\/api.w.org\/{rel}","templated":true}]}}