{"id":1129,"date":"2013-12-26T12:54:00","date_gmt":"2013-12-26T12:54:00","guid":{"rendered":"http:\/\/www.centronocaminhodaluz.com.br\/index.php\/2013\/12\/26\/correr-riscos\/"},"modified":"2013-12-26T12:54:00","modified_gmt":"2013-12-26T12:54:00","slug":"artigo1129","status":"publish","type":"post","link":"https:\/\/www.centronocaminhodaluz.com.br\/index.php\/artigo1129\/","title":{"rendered":"Correr riscos"},"content":{"rendered":"<p><a name=more><\/a>S\u00eaneca foi um fil\u00f3sofo e poeta romano que viveu sob o imp\u00e9rio de Cal\u00edgula, depois Cl\u00e1udio e, finalmente, Nero.  <\/p>\n<p>Seu talento como advogado lhe valeu a inimizade do imperador Cal\u00edgula. Sob o imp\u00e9rio de Cl\u00e1udio foi exilado durante oito anos.  <\/p>\n<p>Chamado de volta a Roma, foi tutor de Nero e, durante algum tempo, conseguiu exercer uma influ\u00eancia ben\u00e9fica sobre o jovem imperador.  <\/p>\n<p>Mais tarde, adotou uma posi\u00e7\u00e3o de complac\u00eancia com as tantas loucuras cometidas pelo imperador, o que n\u00e3o impediu que viesse a receber ordem para se suicidar.  <\/p>\n<p>Vivendo em climas t\u00e3o adversos, manteve sua preocupa\u00e7\u00e3o com as conquistas morais individuais. E teve oportunidade de escrever:  <\/p>\n<p>Chorar \u00e9 correr o risco de parecer sentimental demais.  <\/p>\n<p>Rir \u00e9 correr o risco de parecer tolo.  <\/p>\n<p>Estender a m\u00e3o \u00e9 correr o risco de se envolver.  <\/p>\n<p>Expor seus sentimentos \u00e9 correr o risco de mostrar seu    verdadeiro eu.  <\/p>\n<p>Defender seus sonhos e ideias diante da multid\u00e3o \u00e9 correr o risco de ser mal interpretado e perder as pessoas.  <\/p>\n<p>Amar \u00e9 correr o risco de n\u00e3o ser correspondido.  <\/p>\n<p>Viver \u00e9 correr o risco de morrer.  <\/p>\n<p>Confiar \u00e9 correr o risco de se decepcionar.  <\/p>\n<p>Tentar \u00e9 correr o risco de fracassar.  <\/p>\n<p>Mas devemos correr os riscos, porque o maior perigo \u00e9 n\u00e3o arriscar nada.  <\/p>\n<p>H\u00e1 pessoas que n\u00e3o correm nenhum risco, n\u00e3o fazem nada, n\u00e3o t\u00eam nada e n\u00e3o s\u00e3o nada.  <\/p>\n<p>Elas podem at\u00e9 evitar sofrimentos e desilus\u00f5es, mas n\u00e3o conseguem nada, n\u00e3o sentem nada, n\u00e3o mudam, n\u00e3o crescem, n\u00e3o amam, n\u00e3o vivem.  <\/p>\n<p>Acorrentadas por suas atitudes, elas viram escravas, privam-se de sua liberdade.  <\/p>\n<p>Somente a pessoa que corre riscos \u00e9 livre.  <\/p>\n<p>*   *   *  <\/p>\n<p>A decis\u00e3o de correr riscos ou n\u00e3o, \u00e9 nossa. Agora, podemos continuar a deter o choro porque nos foi dito na inf\u00e2ncia que homem n\u00e3o chora. Ou, no caso da mulher, para    n\u00e3o demonstrar eventual fraqueza. Ou nos permitirmos as l\u00e1grimas demonstrando que somos seres humanos, com sentimentos.  <\/p>\n<p>Podemos ser daqueles que defendem as suas ideias nobres, lutando pela vida, expondo-nos ou nos calarmos diante da injusti\u00e7a.  <\/p>\n<p>Podemos nos engajar no movimento pela vida, expondo a nossa opini\u00e3o contra a eutan\u00e1sia, a pena de morte, o abortamento. Ou simplesmente continuarmos calados e permitir que tudo v\u00e1 acontecendo, sem nos preocuparmos.  <\/p>\n<p>Podemos nos envolver em movimentos pela paz, pelos direitos dos desfavorecidos, ou permanecermos ap\u00e1ticos, deixando que tudo corra a bel prazer.  <\/p>\n<p>Podemos, enfim, lutar por melhorar a nossa condi\u00e7\u00e3o de humanidade, burilando as nossas paix\u00f5es e vencendo a nossa acomoda\u00e7\u00e3o. Ou optarmos por continuar onde estamos, como estamos, n\u00e3o encetando nenhum esfor\u00e7o por granjear outras virtudes ou valores de nobreza espiritual.  <\/p>\n<p>A decis\u00e3o \u00e9 sempre individual e intransfer\u00edvel.  <\/p>\n<p>*   *   *     <\/p>\n<p>Os Esp\u00edritos fomos criados por Deus com um grandioso objetivo: a perfei\u00e7\u00e3o.  <\/p>\n<p>A caminhada \u00e9 longa e tortuosa. A escolha do caminho ou a velocidade com que se deseja andar, \u00e9 de cada um.  <\/p>\n<p>Optar pelo crescimento ou aguardar ser arrastado pela lei inexor\u00e1vel do progresso \u00e9 de cada criatura.  <\/p>\n<p>Mas, quem deseje alcan\u00e7ar antes a felicidade, idealize mudan\u00e7as desde hoje, enquanto as oportunidades sorriem e as chances se fazem abundantes.  <\/p>\n<p>Reda\u00e7\u00e3o do Momento Esp\u00edrita, com base em texto atribu\u00eddo a  <br \/>S\u00eaneca e no verbete S\u00eaneca, da Enciclop\u00e9dia Mirador, v. 18,  <br \/>Encyclopaedia Britannica do Brasil.  <br \/>Em 26.12.2013.<\/p>\n<div class=\"pvc_clear\"><\/div>\n<p id=\"pvc_stats_1129\" class=\"pvc_stats all  \" data-element-id=\"1129\" style=\"\"><i class=\"pvc-stats-icon medium\" aria-hidden=\"true\"><svg aria-hidden=\"true\" focusable=\"false\" data-prefix=\"far\" data-icon=\"chart-bar\" role=\"img\" xmlns=\"http:\/\/www.w3.org\/2000\/svg\" viewBox=\"0 0 512 512\" class=\"svg-inline--fa fa-chart-bar fa-w-16 fa-2x\"><path fill=\"currentColor\" d=\"M396.8 352h22.4c6.4 0 12.8-6.4 12.8-12.8V108.8c0-6.4-6.4-12.8-12.8-12.8h-22.4c-6.4 0-12.8 6.4-12.8 12.8v230.4c0 6.4 6.4 12.8 12.8 12.8zm-192 0h22.4c6.4 0 12.8-6.4 12.8-12.8V140.8c0-6.4-6.4-12.8-12.8-12.8h-22.4c-6.4 0-12.8 6.4-12.8 12.8v198.4c0 6.4 6.4 12.8 12.8 12.8zm96 0h22.4c6.4 0 12.8-6.4 12.8-12.8V204.8c0-6.4-6.4-12.8-12.8-12.8h-22.4c-6.4 0-12.8 6.4-12.8 12.8v134.4c0 6.4 6.4 12.8 12.8 12.8zM496 400H48V80c0-8.84-7.16-16-16-16H16C7.16 64 0 71.16 0 80v336c0 17.67 14.33 32 32 32h464c8.84 0 16-7.16 16-16v-16c0-8.84-7.16-16-16-16zm-387.2-48h22.4c6.4 0 12.8-6.4 12.8-12.8v-70.4c0-6.4-6.4-12.8-12.8-12.8h-22.4c-6.4 0-12.8 6.4-12.8 12.8v70.4c0 6.4 6.4 12.8 12.8 12.8z\" class=\"\"><\/path><\/svg><\/i> <img decoding=\"async\" width=\"16\" height=\"16\" alt=\"Loading\" data-src=\"https:\/\/www.centronocaminhodaluz.com.br\/wp-content\/plugins\/page-views-count\/ajax-loader-2x.gif\" border=0 src=\"data:image\/svg+xml;base64,PHN2ZyB3aWR0aD0iMSIgaGVpZ2h0PSIxIiB4bWxucz0iaHR0cDovL3d3dy53My5vcmcvMjAwMC9zdmciPjwvc3ZnPg==\" class=\"lazyload\" style=\"--smush-placeholder-width: 16px; --smush-placeholder-aspect-ratio: 16\/16;\" \/><\/p>\n<div class=\"pvc_clear\"><\/div>\n","protected":false},"excerpt":{"rendered":"<p>S\u00eaneca foi um fil\u00f3sofo e poeta romano que viveu sob o imp\u00e9rio de Cal\u00edgula, depois Cl\u00e1udio e, finalmente, Nero. Seu talento como advogado lhe valeu a inimizade do imperador Cal\u00edgula. Sob o imp\u00e9rio de Cl\u00e1udio foi exilado durante oito anos. Chamado de volta a Roma, foi tutor de Nero e, durante algum tempo, conseguiu exercer&hellip; <br \/> <a class=\"read-more\" href=\"https:\/\/www.centronocaminhodaluz.com.br\/index.php\/artigo1129\/\">Leia mais<\/a><\/p>\n<div class=\"pvc_clear\"><\/div>\n<p id=\"pvc_stats_1129\" class=\"pvc_stats all  \" data-element-id=\"1129\" style=\"\"><i class=\"pvc-stats-icon medium\" aria-hidden=\"true\"><svg aria-hidden=\"true\" focusable=\"false\" data-prefix=\"far\" data-icon=\"chart-bar\" role=\"img\" xmlns=\"http:\/\/www.w3.org\/2000\/svg\" viewBox=\"0 0 512 512\" class=\"svg-inline--fa fa-chart-bar fa-w-16 fa-2x\"><path fill=\"currentColor\" d=\"M396.8 352h22.4c6.4 0 12.8-6.4 12.8-12.8V108.8c0-6.4-6.4-12.8-12.8-12.8h-22.4c-6.4 0-12.8 6.4-12.8 12.8v230.4c0 6.4 6.4 12.8 12.8 12.8zm-192 0h22.4c6.4 0 12.8-6.4 12.8-12.8V140.8c0-6.4-6.4-12.8-12.8-12.8h-22.4c-6.4 0-12.8 6.4-12.8 12.8v198.4c0 6.4 6.4 12.8 12.8 12.8zm96 0h22.4c6.4 0 12.8-6.4 12.8-12.8V204.8c0-6.4-6.4-12.8-12.8-12.8h-22.4c-6.4 0-12.8 6.4-12.8 12.8v134.4c0 6.4 6.4 12.8 12.8 12.8zM496 400H48V80c0-8.84-7.16-16-16-16H16C7.16 64 0 71.16 0 80v336c0 17.67 14.33 32 32 32h464c8.84 0 16-7.16 16-16v-16c0-8.84-7.16-16-16-16zm-387.2-48h22.4c6.4 0 12.8-6.4 12.8-12.8v-70.4c0-6.4-6.4-12.8-12.8-12.8h-22.4c-6.4 0-12.8 6.4-12.8 12.8v70.4c0 6.4 6.4 12.8 12.8 12.8z\" class=\"\"><\/path><\/svg><\/i> <img decoding=\"async\" width=\"16\" height=\"16\" alt=\"Loading\" data-src=\"https:\/\/www.centronocaminhodaluz.com.br\/wp-content\/plugins\/page-views-count\/ajax-loader-2x.gif\" border=0 src=\"data:image\/svg+xml;base64,PHN2ZyB3aWR0aD0iMSIgaGVpZ2h0PSIxIiB4bWxucz0iaHR0cDovL3d3dy53My5vcmcvMjAwMC9zdmciPjwvc3ZnPg==\" class=\"lazyload\" style=\"--smush-placeholder-width: 16px; --smush-placeholder-aspect-ratio: 16\/16;\" \/><\/p>\n<div class=\"pvc_clear\"><\/div>\n","protected":false},"author":1,"featured_media":0,"comment_status":"Closed","ping_status":"open","sticky":false,"template":"","format":"standard","meta":{"footnotes":""},"categories":[16],"tags":[],"class_list":["post-1129","post","type-post","status-publish","format-standard","hentry","category-mensagens-diversas"],"a3_pvc":{"activated":true,"total_views":3056,"today_views":0},"_links":{"self":[{"href":"https:\/\/www.centronocaminhodaluz.com.br\/index.php\/wp-json\/wp\/v2\/posts\/1129","targetHints":{"allow":["GET"]}}],"collection":[{"href":"https:\/\/www.centronocaminhodaluz.com.br\/index.php\/wp-json\/wp\/v2\/posts"}],"about":[{"href":"https:\/\/www.centronocaminhodaluz.com.br\/index.php\/wp-json\/wp\/v2\/types\/post"}],"author":[{"embeddable":true,"href":"https:\/\/www.centronocaminhodaluz.com.br\/index.php\/wp-json\/wp\/v2\/users\/1"}],"replies":[{"embeddable":true,"href":"https:\/\/www.centronocaminhodaluz.com.br\/index.php\/wp-json\/wp\/v2\/comments?post=1129"}],"version-history":[{"count":0,"href":"https:\/\/www.centronocaminhodaluz.com.br\/index.php\/wp-json\/wp\/v2\/posts\/1129\/revisions"}],"wp:attachment":[{"href":"https:\/\/www.centronocaminhodaluz.com.br\/index.php\/wp-json\/wp\/v2\/media?parent=1129"}],"wp:term":[{"taxonomy":"category","embeddable":true,"href":"https:\/\/www.centronocaminhodaluz.com.br\/index.php\/wp-json\/wp\/v2\/categories?post=1129"},{"taxonomy":"post_tag","embeddable":true,"href":"https:\/\/www.centronocaminhodaluz.com.br\/index.php\/wp-json\/wp\/v2\/tags?post=1129"}],"curies":[{"name":"wp","href":"https:\/\/api.w.org\/{rel}","templated":true}]}}