{"id":11541,"date":"2012-08-22T00:00:00","date_gmt":"2012-08-22T00:00:00","guid":{"rendered":""},"modified":"2012-08-22T00:00:00","modified_gmt":"2012-08-22T00:00:00","slug":"artigo11541","status":"publish","type":"post","link":"https:\/\/www.centronocaminhodaluz.com.br\/index.php\/artigo11541\/","title":{"rendered":"Mensagem sobre o Brasil recebida no Centro Esp\u00edria Jesus no Lar"},"content":{"rendered":"<p>Irm\u00e3os Queridos.<\/p>\n<p>Diante dessa crise que se abate sobre o nosso povo, face a essa onda de pessimismo que toma conta dos brasileiros, frente aos embates que o pa\u00eds atravessa, n\u00f3s, os seus companheiros, trazemos na noite de hoje a nossa mensagem de f\u00e9, de coragem e de est\u00edmulo. Estamos irradiando-a para todas as reuni\u00f5es medi\u00ednicas que est\u00e3o sendo realizadas neste instante, de norte a sul do Brasil. Durante v\u00e1rios dias estaremos repetindo a nossa palavra, a fim de que maior n\u00edmero de m\u00e9diuns possa capt\u00e1-la. Cada um destes que sintonizar nesta faixa vibrat\u00f3ria dar\u00e1 a sua interpreta\u00e7\u00e3o, de acordo com o entendimento e a grada\u00e7\u00e3o que lhe forem peculiares.<br \/>\n<br \/>Estamos convidando todos os esp\u00edritas para se engajarem nesta campanha. H\u00e1 urgente necessidade de que a f\u00e9, a esperan\u00e7a e o otimismo renas\u00e7am nos cora\u00e7\u00f5es.<br \/>\n<br \/>A onda de pessimismo, de descr\u00e9dito e de desalento \u00e9 t\u00e3o grande que, mesmo aqueles que est\u00e3o bem intencionados e aspirando realizar algo de construtivo e \u00edtil para o pa\u00eds, em qualquer n\u00edvel, v\u00eaem-se tolhidos em seus prop\u00f3sitos, sufocados nos seus anseios, esbarrando em barreiras quase intranspon\u00edveis.<br \/>\n<br \/>\u00c9 preciso modificar esse clima espiritual. \u00c9 imperioso que o sopro renovador de confian\u00e7a,de f\u00e9 nos altos destinos de nossa na\u00e7\u00e3o, varra para longe os miasmas do desalento e do des\u00e2nimo. \u00c9 necess\u00e1rio abrir clareiras e espa\u00e7os para que brilhe a luz da esperan\u00e7a. Somente atrav\u00e9s de esperan\u00e7a conseguiremos, de novo, arregimentar as for\u00e7as de nosso povo sofrido e cansado.<br \/>\n<br \/>Os esp\u00edritas n\u00e3o devsm engrossar as fileiras do desalento. Temos o dever inadi\u00e1vel de transmitir coragem, infundir \u00e2nimo, reaquecer esperan\u00e7as e despertar a f\u00e9! Ah! a f\u00e9 no nosso futuro! A certeza de que estamos destinados a uma nobre miss\u00e3o no concerto dos povos, mas que a nossa vacila\u00e7\u00e3o, a nossa inc\u00edria podem redardar. Responsabilidade nossa. Tarefa nossa.Estamos cientes de tudo isto e nos deixamos levar pelo des\u00e2nimo, este v\u00edrus de perigo inimagin\u00e1vel.<br \/>\n<br \/>O des\u00e2nimo e seus companheiros, o desalento, a descren\u00e7a, a incerteza, o pessimismo, andam juntos e contagiam muito sutilmente, enfraquecendo o indiv\u00edduo, os grupos, a pr\u00f3pria comunidade. S\u00e3o como o cupim a corroer, no sil\u00eancio, as estruturas. N\u00e3o raras vezes, insuflado por mentes em desalinho, por inimigos do progresso, por agentes do caos, esse v\u00edrus se expande e se alastra, por cont\u00e1gio, derrotando o ser humano antes da luta. Diante desse quadro de for\u00e7as negativas, tornam-se muito dif\u00edceis quaisquer rea\u00e7\u00f5es. Portanto, cabe aos esp\u00edritas o dever de lutar pela transforma\u00e7\u00e3o deste estado geral.<br \/>\n<br \/>Que cada Centro, cada grupo, cada reuni\u00e3o promova nossa campanha.Que haja uma renova\u00e7\u00e3o dessa psicosfera sombria e que as pessoas realmente sofredoras e abatidas pelas prova\u00e7\u00f5es, encontrem em nossas Casas um clima de paz, de otimismo e de esperan\u00e7a! Que voc\u00eas levem a nossa palavra a toda parte. Aqueles que possam faz\u00ea-lo, transmitam-na atrav\u00e9s dos meios de comunica\u00e7\u00e3o. Precisamos contagiar o nosso Movimento com estas for\u00e7as positivas, a fim de ajudarmos efetivamente o nosso pa\u00eds a crescer e a caminhar no rumo do progresso.<br \/>\n<br \/>S\u00e3o essas for\u00e7as que impelem o indiv\u00edduo ao trabalho, a acreditar em si mesmo, no seu pr\u00f3prio valor e capacidade. S\u00e3o essas for\u00e7as que o levam a crer e lutar por um futuro melhor.<br \/>\n<br \/>Meus irm\u00e3os, o mundo n\u00e3o \u00e9 uma nau\u00e0 matroca. N\u00f3s sabemos que Jesus est\u00e1 no leme! e que n\u00e3o iremos so\u00e7obrar. Basta de d\u00edvidas e incertezas que somente retardam o avan\u00e7o e prejudicam o trabalho. Sejamos solid\u00e1rios, sim, com a dor de nosso pr\u00f3ximo. Fa\u00e7amos por ele o que estiver ao nosso alcance. Temos o dever indeclin\u00e1vel de faz\u00ea-lo.<br \/>\n<br \/>Sobre tudo transmitindo o esclarecimento que a Doutrina Esp\u00edrita proporciona. Mas tamb\u00e9m, que a solidariedade exista em nossas fileiras, para que prossigamos no trabalho aben\u00e7oado, unidos e confiantes na prepara\u00e7\u00e3o do futuro de paz por todos almejado. E n\u00e3o esque\u00e7amos de que, se o Brasil \u00e9 o cora\u00e7\u00e3o do mundo, somente ser\u00e1 a p\u00e1tria do Evangelho se este Evangelho estiver sendo sentido e vivido por cada um de n\u00f3s.<br \/>\n<br \/>Eur\u00edpedes Barsanulfo<br \/>\n<br \/>Mensagem recebida no Centro Espirita Jesus no Lar<br \/>\n<br \/>Medium &#8211; Suely Caldas Schubert<br \/>\n<\/p>\n<div class=\"pvc_clear\"><\/div>\n<p id=\"pvc_stats_11541\" class=\"pvc_stats all  \" data-element-id=\"11541\" style=\"\"><i class=\"pvc-stats-icon medium\" aria-hidden=\"true\"><svg aria-hidden=\"true\" focusable=\"false\" data-prefix=\"far\" data-icon=\"chart-bar\" role=\"img\" xmlns=\"http:\/\/www.w3.org\/2000\/svg\" viewBox=\"0 0 512 512\" class=\"svg-inline--fa fa-chart-bar fa-w-16 fa-2x\"><path fill=\"currentColor\" d=\"M396.8 352h22.4c6.4 0 12.8-6.4 12.8-12.8V108.8c0-6.4-6.4-12.8-12.8-12.8h-22.4c-6.4 0-12.8 6.4-12.8 12.8v230.4c0 6.4 6.4 12.8 12.8 12.8zm-192 0h22.4c6.4 0 12.8-6.4 12.8-12.8V140.8c0-6.4-6.4-12.8-12.8-12.8h-22.4c-6.4 0-12.8 6.4-12.8 12.8v198.4c0 6.4 6.4 12.8 12.8 12.8zm96 0h22.4c6.4 0 12.8-6.4 12.8-12.8V204.8c0-6.4-6.4-12.8-12.8-12.8h-22.4c-6.4 0-12.8 6.4-12.8 12.8v134.4c0 6.4 6.4 12.8 12.8 12.8zM496 400H48V80c0-8.84-7.16-16-16-16H16C7.16 64 0 71.16 0 80v336c0 17.67 14.33 32 32 32h464c8.84 0 16-7.16 16-16v-16c0-8.84-7.16-16-16-16zm-387.2-48h22.4c6.4 0 12.8-6.4 12.8-12.8v-70.4c0-6.4-6.4-12.8-12.8-12.8h-22.4c-6.4 0-12.8 6.4-12.8 12.8v70.4c0 6.4 6.4 12.8 12.8 12.8z\" class=\"\"><\/path><\/svg><\/i> <img decoding=\"async\" width=\"16\" height=\"16\" alt=\"Loading\" data-src=\"https:\/\/www.centronocaminhodaluz.com.br\/wp-content\/plugins\/page-views-count\/ajax-loader-2x.gif\" border=0 src=\"data:image\/svg+xml;base64,PHN2ZyB3aWR0aD0iMSIgaGVpZ2h0PSIxIiB4bWxucz0iaHR0cDovL3d3dy53My5vcmcvMjAwMC9zdmciPjwvc3ZnPg==\" class=\"lazyload\" style=\"--smush-placeholder-width: 16px; --smush-placeholder-aspect-ratio: 16\/16;\" \/><\/p>\n<div class=\"pvc_clear\"><\/div>\n","protected":false},"excerpt":{"rendered":"<p>Irm\u00e3os Queridos. Diante dessa crise que se abate sobre o nosso povo, face a essa onda de pessimismo que toma conta dos brasileiros, frente aos embates que o pa\u00eds atravessa, n\u00f3s, os seus companheiros, trazemos na noite de hoje a nossa mensagem de f\u00e9, de coragem e de est\u00edmulo. Estamos irradiando-a para todas as reuni\u00f5es&hellip; <br \/> <a class=\"read-more\" href=\"https:\/\/www.centronocaminhodaluz.com.br\/index.php\/artigo11541\/\">Leia mais<\/a><\/p>\n<div class=\"pvc_clear\"><\/div>\n<p id=\"pvc_stats_11541\" class=\"pvc_stats all  \" data-element-id=\"11541\" style=\"\"><i class=\"pvc-stats-icon medium\" aria-hidden=\"true\"><svg aria-hidden=\"true\" focusable=\"false\" data-prefix=\"far\" data-icon=\"chart-bar\" role=\"img\" xmlns=\"http:\/\/www.w3.org\/2000\/svg\" viewBox=\"0 0 512 512\" class=\"svg-inline--fa fa-chart-bar fa-w-16 fa-2x\"><path fill=\"currentColor\" d=\"M396.8 352h22.4c6.4 0 12.8-6.4 12.8-12.8V108.8c0-6.4-6.4-12.8-12.8-12.8h-22.4c-6.4 0-12.8 6.4-12.8 12.8v230.4c0 6.4 6.4 12.8 12.8 12.8zm-192 0h22.4c6.4 0 12.8-6.4 12.8-12.8V140.8c0-6.4-6.4-12.8-12.8-12.8h-22.4c-6.4 0-12.8 6.4-12.8 12.8v198.4c0 6.4 6.4 12.8 12.8 12.8zm96 0h22.4c6.4 0 12.8-6.4 12.8-12.8V204.8c0-6.4-6.4-12.8-12.8-12.8h-22.4c-6.4 0-12.8 6.4-12.8 12.8v134.4c0 6.4 6.4 12.8 12.8 12.8zM496 400H48V80c0-8.84-7.16-16-16-16H16C7.16 64 0 71.16 0 80v336c0 17.67 14.33 32 32 32h464c8.84 0 16-7.16 16-16v-16c0-8.84-7.16-16-16-16zm-387.2-48h22.4c6.4 0 12.8-6.4 12.8-12.8v-70.4c0-6.4-6.4-12.8-12.8-12.8h-22.4c-6.4 0-12.8 6.4-12.8 12.8v70.4c0 6.4 6.4 12.8 12.8 12.8z\" class=\"\"><\/path><\/svg><\/i> <img decoding=\"async\" width=\"16\" height=\"16\" alt=\"Loading\" data-src=\"https:\/\/www.centronocaminhodaluz.com.br\/wp-content\/plugins\/page-views-count\/ajax-loader-2x.gif\" border=0 src=\"data:image\/svg+xml;base64,PHN2ZyB3aWR0aD0iMSIgaGVpZ2h0PSIxIiB4bWxucz0iaHR0cDovL3d3dy53My5vcmcvMjAwMC9zdmciPjwvc3ZnPg==\" class=\"lazyload\" style=\"--smush-placeholder-width: 16px; --smush-placeholder-aspect-ratio: 16\/16;\" \/><\/p>\n<div class=\"pvc_clear\"><\/div>\n","protected":false},"author":1,"featured_media":0,"comment_status":"Closed","ping_status":"open","sticky":false,"template":"","format":"standard","meta":{"footnotes":""},"categories":[16],"tags":[],"class_list":["post-11541","post","type-post","status-publish","format-standard","hentry","category-mensagens-diversas"],"a3_pvc":{"activated":true,"total_views":2502,"today_views":0},"_links":{"self":[{"href":"https:\/\/www.centronocaminhodaluz.com.br\/index.php\/wp-json\/wp\/v2\/posts\/11541","targetHints":{"allow":["GET"]}}],"collection":[{"href":"https:\/\/www.centronocaminhodaluz.com.br\/index.php\/wp-json\/wp\/v2\/posts"}],"about":[{"href":"https:\/\/www.centronocaminhodaluz.com.br\/index.php\/wp-json\/wp\/v2\/types\/post"}],"author":[{"embeddable":true,"href":"https:\/\/www.centronocaminhodaluz.com.br\/index.php\/wp-json\/wp\/v2\/users\/1"}],"replies":[{"embeddable":true,"href":"https:\/\/www.centronocaminhodaluz.com.br\/index.php\/wp-json\/wp\/v2\/comments?post=11541"}],"version-history":[{"count":0,"href":"https:\/\/www.centronocaminhodaluz.com.br\/index.php\/wp-json\/wp\/v2\/posts\/11541\/revisions"}],"wp:attachment":[{"href":"https:\/\/www.centronocaminhodaluz.com.br\/index.php\/wp-json\/wp\/v2\/media?parent=11541"}],"wp:term":[{"taxonomy":"category","embeddable":true,"href":"https:\/\/www.centronocaminhodaluz.com.br\/index.php\/wp-json\/wp\/v2\/categories?post=11541"},{"taxonomy":"post_tag","embeddable":true,"href":"https:\/\/www.centronocaminhodaluz.com.br\/index.php\/wp-json\/wp\/v2\/tags?post=11541"}],"curies":[{"name":"wp","href":"https:\/\/api.w.org\/{rel}","templated":true}]}}