{"id":11545,"date":"2012-08-24T00:00:00","date_gmt":"2012-08-24T00:00:00","guid":{"rendered":""},"modified":"2012-08-24T00:00:00","modified_gmt":"2012-08-24T00:00:00","slug":"artigo11545","status":"publish","type":"post","link":"https:\/\/www.centronocaminhodaluz.com.br\/index.php\/artigo11545\/","title":{"rendered":"Educa\u00e7\u00e3o como arte"},"content":{"rendered":"<p>\n<br \/>A educa\u00e7\u00e3o, bem entendida, \u00e9 a chave do progresso moral.<br \/>\n<br \/>Quando se conhecer a arte de manejar os caracteres, como se conhece a de manejar as intelig\u00eancias, ser\u00e1 poss\u00edvel endireit\u00e1-los, como se endireitam plantas novas.<br \/>\n<br \/>Mas essa arte exige muito tato, muita experi\u00eancia e uma profunda observa\u00e7\u00e3o.<br \/>\n<br \/>*   *   *<br \/>\n<br \/>As palavras encontradas na resposta da quest\u00e3o 917 de O livro dos Esp\u00edritos, v\u00e3o ao cerne do tema educa\u00e7\u00e3o.<br \/>\n<br \/>Tratar a educa\u00e7\u00e3o como uma arte, implica em muita coisa.<br \/>\n<br \/>Implica, por exemplo, em entender que ela exige a t\u00e9cnica e exige a inspira\u00e7\u00e3o, a sensibilidade.<br \/>\n<br \/>A t\u00e9cnica que nos faz conhecer a alma humana, atrav\u00e9s do estudo das ci\u00eancias especializadas.<br \/>\n<br \/>Todo aquele que \u00e9 educador, nas mais diferentes esferas que essa miss\u00e3o abrange, precisa ter conhecimento do conte\u00eddo dessa mat\u00e9ria.<br \/>\n<br \/>N\u00e3o falamos apenas de professores, tutores, orientadores mas tamb\u00e9m dos pais.<br \/>\n<br \/>Sim, os pais, como educadores, precisam buscar esse aprimoramento, sempre que poss\u00edvel, para desempenharem melhor o papel bendito que receberam do Criador.<br \/>\n<br \/>Sabemos, sem d\u00edvida, que o amor \u00e9 o essencial. Mas o amor, sem a orienta\u00e7\u00e3o da raz\u00e3o, do conhecimento, pode ficar sem leme e sem dire\u00e7\u00e3o.<br \/>\n<br \/>De forma alguma estamos colocando a necessidade de um curso t\u00e9cnico ou curso superior, na \u00e1rea da educa\u00e7\u00e3o, para todos os pais, mas sim o acesso a leituras, cursos e orienta\u00e7\u00f5es que os ajudem a desenvolver mais apropriadamente a tarefa que abra\u00e7am.<br \/>\n<br \/>Como arte, a educa\u00e7\u00e3o exige tamb\u00e9m a parcela de inspira\u00e7\u00e3o, de sensibilidade.<br \/>\n<br \/>\u00c9 a\u00ed que entram a empatia, o tato e a observa\u00e7\u00e3o.<br \/>\n<br \/>Os educadores precisam buscar entrar no sentimento de seus educandos, dessa forma crescendo juntos e proporcionando que o aprendiz se desenvolva em bases seguras.<br \/>\n<br \/>A arte \u00e9 express\u00e3o do bem e do belo e a arte da educa\u00e7\u00e3o faz com que possa brotar, no cora\u00e7\u00e3o do educando, a beleza que guarda dentro de si, como germe esperando o instante de florescer.<br \/>\n<br \/>Brota apenas quando tem as condi\u00e7\u00f5es necess\u00e1rias: terra f\u00e9rtil, rega, sol, cuidados&#8230;<br \/>\n<br \/>Todo mestre \u00e9 um semeador e toda semeadura \u00e9 tamb\u00e9m uma verdadeira arte.<br \/>\n<br \/>*   *   *<br \/>\n<br \/>Se voc\u00ea \u00e9 educador, pai, m\u00e3e, reflita se n\u00e3o pode se esmerar um pouco mais no exercer essa bel\u00edssima arte.<br \/>\n<br \/>N\u00e3o relegue para segundo plano, em seu viver, a tarefa de educar.<br \/>\n<br \/>Se est\u00e1 na fase das crian\u00e7as pequenas e adolescentes, redobre os cuidados, redobre a aten\u00e7\u00e3o.<br \/>\n<br \/>Nada na vida pode ser mais importante que isso, nesse momento de sua exist\u00eancia.<br \/>\n<br \/>Esse tempo passa r\u00e1pido, por isso, aproveite bem. Tudo que for semeado hoje ter\u00e1 reflexos em toda idade adulta.<br \/>\n<br \/>A rela\u00e7\u00e3o que voc\u00ea construir agora, com seus filhos e seus educandos, ser\u00e1 a base para a constru\u00e7\u00e3o da personalidade deles.<br \/>\n<br \/>Esmere-se. Dedique-se. Semeie.<br \/>\n<br \/>Por ser tarefa aben\u00e7oada e de suma import\u00e2ncia para a instaura\u00e7\u00e3o da paz na terra, recorde-se de que nunca estar\u00e1 sozinho ao desempenh\u00e1-la. Tenha certeza disso.<\/p>\n<p>Reda\u00e7\u00e3o do Momento Esp\u00edrita com base no<br \/>\n<br \/>item 917, de O livro dos Esp\u00edritos, de Allan<br \/>\n<br \/>Kardec,  ed. Feb.<br \/>\n<br \/>Em 20.08.2012.<\/p>\n<div class=\"pvc_clear\"><\/div>\n<p id=\"pvc_stats_11545\" class=\"pvc_stats all  \" data-element-id=\"11545\" style=\"\"><i class=\"pvc-stats-icon medium\" aria-hidden=\"true\"><svg aria-hidden=\"true\" focusable=\"false\" data-prefix=\"far\" data-icon=\"chart-bar\" role=\"img\" xmlns=\"http:\/\/www.w3.org\/2000\/svg\" viewBox=\"0 0 512 512\" class=\"svg-inline--fa fa-chart-bar fa-w-16 fa-2x\"><path fill=\"currentColor\" d=\"M396.8 352h22.4c6.4 0 12.8-6.4 12.8-12.8V108.8c0-6.4-6.4-12.8-12.8-12.8h-22.4c-6.4 0-12.8 6.4-12.8 12.8v230.4c0 6.4 6.4 12.8 12.8 12.8zm-192 0h22.4c6.4 0 12.8-6.4 12.8-12.8V140.8c0-6.4-6.4-12.8-12.8-12.8h-22.4c-6.4 0-12.8 6.4-12.8 12.8v198.4c0 6.4 6.4 12.8 12.8 12.8zm96 0h22.4c6.4 0 12.8-6.4 12.8-12.8V204.8c0-6.4-6.4-12.8-12.8-12.8h-22.4c-6.4 0-12.8 6.4-12.8 12.8v134.4c0 6.4 6.4 12.8 12.8 12.8zM496 400H48V80c0-8.84-7.16-16-16-16H16C7.16 64 0 71.16 0 80v336c0 17.67 14.33 32 32 32h464c8.84 0 16-7.16 16-16v-16c0-8.84-7.16-16-16-16zm-387.2-48h22.4c6.4 0 12.8-6.4 12.8-12.8v-70.4c0-6.4-6.4-12.8-12.8-12.8h-22.4c-6.4 0-12.8 6.4-12.8 12.8v70.4c0 6.4 6.4 12.8 12.8 12.8z\" class=\"\"><\/path><\/svg><\/i> <img decoding=\"async\" width=\"16\" height=\"16\" alt=\"Loading\" data-src=\"https:\/\/www.centronocaminhodaluz.com.br\/wp-content\/plugins\/page-views-count\/ajax-loader-2x.gif\" border=0 src=\"data:image\/svg+xml;base64,PHN2ZyB3aWR0aD0iMSIgaGVpZ2h0PSIxIiB4bWxucz0iaHR0cDovL3d3dy53My5vcmcvMjAwMC9zdmciPjwvc3ZnPg==\" class=\"lazyload\" style=\"--smush-placeholder-width: 16px; --smush-placeholder-aspect-ratio: 16\/16;\" \/><\/p>\n<div class=\"pvc_clear\"><\/div>\n","protected":false},"excerpt":{"rendered":"<p>A educa\u00e7\u00e3o, bem entendida, \u00e9 a chave do progresso moral. Quando se conhecer a arte de manejar os caracteres, como se conhece a de manejar as intelig\u00eancias, ser\u00e1 poss\u00edvel endireit\u00e1-los, como se endireitam plantas novas. Mas essa arte exige muito tato, muita experi\u00eancia e uma profunda observa\u00e7\u00e3o. * * * As palavras encontradas na resposta&hellip; <br \/> <a class=\"read-more\" href=\"https:\/\/www.centronocaminhodaluz.com.br\/index.php\/artigo11545\/\">Leia mais<\/a><\/p>\n<div class=\"pvc_clear\"><\/div>\n<p id=\"pvc_stats_11545\" class=\"pvc_stats all  \" data-element-id=\"11545\" style=\"\"><i class=\"pvc-stats-icon medium\" aria-hidden=\"true\"><svg aria-hidden=\"true\" focusable=\"false\" data-prefix=\"far\" data-icon=\"chart-bar\" role=\"img\" xmlns=\"http:\/\/www.w3.org\/2000\/svg\" viewBox=\"0 0 512 512\" class=\"svg-inline--fa fa-chart-bar fa-w-16 fa-2x\"><path fill=\"currentColor\" d=\"M396.8 352h22.4c6.4 0 12.8-6.4 12.8-12.8V108.8c0-6.4-6.4-12.8-12.8-12.8h-22.4c-6.4 0-12.8 6.4-12.8 12.8v230.4c0 6.4 6.4 12.8 12.8 12.8zm-192 0h22.4c6.4 0 12.8-6.4 12.8-12.8V140.8c0-6.4-6.4-12.8-12.8-12.8h-22.4c-6.4 0-12.8 6.4-12.8 12.8v198.4c0 6.4 6.4 12.8 12.8 12.8zm96 0h22.4c6.4 0 12.8-6.4 12.8-12.8V204.8c0-6.4-6.4-12.8-12.8-12.8h-22.4c-6.4 0-12.8 6.4-12.8 12.8v134.4c0 6.4 6.4 12.8 12.8 12.8zM496 400H48V80c0-8.84-7.16-16-16-16H16C7.16 64 0 71.16 0 80v336c0 17.67 14.33 32 32 32h464c8.84 0 16-7.16 16-16v-16c0-8.84-7.16-16-16-16zm-387.2-48h22.4c6.4 0 12.8-6.4 12.8-12.8v-70.4c0-6.4-6.4-12.8-12.8-12.8h-22.4c-6.4 0-12.8 6.4-12.8 12.8v70.4c0 6.4 6.4 12.8 12.8 12.8z\" class=\"\"><\/path><\/svg><\/i> <img decoding=\"async\" width=\"16\" height=\"16\" alt=\"Loading\" data-src=\"https:\/\/www.centronocaminhodaluz.com.br\/wp-content\/plugins\/page-views-count\/ajax-loader-2x.gif\" border=0 src=\"data:image\/svg+xml;base64,PHN2ZyB3aWR0aD0iMSIgaGVpZ2h0PSIxIiB4bWxucz0iaHR0cDovL3d3dy53My5vcmcvMjAwMC9zdmciPjwvc3ZnPg==\" class=\"lazyload\" style=\"--smush-placeholder-width: 16px; --smush-placeholder-aspect-ratio: 16\/16;\" \/><\/p>\n<div class=\"pvc_clear\"><\/div>\n","protected":false},"author":1,"featured_media":0,"comment_status":"Closed","ping_status":"open","sticky":false,"template":"","format":"standard","meta":{"footnotes":""},"categories":[16],"tags":[],"class_list":["post-11545","post","type-post","status-publish","format-standard","hentry","category-mensagens-diversas"],"a3_pvc":{"activated":true,"total_views":1630,"today_views":0},"_links":{"self":[{"href":"https:\/\/www.centronocaminhodaluz.com.br\/index.php\/wp-json\/wp\/v2\/posts\/11545","targetHints":{"allow":["GET"]}}],"collection":[{"href":"https:\/\/www.centronocaminhodaluz.com.br\/index.php\/wp-json\/wp\/v2\/posts"}],"about":[{"href":"https:\/\/www.centronocaminhodaluz.com.br\/index.php\/wp-json\/wp\/v2\/types\/post"}],"author":[{"embeddable":true,"href":"https:\/\/www.centronocaminhodaluz.com.br\/index.php\/wp-json\/wp\/v2\/users\/1"}],"replies":[{"embeddable":true,"href":"https:\/\/www.centronocaminhodaluz.com.br\/index.php\/wp-json\/wp\/v2\/comments?post=11545"}],"version-history":[{"count":0,"href":"https:\/\/www.centronocaminhodaluz.com.br\/index.php\/wp-json\/wp\/v2\/posts\/11545\/revisions"}],"wp:attachment":[{"href":"https:\/\/www.centronocaminhodaluz.com.br\/index.php\/wp-json\/wp\/v2\/media?parent=11545"}],"wp:term":[{"taxonomy":"category","embeddable":true,"href":"https:\/\/www.centronocaminhodaluz.com.br\/index.php\/wp-json\/wp\/v2\/categories?post=11545"},{"taxonomy":"post_tag","embeddable":true,"href":"https:\/\/www.centronocaminhodaluz.com.br\/index.php\/wp-json\/wp\/v2\/tags?post=11545"}],"curies":[{"name":"wp","href":"https:\/\/api.w.org\/{rel}","templated":true}]}}