{"id":11553,"date":"2012-08-31T00:00:00","date_gmt":"2012-08-31T00:00:00","guid":{"rendered":""},"modified":"2015-12-22T09:04:33","modified_gmt":"2015-12-22T11:04:33","slug":"artigo11553","status":"publish","type":"post","link":"https:\/\/www.centronocaminhodaluz.com.br\/index.php\/artigo11553\/","title":{"rendered":"A CURA ATRAV\u00c9S DAS ENERGIAS CH\u00c3\u0081KRICAS"},"content":{"rendered":"<p>A Cura Atrav\u00e9s das Energias Ch\u00e1kricas<br \/>\n<br \/>O corpo energ\u00e9tico que comp\u00f5e os seres vivos reveste-se de caracter\u00edsticas pr\u00f3prias, as quais devem sempre ser estudadas tendo como refer\u00eancia a mat\u00e9ria carnal. Todos os seres carnais s\u00e3o formados por mat\u00e9ria densa denominada popularmente de carne, vindo da\u00ed o termo  encarnado \u009d, usado para designar os seres humanos no plano terreno. Esses seres apresentam pontos energ\u00e9ticos que comandam todas as suas fun\u00e7\u00f5es vitais. Esses pontos possibilitam a troca energ\u00e9tica entre os seres vivos e o seu derredor de acordo com suas necessidades e capacidades. <\/p>\n<p>Podemos afirmar que os seres carnais s\u00e3o movidos pelas energias que comp\u00f5em os seus corpos energ\u00e9ticos os quais s\u00e3o denominados de forma simplificada como Chakras. Esses s\u00e3o centros de energias localizados em pontos estrat\u00e9gicos do corpo bioplasm\u00e1tico, respons\u00e1veis pela capta\u00e7\u00e3o e desprendimento de energias do corpo. Atrav\u00e9s dos Chakras \u00e9 poss\u00edvel equilibrar a energia corp\u00f3rea, pois esses pontos tem liga\u00e7\u00e3o direta com os \u00f3rg\u00e3os vitais. O mau funcionamento de um s\u00f3 deles implica num desequil\u00edbrio do corpo bioplasm\u00e1tico expondo assim a mat\u00e9ria, a produ\u00e7\u00e3o de algum dist\u00edrbio.<\/p>\n<p>Dessa forma, os seres humanos s\u00e3o poderosos receptores e emanadores de energias, as quais se relacionam entre si, ao mesmo tempo em que estabelecem rela\u00e7\u00f5es entre os encarnados, podendo ser essas rela\u00e7\u00f5es negativas ou positivas, dependendo dos campos energ\u00e9ticos que estiverem interagindo.  <\/p>\n<p>Os Chakras apresentam fun\u00e7\u00f5es espec\u00edficas sendo necess\u00e1rio, no entanto, uma interela\u00e7\u00e3o entre todos eles, para que haja um bom funcionamento dos corpos materiais e espirituais.<br \/>\n<br \/>A quantidade e a denomina\u00e7\u00e3o dos Chakras se diferenciam dependendo da corrente religiosa ou filos\u00f3fica que a eles se referem. Adotaremos para o nosso estudo a vis\u00e3o que os quantifica em sete principais, classificando-os da seguinte forma:<br \/>\n<br \/>Tr\u00eas Chakras espirituais, tr\u00eas f\u00edsicos e um que interliga esses dois, denominado de Ponte.<\/p>\n<p>Os Espirituais s\u00e3o:<br \/>\n<br \/> \u00a2\tChakra Coron\u00e1rio   \u201c  localizado no alto da cabe\u00e7a, \u00e9 o receptor das energias espirituais, sendo o regente das trocas energ\u00e9ticas com o universo. Relaciona-se com um \u00f3rg\u00e3o vital que \u00e9 a Gl\u00e2ndula Pineal;<\/p>\n<p> \u00a2\tChakra Frontal  \u201c localizado entre as sobrancelhas, \u00e9 o Chakra que armazena grande quantidade de energias, sendo respons\u00e1vel pelo desenvolvimento da clarivid\u00eancia. Relaciona-se com a Gl\u00e2ndula Hip\u00f3fise;<\/p>\n<p> \u00a2\tChakra Lar\u00edngeo  \u201c localizado na frente do pesco\u00e7o, \u00e9 respons\u00e1vel pelo desenvolvimento de todas as mediunidades. Relaciona-se a Gl\u00e2ndula Tireoide. Esse Chakra est\u00e1 sempre sobrecarregado, pois por meio das palavras espalhamos energias, nem sempre positivas, de nossa mente e de nosso cora\u00e7\u00e3o. <\/p>\n<p> \u00a2\tO Chakra conhecido como Ponte, por estabelecer a liga\u00e7\u00e3o entre os Chakras espirituais e os f\u00edsicos, \u00e9 o Chakra Card\u00edaco- localiza-se nas proximidades do cora\u00e7\u00e3o e est\u00e1 relacionado a Gl\u00e2ndula Timo;<\/p>\n<p>Os F\u00edsicos s\u00e3o:<br \/>\n<br \/> \u00a2\tChakra G\u00e1strico  \u201c localizado abaixo do Card\u00edaco, comanda as fun\u00e7\u00f5es de todos os \u00f3rg\u00e3os do corpo. Est\u00e1 relacionado ao P\u00e2ncreas.<\/p>\n<p> \u00a2\tChakra Espl\u00eanico ou Mesent\u00e9rico  \u201c localiza-se a aproximadamente 3 cm acima do umbigo, \u00e9 respons\u00e1vel pelas defesas espirituais, sendo muito sens\u00edvel as energias negativas de ambientes e pessoas. Relaciona-se as Gl\u00e2ndulas Suprarrenais.<\/p>\n<p> \u00a2\tChakra Gen\u00e9sico  \u201c localiza-se na regi\u00e3o pubiana e est\u00e1 ligado a reprodu\u00e7\u00e3o humana.  Relaciona-se as Gl\u00e2ndulas Sexuais.<\/p>\n<p>Qualquer irregularidade no funcionamento de um desses Chakras provoca um desequil\u00edbrio energ\u00e9tico e emocional, levando\u00e0 desestabiliza\u00e7\u00e3o da Aura de uma pessoa.  Por isso, qualquer M\u00e9dium ao aplicar Passes deve antes estabilizar bem os seus Chakras com higieniza\u00e7\u00e3o da mat\u00e9ria e do esp\u00edrito.<\/p>\n<p>Fluxo da Energia Ch\u00e1krica:<br \/>\n<br \/> \u00a2\tO M\u00e9dium curador deve estar higienizado material e espiritualmente para ser considerado apto a fazer a cura.<\/p>\n<p> \u00a2\tO primeiro Chakra a receber as energias emanadas pelos subchakras V\u00eanus, encontrados nas m\u00e3os do m\u00e9dium, \u00e9 o Chakra Espl\u00eanico por ser respons\u00e1vel pelas defesas espirituais e estar em constante intera\u00e7\u00e3o com o ambiente e as pessoas.<\/p>\n<p> \u00a2\tEm seguida essas energias s\u00e3o transferidas para o Chakra G\u00e1strico, o qual atua sobre todos os \u00f3rg\u00e3os f\u00edsicos reequilibrando-os energeticamente.<\/p>\n<p> \u00a2\tNum terceiro passo, o m\u00e9dium deve centralizar suas energias curativas no Chakra sobre o qual  as cargas negativas est\u00e3o agindo e causando o dist\u00edrbio.<\/p>\n<p>\u00c9 importante ressaltar que essa sequ\u00eancia tem apenas efeito explicativo para uma maior compreens\u00e3o do processo, pois a cura n\u00e3o acontece por etapas como pode parecer nessa descri\u00e7\u00e3o. Na verdade, sendo o corpo material e espiritual, intrinsecamente interligados, e devido\u00e0 grande intera\u00e7\u00e3o entre os \u00f3rg\u00e3os vitais, o fluxo energ\u00e9tico no momento em que o m\u00e9dium aplica o Passe \u00e9 cont\u00ednuo e percorre ininterruptamente todos os corpos e \u00f3rg\u00e3os f\u00edsicos do paciente.     <\/p>\n<p>Responsabilidade do M\u00e9dium Passista<\/p>\n<p>Quando um m\u00e9dium passista aplica um Passe est\u00e1 doando energias revitalizadoras as quais recebe do ambiente espiritual e, ao mesmo tempo, recebendo energias negativas emanadas do paciente que se encontra com seus pontos energ\u00e9ticos desequilibrados. Por isso, \u00e9 fundamental que o passista esteja preparado para enfrentar esse fluxo energ\u00e9tico de forma que n\u00e3o ocorra a sua pr\u00f3pria desestabiliza\u00e7\u00e3o com essa din\u00e2mica energ\u00e9tica.<br \/>\n<br \/>As energias emanadas do paciente devem ser canalizadas pelo m\u00e9dium ao fluido universal onde passar\u00e1 por transforma\u00e7\u00f5es e poder\u00e1 ser reutilizada pelos seres vivos encontrados no plano terreno. O m\u00e9dium conta, para esse processo , com o concurso de seu Mentor Espiritual o qual est\u00e1 a mediuniz\u00e1-lo durante todo o processo de aplica\u00e7\u00e3o do Passe. Com o despreparo do m\u00e9dium, esse processo de canaliza\u00e7\u00e3o energ\u00e9tico n\u00e3o ser\u00e1 concretizado o que poder\u00e1 lev\u00e1-lo a adoecer, necessitando ele mesmo de ajuda de outro passista, ou poder\u00e1 ele mesmo realizar a autocura para voltar a estabilizar-se energeticamente.<\/p>\n<p>A cura espiritual pode ser realizada com a imposi\u00e7\u00e3o das m\u00e3os diretamente sobre o paciente ou\u00e0 dist\u00e2ncia. No primeiro caso existe um fluxo energ\u00e9tico do m\u00e9dium para o paciente (fluxo positivo) e do paciente para o m\u00e9dium (fluxo negativo). No segundo caso o fluxo \u00e9 unilateral, ou seja, realizado somente do m\u00e9dium para o paciente, mas esse recebe bem as energias curadoras e a cura pode ser bem eficaz.  Nesse caso podemos denominar o processo somente de Vibra\u00e7\u00e3o Energ\u00e9tica, pois n\u00e3o acontece a troca de energias como no primeiro caso.<\/p>\n<p>Pode-se ent\u00e3o perguntar:<br \/>\n<br \/>Se o m\u00e9dium doa energia no ato de fazer a cura, como fica ele energeticamente ao longo da sua vida?<br \/>\n<br \/>Todo m\u00e9dium passista conta com a prote\u00e7\u00e3o de um ou mais Mentores Espirituais que o assistem no momento do Passe e s\u00e3o esses Esp\u00edritos que reequilibram os campos energ\u00e9ticos do passista. Por isso, quanto mais o m\u00e9dium aplica Passes, mais energias curadoras ele recebe do seu Mentor Espiritual. N\u00e3o esque\u00e7am que  \u00e9 dando que se recebe \u009d.<\/p>\n<p>Podemos ent\u00e3o resumir a cura pela energiza\u00e7\u00e3o Ch\u00e1krica da seguinte forma:<br \/>\n<br \/>O m\u00e9dium curador \u00e9 uma pessoa detentora de um magnetismo pr\u00f3prio que o capacita a captar os fluidos benignos nas fontes energ\u00e9ticas da natureza e irradi\u00e1-los sobre o doente, revigorando \u00f3rg\u00e3os, normalizando fun\u00e7\u00f5es vitais, destruindo placas e tumores flu\u00eddicos produzidos tanto por influ\u00eancia direta ou indireta de for\u00e7as negativas como tamb\u00e9m por processos auto-obsessivos. O m\u00e9dium ao concentrar-se e orar para fazer a caridade, demonstra a sua vontade de ajudar seus irm\u00e3os, o que lhe proporciona  uma intera\u00e7\u00e3o com for\u00e7as astrais de alta eleva\u00e7\u00e3o que o ajudam no processo curativo.<\/p>\n<p>Papel do paciente no processo de cura<\/p>\n<p>\u00c9 muito importante o papel do paciente se colocando tamb\u00e9m em vibra\u00e7\u00e3o por meio da f\u00e9 e da esperan\u00e7a de desvencilhar-se daquele mal que o atinge.<br \/>\n<br \/>Os fluidos magn\u00e9ticos emanados pelo m\u00e9dium atingem o corpo f\u00edsico do doente atrav\u00e9s dos seus Chakras e injetam vitalidade nos \u00f3rg\u00e3os afetados procedendo assim ao processo da cura. Quanto maior for a participa\u00e7\u00e3o do paciente confiando e vibrando nas mesmas ondas de f\u00e9 e esperan\u00e7a que o m\u00e9dium, maior ser\u00e1 a probabilidade de cura. Em muitos casos a cura espiritual \u00e9 dificultada, ou mesmo impossibilitada, por falta dessa intera\u00e7\u00e3o do paciente com o ambiente espiritual que lhe \u00e9 ofertado pela espiritualidade superior.<\/p>\n<p>Dessa forma dois aspectos s\u00e3o fundamentais para que a cura ocorra trazendo benef\u00edcios para o paciente que recupera sua sa\u00edde, seja material ou espiritual, e para o m\u00e9dium que se aperfei\u00e7oa na capacidade de transmitir energias curadoras a quem delas necessitar e a elas merecer:<br \/>\n<br \/>O preparo e a vontade do m\u00e9dium de fazer a caridade e a f\u00e9 e confian\u00e7a do paciente em curar-se de seus males atrav\u00e9s da provid\u00eancia espiritual.<\/p>\n<p>Autor Espiritual: Dr. Wilton<br \/>\n<br \/>Pela M\u00e9dium Eunice Gondim<\/p>\n<p><\/p>\n<div class=\"pvc_clear\"><\/div>\n<p id=\"pvc_stats_11553\" class=\"pvc_stats all  \" data-element-id=\"11553\" style=\"\"><i class=\"pvc-stats-icon medium\" aria-hidden=\"true\"><svg aria-hidden=\"true\" focusable=\"false\" data-prefix=\"far\" data-icon=\"chart-bar\" role=\"img\" xmlns=\"http:\/\/www.w3.org\/2000\/svg\" viewBox=\"0 0 512 512\" class=\"svg-inline--fa fa-chart-bar fa-w-16 fa-2x\"><path fill=\"currentColor\" d=\"M396.8 352h22.4c6.4 0 12.8-6.4 12.8-12.8V108.8c0-6.4-6.4-12.8-12.8-12.8h-22.4c-6.4 0-12.8 6.4-12.8 12.8v230.4c0 6.4 6.4 12.8 12.8 12.8zm-192 0h22.4c6.4 0 12.8-6.4 12.8-12.8V140.8c0-6.4-6.4-12.8-12.8-12.8h-22.4c-6.4 0-12.8 6.4-12.8 12.8v198.4c0 6.4 6.4 12.8 12.8 12.8zm96 0h22.4c6.4 0 12.8-6.4 12.8-12.8V204.8c0-6.4-6.4-12.8-12.8-12.8h-22.4c-6.4 0-12.8 6.4-12.8 12.8v134.4c0 6.4 6.4 12.8 12.8 12.8zM496 400H48V80c0-8.84-7.16-16-16-16H16C7.16 64 0 71.16 0 80v336c0 17.67 14.33 32 32 32h464c8.84 0 16-7.16 16-16v-16c0-8.84-7.16-16-16-16zm-387.2-48h22.4c6.4 0 12.8-6.4 12.8-12.8v-70.4c0-6.4-6.4-12.8-12.8-12.8h-22.4c-6.4 0-12.8 6.4-12.8 12.8v70.4c0 6.4 6.4 12.8 12.8 12.8z\" class=\"\"><\/path><\/svg><\/i> <img decoding=\"async\" width=\"16\" height=\"16\" alt=\"Loading\" data-src=\"https:\/\/www.centronocaminhodaluz.com.br\/wp-content\/plugins\/page-views-count\/ajax-loader-2x.gif\" border=0 src=\"data:image\/svg+xml;base64,PHN2ZyB3aWR0aD0iMSIgaGVpZ2h0PSIxIiB4bWxucz0iaHR0cDovL3d3dy53My5vcmcvMjAwMC9zdmciPjwvc3ZnPg==\" class=\"lazyload\" style=\"--smush-placeholder-width: 16px; --smush-placeholder-aspect-ratio: 16\/16;\" \/><\/p>\n<div class=\"pvc_clear\"><\/div>\n","protected":false},"excerpt":{"rendered":"<p>A Cura Atrav\u00e9s das Energias Ch\u00e1kricas O corpo energ\u00e9tico que comp\u00f5e os seres vivos reveste-se de caracter\u00edsticas pr\u00f3prias, as quais devem sempre ser estudadas tendo como refer\u00eancia a mat\u00e9ria carnal. Todos os seres carnais s\u00e3o formados por mat\u00e9ria densa denominada popularmente de carne, vindo da\u00ed o termo encarnado \u009d, usado para designar os seres humanos&hellip; <br \/> <a class=\"read-more\" href=\"https:\/\/www.centronocaminhodaluz.com.br\/index.php\/artigo11553\/\">Leia mais<\/a><\/p>\n<div class=\"pvc_clear\"><\/div>\n<p id=\"pvc_stats_11553\" class=\"pvc_stats all  \" data-element-id=\"11553\" style=\"\"><i class=\"pvc-stats-icon medium\" aria-hidden=\"true\"><svg aria-hidden=\"true\" focusable=\"false\" data-prefix=\"far\" data-icon=\"chart-bar\" role=\"img\" xmlns=\"http:\/\/www.w3.org\/2000\/svg\" viewBox=\"0 0 512 512\" class=\"svg-inline--fa fa-chart-bar fa-w-16 fa-2x\"><path fill=\"currentColor\" d=\"M396.8 352h22.4c6.4 0 12.8-6.4 12.8-12.8V108.8c0-6.4-6.4-12.8-12.8-12.8h-22.4c-6.4 0-12.8 6.4-12.8 12.8v230.4c0 6.4 6.4 12.8 12.8 12.8zm-192 0h22.4c6.4 0 12.8-6.4 12.8-12.8V140.8c0-6.4-6.4-12.8-12.8-12.8h-22.4c-6.4 0-12.8 6.4-12.8 12.8v198.4c0 6.4 6.4 12.8 12.8 12.8zm96 0h22.4c6.4 0 12.8-6.4 12.8-12.8V204.8c0-6.4-6.4-12.8-12.8-12.8h-22.4c-6.4 0-12.8 6.4-12.8 12.8v134.4c0 6.4 6.4 12.8 12.8 12.8zM496 400H48V80c0-8.84-7.16-16-16-16H16C7.16 64 0 71.16 0 80v336c0 17.67 14.33 32 32 32h464c8.84 0 16-7.16 16-16v-16c0-8.84-7.16-16-16-16zm-387.2-48h22.4c6.4 0 12.8-6.4 12.8-12.8v-70.4c0-6.4-6.4-12.8-12.8-12.8h-22.4c-6.4 0-12.8 6.4-12.8 12.8v70.4c0 6.4 6.4 12.8 12.8 12.8z\" class=\"\"><\/path><\/svg><\/i> <img decoding=\"async\" width=\"16\" height=\"16\" alt=\"Loading\" data-src=\"https:\/\/www.centronocaminhodaluz.com.br\/wp-content\/plugins\/page-views-count\/ajax-loader-2x.gif\" border=0 src=\"data:image\/svg+xml;base64,PHN2ZyB3aWR0aD0iMSIgaGVpZ2h0PSIxIiB4bWxucz0iaHR0cDovL3d3dy53My5vcmcvMjAwMC9zdmciPjwvc3ZnPg==\" class=\"lazyload\" style=\"--smush-placeholder-width: 16px; --smush-placeholder-aspect-ratio: 16\/16;\" \/><\/p>\n<div class=\"pvc_clear\"><\/div>\n","protected":false},"author":1,"featured_media":0,"comment_status":"closed","ping_status":"open","sticky":false,"template":"","format":"standard","meta":{"footnotes":""},"categories":[2,16],"tags":[],"class_list":["post-11553","post","type-post","status-publish","format-standard","hentry","category-eunice-gondim","category-mensagens-diversas"],"a3_pvc":{"activated":true,"total_views":1310,"today_views":0},"_links":{"self":[{"href":"https:\/\/www.centronocaminhodaluz.com.br\/index.php\/wp-json\/wp\/v2\/posts\/11553","targetHints":{"allow":["GET"]}}],"collection":[{"href":"https:\/\/www.centronocaminhodaluz.com.br\/index.php\/wp-json\/wp\/v2\/posts"}],"about":[{"href":"https:\/\/www.centronocaminhodaluz.com.br\/index.php\/wp-json\/wp\/v2\/types\/post"}],"author":[{"embeddable":true,"href":"https:\/\/www.centronocaminhodaluz.com.br\/index.php\/wp-json\/wp\/v2\/users\/1"}],"replies":[{"embeddable":true,"href":"https:\/\/www.centronocaminhodaluz.com.br\/index.php\/wp-json\/wp\/v2\/comments?post=11553"}],"version-history":[{"count":0,"href":"https:\/\/www.centronocaminhodaluz.com.br\/index.php\/wp-json\/wp\/v2\/posts\/11553\/revisions"}],"wp:attachment":[{"href":"https:\/\/www.centronocaminhodaluz.com.br\/index.php\/wp-json\/wp\/v2\/media?parent=11553"}],"wp:term":[{"taxonomy":"category","embeddable":true,"href":"https:\/\/www.centronocaminhodaluz.com.br\/index.php\/wp-json\/wp\/v2\/categories?post=11553"},{"taxonomy":"post_tag","embeddable":true,"href":"https:\/\/www.centronocaminhodaluz.com.br\/index.php\/wp-json\/wp\/v2\/tags?post=11553"}],"curies":[{"name":"wp","href":"https:\/\/api.w.org\/{rel}","templated":true}]}}