{"id":11560,"date":"2012-08-31T00:00:00","date_gmt":"2012-08-31T00:00:00","guid":{"rendered":""},"modified":"2012-08-31T00:00:00","modified_gmt":"2012-08-31T00:00:00","slug":"artigo11560","status":"publish","type":"post","link":"https:\/\/www.centronocaminhodaluz.com.br\/index.php\/artigo11560\/","title":{"rendered":"Objetivos para viver"},"content":{"rendered":"<p>\n<br \/>Existir significa ter vida, fazer parte do Universo, contribuir para a harmonia do Cosmo.<br \/>\n<br \/>Assim, a vida que pulsa na intimidade de cada um de n\u00f3s \u00e9 convite de Deus para nos integrarmos a Ele, ao Universo, visto sermos dEle os filhos diletos.<br \/>\n<br \/>E a busca por um sentido, por entender a vida com um significado especial, \u00e9 a for\u00e7a propulsora para o progresso.<br \/>\n<br \/>Todo aquele que encontra um objetivo para viver, sejam seus ideais, suas necessidades ou mesmo suas ambi\u00e7\u00f5es, ter\u00e1 em sua vida um sentido maior.<br \/>\n<br \/>Mesmo sob cruciais e pesadas tormentas, o objetivo a se alcan\u00e7ar ser\u00e1 sempre a mola propulsora.<br \/>\n<br \/>Afinal, quando se tem o porqu\u00ea viver, a forma como se vive, at\u00e9 que se atinja o objetivo desejado, torna-se secund\u00e1ria.<br \/>\n<br \/>Viktor Frankl, psiquiatra judeu, afirmou que somente venceu os supl\u00edcios dos campos de concentra\u00e7\u00e3o da Segunda Guerra Mundial porque conseguiu encontrar um nobre objetivo para quando sa\u00edsse de l\u00e1.<br \/>\n<br \/>Ele tinha tr\u00eas raz\u00f5es para viver: sua f\u00e9, sua voca\u00e7\u00e3o e a esperan\u00e7a de reencontrar a esposa. Ali onde tantos perderam tudo, Frankl reconquistou n\u00e3o somente a vida, mas algo maior.<br \/>\n<br \/>Assim, enquanto tantos resvalavam na fuga pelo suic\u00eddio, nos dias de confinamento, ele superou as dores f\u00edsicas e morais, ao se apoiar nos objetivos que se prop\u00f4s alcan\u00e7ar.<br \/>\n<br \/>Thomas Alva Edison, ap\u00f3s mais de dois mil experimentos, mantinha o mesmo \u00e2nimo na busca de solu\u00e7\u00f5es para a cria\u00e7\u00e3o da l\u00e2mpada el\u00e9trica, impulsionado que estava pelo objetivo da descoberta e da cria\u00e7\u00e3o.<br \/>\n<br \/>Muitos aposentados e idosos, depressivos diversos, que se neurotizaram, recuperam-se atrav\u00e9s do servi\u00e7o ao pr\u00f3ximo, da autodoa\u00e7\u00e3o\u00e0 comunidade, do labor em grupo, sem interesse pecuni\u00e1rio, reinventando raz\u00f5es e motivos para serem \u00edteis, assim rompendo o ref\u00edgio sombrio da perda do sentido existencial.<br \/>\n<br \/>Sem meta n\u00e3o se vive. Mas essa se trata sempre de um sentido pessoal, que ningu\u00e9m pode oferecer e que \u00e9 particular a cada qual.<br \/>\n<br \/>N\u00e3o por outra forma que, comumente, pessoas atuantes, vibrantes, quando perdem o objetivo pelo qual pautavam a vida, resvalam nos sombrios caminhos da depress\u00e3o.<br \/>\n<br \/>Assim, cabe a cada um de n\u00f3s n\u00e3o se esquecer do significado maior da vida. Se os par\u00e2metros externos modificam-se, se a vida se altera, \u00e9 natural que nossos objetivos tamb\u00e9m sigam curso semelhante.<br \/>\n<br \/>Por\u00e9m, n\u00e3o esque\u00e7amos que ser\u00e1 sempre objetivo de todos n\u00f3s a busca da constru\u00e7\u00e3o \u00edntima atrav\u00e9s do desenvolvimento intelectual e das conquistas morais.<br \/>\n<br \/>Ser\u00e1 a conjuga\u00e7\u00e3o desses dois valores que proporcionar\u00e3o bem-estar interior e plenitude.<br \/>\n<br \/>Quem percebe a vida como uma oportunidade constante e inesgot\u00e1vel de progresso e conquistas, jamais deixar\u00e1 de possuir objetivos, pois ter\u00e1 como meta maior a constru\u00e7\u00e3o da plenitude existencial na intimidade da alma.<\/p>\n<p>Reda\u00e7\u00e3o do Momento Esp\u00edrita, com base no cap. 5, do<br \/>\n<br \/>livro Amor, imbat\u00edvel amor, pelo Esp\u00edrito Joanna de \u00c3\u201angelis,<br \/>\n<br \/>psicografia de Divaldo Pereira Franco, ed. Leal.<br \/>\n<br \/>Em 1.9.2012.<\/p>\n<div class=\"pvc_clear\"><\/div>\n<p id=\"pvc_stats_11560\" class=\"pvc_stats all  \" data-element-id=\"11560\" style=\"\"><i class=\"pvc-stats-icon medium\" aria-hidden=\"true\"><svg aria-hidden=\"true\" focusable=\"false\" data-prefix=\"far\" data-icon=\"chart-bar\" role=\"img\" xmlns=\"http:\/\/www.w3.org\/2000\/svg\" viewBox=\"0 0 512 512\" class=\"svg-inline--fa fa-chart-bar fa-w-16 fa-2x\"><path fill=\"currentColor\" d=\"M396.8 352h22.4c6.4 0 12.8-6.4 12.8-12.8V108.8c0-6.4-6.4-12.8-12.8-12.8h-22.4c-6.4 0-12.8 6.4-12.8 12.8v230.4c0 6.4 6.4 12.8 12.8 12.8zm-192 0h22.4c6.4 0 12.8-6.4 12.8-12.8V140.8c0-6.4-6.4-12.8-12.8-12.8h-22.4c-6.4 0-12.8 6.4-12.8 12.8v198.4c0 6.4 6.4 12.8 12.8 12.8zm96 0h22.4c6.4 0 12.8-6.4 12.8-12.8V204.8c0-6.4-6.4-12.8-12.8-12.8h-22.4c-6.4 0-12.8 6.4-12.8 12.8v134.4c0 6.4 6.4 12.8 12.8 12.8zM496 400H48V80c0-8.84-7.16-16-16-16H16C7.16 64 0 71.16 0 80v336c0 17.67 14.33 32 32 32h464c8.84 0 16-7.16 16-16v-16c0-8.84-7.16-16-16-16zm-387.2-48h22.4c6.4 0 12.8-6.4 12.8-12.8v-70.4c0-6.4-6.4-12.8-12.8-12.8h-22.4c-6.4 0-12.8 6.4-12.8 12.8v70.4c0 6.4 6.4 12.8 12.8 12.8z\" class=\"\"><\/path><\/svg><\/i> <img decoding=\"async\" width=\"16\" height=\"16\" alt=\"Loading\" data-src=\"https:\/\/www.centronocaminhodaluz.com.br\/wp-content\/plugins\/page-views-count\/ajax-loader-2x.gif\" border=0 src=\"data:image\/svg+xml;base64,PHN2ZyB3aWR0aD0iMSIgaGVpZ2h0PSIxIiB4bWxucz0iaHR0cDovL3d3dy53My5vcmcvMjAwMC9zdmciPjwvc3ZnPg==\" class=\"lazyload\" style=\"--smush-placeholder-width: 16px; --smush-placeholder-aspect-ratio: 16\/16;\" \/><\/p>\n<div class=\"pvc_clear\"><\/div>\n","protected":false},"excerpt":{"rendered":"<p>Existir significa ter vida, fazer parte do Universo, contribuir para a harmonia do Cosmo. Assim, a vida que pulsa na intimidade de cada um de n\u00f3s \u00e9 convite de Deus para nos integrarmos a Ele, ao Universo, visto sermos dEle os filhos diletos. E a busca por um sentido, por entender a vida com um&hellip; <br \/> <a class=\"read-more\" href=\"https:\/\/www.centronocaminhodaluz.com.br\/index.php\/artigo11560\/\">Leia mais<\/a><\/p>\n<div class=\"pvc_clear\"><\/div>\n<p id=\"pvc_stats_11560\" class=\"pvc_stats all  \" data-element-id=\"11560\" style=\"\"><i class=\"pvc-stats-icon medium\" aria-hidden=\"true\"><svg aria-hidden=\"true\" focusable=\"false\" data-prefix=\"far\" data-icon=\"chart-bar\" role=\"img\" xmlns=\"http:\/\/www.w3.org\/2000\/svg\" viewBox=\"0 0 512 512\" class=\"svg-inline--fa fa-chart-bar fa-w-16 fa-2x\"><path fill=\"currentColor\" d=\"M396.8 352h22.4c6.4 0 12.8-6.4 12.8-12.8V108.8c0-6.4-6.4-12.8-12.8-12.8h-22.4c-6.4 0-12.8 6.4-12.8 12.8v230.4c0 6.4 6.4 12.8 12.8 12.8zm-192 0h22.4c6.4 0 12.8-6.4 12.8-12.8V140.8c0-6.4-6.4-12.8-12.8-12.8h-22.4c-6.4 0-12.8 6.4-12.8 12.8v198.4c0 6.4 6.4 12.8 12.8 12.8zm96 0h22.4c6.4 0 12.8-6.4 12.8-12.8V204.8c0-6.4-6.4-12.8-12.8-12.8h-22.4c-6.4 0-12.8 6.4-12.8 12.8v134.4c0 6.4 6.4 12.8 12.8 12.8zM496 400H48V80c0-8.84-7.16-16-16-16H16C7.16 64 0 71.16 0 80v336c0 17.67 14.33 32 32 32h464c8.84 0 16-7.16 16-16v-16c0-8.84-7.16-16-16-16zm-387.2-48h22.4c6.4 0 12.8-6.4 12.8-12.8v-70.4c0-6.4-6.4-12.8-12.8-12.8h-22.4c-6.4 0-12.8 6.4-12.8 12.8v70.4c0 6.4 6.4 12.8 12.8 12.8z\" class=\"\"><\/path><\/svg><\/i> <img decoding=\"async\" width=\"16\" height=\"16\" alt=\"Loading\" data-src=\"https:\/\/www.centronocaminhodaluz.com.br\/wp-content\/plugins\/page-views-count\/ajax-loader-2x.gif\" border=0 src=\"data:image\/svg+xml;base64,PHN2ZyB3aWR0aD0iMSIgaGVpZ2h0PSIxIiB4bWxucz0iaHR0cDovL3d3dy53My5vcmcvMjAwMC9zdmciPjwvc3ZnPg==\" class=\"lazyload\" style=\"--smush-placeholder-width: 16px; --smush-placeholder-aspect-ratio: 16\/16;\" \/><\/p>\n<div class=\"pvc_clear\"><\/div>\n","protected":false},"author":1,"featured_media":0,"comment_status":"Closed","ping_status":"open","sticky":false,"template":"","format":"standard","meta":{"footnotes":""},"categories":[16],"tags":[],"class_list":["post-11560","post","type-post","status-publish","format-standard","hentry","category-mensagens-diversas"],"a3_pvc":{"activated":true,"total_views":699,"today_views":0},"_links":{"self":[{"href":"https:\/\/www.centronocaminhodaluz.com.br\/index.php\/wp-json\/wp\/v2\/posts\/11560","targetHints":{"allow":["GET"]}}],"collection":[{"href":"https:\/\/www.centronocaminhodaluz.com.br\/index.php\/wp-json\/wp\/v2\/posts"}],"about":[{"href":"https:\/\/www.centronocaminhodaluz.com.br\/index.php\/wp-json\/wp\/v2\/types\/post"}],"author":[{"embeddable":true,"href":"https:\/\/www.centronocaminhodaluz.com.br\/index.php\/wp-json\/wp\/v2\/users\/1"}],"replies":[{"embeddable":true,"href":"https:\/\/www.centronocaminhodaluz.com.br\/index.php\/wp-json\/wp\/v2\/comments?post=11560"}],"version-history":[{"count":0,"href":"https:\/\/www.centronocaminhodaluz.com.br\/index.php\/wp-json\/wp\/v2\/posts\/11560\/revisions"}],"wp:attachment":[{"href":"https:\/\/www.centronocaminhodaluz.com.br\/index.php\/wp-json\/wp\/v2\/media?parent=11560"}],"wp:term":[{"taxonomy":"category","embeddable":true,"href":"https:\/\/www.centronocaminhodaluz.com.br\/index.php\/wp-json\/wp\/v2\/categories?post=11560"},{"taxonomy":"post_tag","embeddable":true,"href":"https:\/\/www.centronocaminhodaluz.com.br\/index.php\/wp-json\/wp\/v2\/tags?post=11560"}],"curies":[{"name":"wp","href":"https:\/\/api.w.org\/{rel}","templated":true}]}}