{"id":11562,"date":"2012-08-31T00:00:00","date_gmt":"2012-08-31T00:00:00","guid":{"rendered":""},"modified":"2012-08-31T00:00:00","modified_gmt":"2012-08-31T00:00:00","slug":"artigo11562","status":"publish","type":"post","link":"https:\/\/www.centronocaminhodaluz.com.br\/index.php\/artigo11562\/","title":{"rendered":"Privilegiada velhice"},"content":{"rendered":"<p>\n<br \/>O an\u00edncio de sua morte se deu em 2009, poucos dias antes dela completar noventa e nove anos de idade. Em 2005, foi descoberta por uma equipe de reportagem, realizando seu voluntariado junto a idosos.<br \/>\n<br \/>Natural de Bassano del Grappa, norte da It\u00e1lia, veio para o Brasil fugindo da guerra.<br \/>\n<br \/>Ela ganhou as telas das emissoras televisivas, sendo entrevistada em dois programas nacionais, em 2008. Numa delas afirmou que, no ano anterior, aos noventa e sete anos, tinha renovado sua carteira de motorista.<br \/>\n<br \/>E, apesar de recomenda\u00e7\u00f5es dos familiares para abandonar a dire\u00e7\u00e3o, ela continuou a comparecer ao servi\u00e7o volunt\u00e1rio, em dois locais diferentes, dirigindo seu fusca laranja, ano 74.<br \/>\n<br \/>Recebeu do governo do Rio Grande do Sul o trof\u00e9u Ana Terra, pelos relevantes servi\u00e7os prestados\u00e0 comunidade.<br \/>\n<br \/>Radicada em Bento Gon\u00e7alves, no estado ga\u00edcho, demonstrava agilidade f\u00edsica e mental.<br \/>\n<br \/>Seu nome \u00e9 Ana Varianni. Servindo ao seu semelhante, no Lar do anci\u00e3o e na Sociedade Beneficente Santo Ant\u00f4nio, mostrava grande carinho.<br \/>\n<br \/>Em uma das institui\u00e7\u00f5es, era respons\u00e1vel por nada menos de doze idosos, que se encontravam na faixa dos setenta-setenta e cinco anos.<br \/>\n<br \/>Servia-lhes a alimenta\u00e7\u00e3o na boca, dadas as defici\u00eancias de que eram portadores. E, no seu sotaque italiano carregado, que lhe conferia ainda mais especial sonoridade, ela amassava a comida para os que n\u00e3o tinham possibilidade de boa mastiga\u00e7\u00e3o e incentivava:<br \/>\n<br \/>Ora, vamos, onde se viu uma senhora dessa idade n\u00e3o querer comer? Se n\u00e3o comer, n\u00e3o pode viver. Vamos l\u00e1!<br \/>\n<br \/>Cuidadosa, afirmava que agora, quase aos cem anos, n\u00e3o se permitia dirigir em grande velocidade, ia devagar. A uma indaga\u00e7\u00e3o espirituosa do entrevistador que se disse apaixonado por ela e lhe prop\u00f4s casamento, ela objetou:<br \/>\n<br \/>Meu amigo, nessa altura da vida, o melhor \u00e9 que sejamos bons amigos!<br \/>\n<br \/>Seu filho assim se expressou, quando da ocorr\u00eancia de sua morte: Tenho a melhor das lembran\u00e7as de minha m\u00e3e. Ela viveu intensamente e alcan\u00e7ou todos os objetivos da vida dela com os filhos, os netos e trabalhando para o bem-estar da sociedade.<br \/>\n<br \/>*  *  *<br \/>\n<br \/>Ana morreu deixando o exemplo do dinamismo que os anos n\u00e3o podem apagar. Altera-se a m\u00e1quina f\u00edsica, as for\u00e7as j\u00e1 n\u00e3o s\u00e3o t\u00e3o intensas, contudo, a vontade de agir permanece firme.<br \/>\n<br \/>Exemplo para tantos que nos dizemos tristes porque j\u00e1 n\u00e3o podemos fazer tudo que faz\u00edamos na juventude. Seria de analisar: Ser\u00e1 que n\u00e3o conseguimos mesmo ou ser\u00e1 que nos acomodamos, em nome de uma certa soma de anos vividos?<br \/>\n<br \/>Exemplos in\u00edmeros existem que nos demonstram que o Esp\u00edrito se sobrep\u00f5e ao corpo e o comanda.<br \/>\n<br \/>Maia Plisetskaya,  a bailarina russa, aos sessenta e um anos de idade, com um corpo impec\u00e1vel de bailarina cl\u00e1ssica, dan\u00e7ou O lago dos cisnes.<br \/>\n<br \/>Interpretou a infeliz Odete que, transformada em cisne branco morre de amores. Extraordin\u00e1ria performance.<br \/>\n<br \/>Essas criaturas nos dizem que devemos sacudir a poeira dos ombros, retirar as teias de aranha do pensamento e viver.<br \/>\n<br \/>Viver intensamente, n\u00e3o nos permitindo parar de aprender, de estudar, de produzir. Da forma que consigamos.<br \/>\n<br \/>Alguns poderemos ter algumas limita\u00e7\u00f5es. Busquemos super\u00e1-las e, de uma vez para sempre, retiremos do nosso vocabul\u00e1rio as frases: Estou velho. N\u00e3o sirvo mais para nada.<\/p>\n<p>Reda\u00e7\u00e3o do Momento Esp\u00edrita.<br \/>\n<br \/>Em  28.08.2012.<\/p>\n<div class=\"pvc_clear\"><\/div>\n<p id=\"pvc_stats_11562\" class=\"pvc_stats all  \" data-element-id=\"11562\" style=\"\"><i class=\"pvc-stats-icon medium\" aria-hidden=\"true\"><svg aria-hidden=\"true\" focusable=\"false\" data-prefix=\"far\" data-icon=\"chart-bar\" role=\"img\" xmlns=\"http:\/\/www.w3.org\/2000\/svg\" viewBox=\"0 0 512 512\" class=\"svg-inline--fa fa-chart-bar fa-w-16 fa-2x\"><path fill=\"currentColor\" d=\"M396.8 352h22.4c6.4 0 12.8-6.4 12.8-12.8V108.8c0-6.4-6.4-12.8-12.8-12.8h-22.4c-6.4 0-12.8 6.4-12.8 12.8v230.4c0 6.4 6.4 12.8 12.8 12.8zm-192 0h22.4c6.4 0 12.8-6.4 12.8-12.8V140.8c0-6.4-6.4-12.8-12.8-12.8h-22.4c-6.4 0-12.8 6.4-12.8 12.8v198.4c0 6.4 6.4 12.8 12.8 12.8zm96 0h22.4c6.4 0 12.8-6.4 12.8-12.8V204.8c0-6.4-6.4-12.8-12.8-12.8h-22.4c-6.4 0-12.8 6.4-12.8 12.8v134.4c0 6.4 6.4 12.8 12.8 12.8zM496 400H48V80c0-8.84-7.16-16-16-16H16C7.16 64 0 71.16 0 80v336c0 17.67 14.33 32 32 32h464c8.84 0 16-7.16 16-16v-16c0-8.84-7.16-16-16-16zm-387.2-48h22.4c6.4 0 12.8-6.4 12.8-12.8v-70.4c0-6.4-6.4-12.8-12.8-12.8h-22.4c-6.4 0-12.8 6.4-12.8 12.8v70.4c0 6.4 6.4 12.8 12.8 12.8z\" class=\"\"><\/path><\/svg><\/i> <img decoding=\"async\" width=\"16\" height=\"16\" alt=\"Loading\" data-src=\"https:\/\/www.centronocaminhodaluz.com.br\/wp-content\/plugins\/page-views-count\/ajax-loader-2x.gif\" border=0 src=\"data:image\/svg+xml;base64,PHN2ZyB3aWR0aD0iMSIgaGVpZ2h0PSIxIiB4bWxucz0iaHR0cDovL3d3dy53My5vcmcvMjAwMC9zdmciPjwvc3ZnPg==\" class=\"lazyload\" style=\"--smush-placeholder-width: 16px; --smush-placeholder-aspect-ratio: 16\/16;\" \/><\/p>\n<div class=\"pvc_clear\"><\/div>\n","protected":false},"excerpt":{"rendered":"<p>O an\u00edncio de sua morte se deu em 2009, poucos dias antes dela completar noventa e nove anos de idade. Em 2005, foi descoberta por uma equipe de reportagem, realizando seu voluntariado junto a idosos. Natural de Bassano del Grappa, norte da It\u00e1lia, veio para o Brasil fugindo da guerra. Ela ganhou as telas das&hellip; <br \/> <a class=\"read-more\" href=\"https:\/\/www.centronocaminhodaluz.com.br\/index.php\/artigo11562\/\">Leia mais<\/a><\/p>\n<div class=\"pvc_clear\"><\/div>\n<p id=\"pvc_stats_11562\" class=\"pvc_stats all  \" data-element-id=\"11562\" style=\"\"><i class=\"pvc-stats-icon medium\" aria-hidden=\"true\"><svg aria-hidden=\"true\" focusable=\"false\" data-prefix=\"far\" data-icon=\"chart-bar\" role=\"img\" xmlns=\"http:\/\/www.w3.org\/2000\/svg\" viewBox=\"0 0 512 512\" class=\"svg-inline--fa fa-chart-bar fa-w-16 fa-2x\"><path fill=\"currentColor\" d=\"M396.8 352h22.4c6.4 0 12.8-6.4 12.8-12.8V108.8c0-6.4-6.4-12.8-12.8-12.8h-22.4c-6.4 0-12.8 6.4-12.8 12.8v230.4c0 6.4 6.4 12.8 12.8 12.8zm-192 0h22.4c6.4 0 12.8-6.4 12.8-12.8V140.8c0-6.4-6.4-12.8-12.8-12.8h-22.4c-6.4 0-12.8 6.4-12.8 12.8v198.4c0 6.4 6.4 12.8 12.8 12.8zm96 0h22.4c6.4 0 12.8-6.4 12.8-12.8V204.8c0-6.4-6.4-12.8-12.8-12.8h-22.4c-6.4 0-12.8 6.4-12.8 12.8v134.4c0 6.4 6.4 12.8 12.8 12.8zM496 400H48V80c0-8.84-7.16-16-16-16H16C7.16 64 0 71.16 0 80v336c0 17.67 14.33 32 32 32h464c8.84 0 16-7.16 16-16v-16c0-8.84-7.16-16-16-16zm-387.2-48h22.4c6.4 0 12.8-6.4 12.8-12.8v-70.4c0-6.4-6.4-12.8-12.8-12.8h-22.4c-6.4 0-12.8 6.4-12.8 12.8v70.4c0 6.4 6.4 12.8 12.8 12.8z\" class=\"\"><\/path><\/svg><\/i> <img decoding=\"async\" width=\"16\" height=\"16\" alt=\"Loading\" data-src=\"https:\/\/www.centronocaminhodaluz.com.br\/wp-content\/plugins\/page-views-count\/ajax-loader-2x.gif\" border=0 src=\"data:image\/svg+xml;base64,PHN2ZyB3aWR0aD0iMSIgaGVpZ2h0PSIxIiB4bWxucz0iaHR0cDovL3d3dy53My5vcmcvMjAwMC9zdmciPjwvc3ZnPg==\" class=\"lazyload\" style=\"--smush-placeholder-width: 16px; --smush-placeholder-aspect-ratio: 16\/16;\" \/><\/p>\n<div class=\"pvc_clear\"><\/div>\n","protected":false},"author":1,"featured_media":0,"comment_status":"Closed","ping_status":"open","sticky":false,"template":"","format":"standard","meta":{"footnotes":""},"categories":[16],"tags":[],"class_list":["post-11562","post","type-post","status-publish","format-standard","hentry","category-mensagens-diversas"],"a3_pvc":{"activated":true,"total_views":811,"today_views":0},"_links":{"self":[{"href":"https:\/\/www.centronocaminhodaluz.com.br\/index.php\/wp-json\/wp\/v2\/posts\/11562","targetHints":{"allow":["GET"]}}],"collection":[{"href":"https:\/\/www.centronocaminhodaluz.com.br\/index.php\/wp-json\/wp\/v2\/posts"}],"about":[{"href":"https:\/\/www.centronocaminhodaluz.com.br\/index.php\/wp-json\/wp\/v2\/types\/post"}],"author":[{"embeddable":true,"href":"https:\/\/www.centronocaminhodaluz.com.br\/index.php\/wp-json\/wp\/v2\/users\/1"}],"replies":[{"embeddable":true,"href":"https:\/\/www.centronocaminhodaluz.com.br\/index.php\/wp-json\/wp\/v2\/comments?post=11562"}],"version-history":[{"count":0,"href":"https:\/\/www.centronocaminhodaluz.com.br\/index.php\/wp-json\/wp\/v2\/posts\/11562\/revisions"}],"wp:attachment":[{"href":"https:\/\/www.centronocaminhodaluz.com.br\/index.php\/wp-json\/wp\/v2\/media?parent=11562"}],"wp:term":[{"taxonomy":"category","embeddable":true,"href":"https:\/\/www.centronocaminhodaluz.com.br\/index.php\/wp-json\/wp\/v2\/categories?post=11562"},{"taxonomy":"post_tag","embeddable":true,"href":"https:\/\/www.centronocaminhodaluz.com.br\/index.php\/wp-json\/wp\/v2\/tags?post=11562"}],"curies":[{"name":"wp","href":"https:\/\/api.w.org\/{rel}","templated":true}]}}