{"id":11578,"date":"2012-09-06T00:00:00","date_gmt":"2012-09-06T00:00:00","guid":{"rendered":""},"modified":"2012-09-06T00:00:00","modified_gmt":"2012-09-06T00:00:00","slug":"artigo11578","status":"publish","type":"post","link":"https:\/\/www.centronocaminhodaluz.com.br\/index.php\/artigo11578\/","title":{"rendered":"Quando choro meu pa\u00eds"},"content":{"rendered":"<p>\n<br \/>Quando olho meu Brasil, t\u00e3o vasto em territ\u00f3rio e t\u00e3o pobre em amor dos seus filhos;<br \/>\n<br \/>quando o vejo t\u00e3o rico de sol, vida e luz e tantos dos seus filhos vivendo em condi\u00e7\u00f5es prec\u00e1rias, onde lhes falecem o direito\u00e0 sa\u00edde do corpo e da alma, pois que carecem investimentos governamentais espec\u00edficos;<br \/>\n<br \/>quando contemplo as manh\u00e3s brilhantes, gritando esperan\u00e7a, e observo os interesses de poucos sobrepujando o bem-estar de toda uma na\u00e7\u00e3o;<br \/>\n<br \/>quando me dou conta de que o pa\u00eds \u00e9 pleno de riquezas minerais, vegetais, h\u00eddricas, que s\u00e3o depreciadas;<br \/>\n<br \/>quando percebo que h\u00e1 filhos de extraordin\u00e1rios dotes intelectuais, art\u00edsticos, do cora\u00e7\u00e3o, nesta terra, e os vejo abandonarem estas fronteiras para conseguirem seu lugar ao sol em distantes terras, eu choro.<br \/>\n<br \/>Choro por saber que este pa\u00eds poderia ser o Eldorado dos milh\u00f5es de seres que aqui vivem.<br \/>\n<br \/>Lamento ver criaturas esfarrapadas, quando poderiam estar vestindo a camisa do pa\u00eds, no verdadeiro sentido.<br \/>\n<br \/>Lamento ouvir queixumes, cr\u00edticas e desaires a respeito de uma terra t\u00e3o promissora e generosa.<br \/>\n<br \/>Nesse dia de dores, coloco o hino p\u00e1trio para ouvir, bem alto. E penso como seria bom se ele fosse mais ouvido, mais cantado, mais pensado, mais vivido.<br \/>\n<br \/>E, enquanto os versos musicais se sucedem, enaltecendo a p\u00e1tria-m\u00e3e gentil, seus dotes f\u00edsicos, a riqueza sem par dessas matas, penso que \u00e9 tempo de n\u00f3s, brasileiros, despertarmos.<br \/>\n<br \/>\u00c9 hora de sacudir a poeira do comodismo e lutar por um pa\u00eds mais justo, onde seus filhos vivam em plenitude.<br \/>\n<br \/>Onde seus filhos nas\u00e7am, com a certeza de que a m\u00e3e gentil lhes dar\u00e1 abrigo ao corpo, alimento ao Esp\u00edrito.<br \/>\n<br \/>Um pa\u00eds onde se privilegie a instru\u00e7\u00e3o, n\u00e3o como algo demag\u00f3gico, para ser acionado em momentos de estrat\u00e9gia pol\u00edtica, mas sim com o objetivo de ilustrar as mentes privilegiadas que somos todos, na qualidade de Esp\u00edritos imortais.<br \/>\n<br \/>Um pa\u00eds onde se possa ostentar n\u00e3o somente as valiosas medalhas conquistadas no atletismo, no esporte, mas igualmente se coloque no peito dos que o servem com dedica\u00e7\u00e3o, as medalhas de ouro da gratid\u00e3o.<br \/>\n<br \/>Um pa\u00eds onde Ordem e Progresso n\u00e3o sejam somente uma legenda na bandeira.<br \/>\n<br \/>Mas, sobretudo, uma meta gravada no cora\u00e7\u00e3o de cada filho seu, nascido em sua terra ou adotado de distantes paragens.<br \/>\n<br \/>Tudo isso n\u00e3o \u00e9 utopia.<br \/>\n<br \/>\u00c9 poss\u00edvel no hoje e no agora. Ser\u00e1 suficiente que cada um de n\u00f3s ponha em pr\u00e1tica sua condi\u00e7\u00e3o de cidad\u00e3o consciente dos seus deveres, de forma priorit\u00e1ria.<br \/>\n<br \/>Estudar, trabalhar, mostrando que filho desta terra, leg\u00edtimo herdeiro das suas riquezas, somente \u00e9 aquele que a dignifica com intelig\u00eancia e suor.<br \/>\n<br \/>*   *   *<br \/>\n<br \/>Amemos nosso pa\u00eds, investindo na cultura, no bem, na justi\u00e7a.<br \/>\n<br \/>Orgulhemo-nos do verde da esperan\u00e7a, do amarelo que traduz a intelectualidade, do azul da harmonia e do branco da paz.<br \/>\n<br \/>Nesse dia, ufanemo-nos, cantando:<br \/>\n<br \/>Ver\u00e1s que um filho teu n\u00e3o foge\u00e0 luta,<br \/>\n<br \/>Nem teme, quem te adora, a pr\u00f3pria morte.<br \/>\n<br \/>\u00c3\u201c, p\u00e1tria amada<br \/>\n<br \/>Idolatrada&#8230;<br \/>\n<br \/>\u00c9s tu, Brasil.<br \/>\n<br \/>Reda\u00e7\u00e3o do Momento Esp\u00edrita.<br \/>\n<br \/>Em 7.9.2012.<\/p>\n<div class=\"pvc_clear\"><\/div>\n<p id=\"pvc_stats_11578\" class=\"pvc_stats all  \" data-element-id=\"11578\" style=\"\"><i class=\"pvc-stats-icon medium\" aria-hidden=\"true\"><svg aria-hidden=\"true\" focusable=\"false\" data-prefix=\"far\" data-icon=\"chart-bar\" role=\"img\" xmlns=\"http:\/\/www.w3.org\/2000\/svg\" viewBox=\"0 0 512 512\" class=\"svg-inline--fa fa-chart-bar fa-w-16 fa-2x\"><path fill=\"currentColor\" d=\"M396.8 352h22.4c6.4 0 12.8-6.4 12.8-12.8V108.8c0-6.4-6.4-12.8-12.8-12.8h-22.4c-6.4 0-12.8 6.4-12.8 12.8v230.4c0 6.4 6.4 12.8 12.8 12.8zm-192 0h22.4c6.4 0 12.8-6.4 12.8-12.8V140.8c0-6.4-6.4-12.8-12.8-12.8h-22.4c-6.4 0-12.8 6.4-12.8 12.8v198.4c0 6.4 6.4 12.8 12.8 12.8zm96 0h22.4c6.4 0 12.8-6.4 12.8-12.8V204.8c0-6.4-6.4-12.8-12.8-12.8h-22.4c-6.4 0-12.8 6.4-12.8 12.8v134.4c0 6.4 6.4 12.8 12.8 12.8zM496 400H48V80c0-8.84-7.16-16-16-16H16C7.16 64 0 71.16 0 80v336c0 17.67 14.33 32 32 32h464c8.84 0 16-7.16 16-16v-16c0-8.84-7.16-16-16-16zm-387.2-48h22.4c6.4 0 12.8-6.4 12.8-12.8v-70.4c0-6.4-6.4-12.8-12.8-12.8h-22.4c-6.4 0-12.8 6.4-12.8 12.8v70.4c0 6.4 6.4 12.8 12.8 12.8z\" class=\"\"><\/path><\/svg><\/i> <img decoding=\"async\" width=\"16\" height=\"16\" alt=\"Loading\" data-src=\"https:\/\/www.centronocaminhodaluz.com.br\/wp-content\/plugins\/page-views-count\/ajax-loader-2x.gif\" border=0 src=\"data:image\/svg+xml;base64,PHN2ZyB3aWR0aD0iMSIgaGVpZ2h0PSIxIiB4bWxucz0iaHR0cDovL3d3dy53My5vcmcvMjAwMC9zdmciPjwvc3ZnPg==\" class=\"lazyload\" style=\"--smush-placeholder-width: 16px; --smush-placeholder-aspect-ratio: 16\/16;\" \/><\/p>\n<div class=\"pvc_clear\"><\/div>\n","protected":false},"excerpt":{"rendered":"<p>Quando olho meu Brasil, t\u00e3o vasto em territ\u00f3rio e t\u00e3o pobre em amor dos seus filhos; quando o vejo t\u00e3o rico de sol, vida e luz e tantos dos seus filhos vivendo em condi\u00e7\u00f5es prec\u00e1rias, onde lhes falecem o direito\u00e0 sa\u00edde do corpo e da alma, pois que carecem investimentos governamentais espec\u00edficos; quando contemplo as&hellip; <br \/> <a class=\"read-more\" href=\"https:\/\/www.centronocaminhodaluz.com.br\/index.php\/artigo11578\/\">Leia mais<\/a><\/p>\n<div class=\"pvc_clear\"><\/div>\n<p id=\"pvc_stats_11578\" class=\"pvc_stats all  \" data-element-id=\"11578\" style=\"\"><i class=\"pvc-stats-icon medium\" aria-hidden=\"true\"><svg aria-hidden=\"true\" focusable=\"false\" data-prefix=\"far\" data-icon=\"chart-bar\" role=\"img\" xmlns=\"http:\/\/www.w3.org\/2000\/svg\" viewBox=\"0 0 512 512\" class=\"svg-inline--fa fa-chart-bar fa-w-16 fa-2x\"><path fill=\"currentColor\" d=\"M396.8 352h22.4c6.4 0 12.8-6.4 12.8-12.8V108.8c0-6.4-6.4-12.8-12.8-12.8h-22.4c-6.4 0-12.8 6.4-12.8 12.8v230.4c0 6.4 6.4 12.8 12.8 12.8zm-192 0h22.4c6.4 0 12.8-6.4 12.8-12.8V140.8c0-6.4-6.4-12.8-12.8-12.8h-22.4c-6.4 0-12.8 6.4-12.8 12.8v198.4c0 6.4 6.4 12.8 12.8 12.8zm96 0h22.4c6.4 0 12.8-6.4 12.8-12.8V204.8c0-6.4-6.4-12.8-12.8-12.8h-22.4c-6.4 0-12.8 6.4-12.8 12.8v134.4c0 6.4 6.4 12.8 12.8 12.8zM496 400H48V80c0-8.84-7.16-16-16-16H16C7.16 64 0 71.16 0 80v336c0 17.67 14.33 32 32 32h464c8.84 0 16-7.16 16-16v-16c0-8.84-7.16-16-16-16zm-387.2-48h22.4c6.4 0 12.8-6.4 12.8-12.8v-70.4c0-6.4-6.4-12.8-12.8-12.8h-22.4c-6.4 0-12.8 6.4-12.8 12.8v70.4c0 6.4 6.4 12.8 12.8 12.8z\" class=\"\"><\/path><\/svg><\/i> <img decoding=\"async\" width=\"16\" height=\"16\" alt=\"Loading\" data-src=\"https:\/\/www.centronocaminhodaluz.com.br\/wp-content\/plugins\/page-views-count\/ajax-loader-2x.gif\" border=0 src=\"data:image\/svg+xml;base64,PHN2ZyB3aWR0aD0iMSIgaGVpZ2h0PSIxIiB4bWxucz0iaHR0cDovL3d3dy53My5vcmcvMjAwMC9zdmciPjwvc3ZnPg==\" class=\"lazyload\" style=\"--smush-placeholder-width: 16px; --smush-placeholder-aspect-ratio: 16\/16;\" \/><\/p>\n<div class=\"pvc_clear\"><\/div>\n","protected":false},"author":1,"featured_media":0,"comment_status":"Closed","ping_status":"open","sticky":false,"template":"","format":"standard","meta":{"footnotes":""},"categories":[16],"tags":[],"class_list":["post-11578","post","type-post","status-publish","format-standard","hentry","category-mensagens-diversas"],"a3_pvc":{"activated":true,"total_views":626,"today_views":0},"_links":{"self":[{"href":"https:\/\/www.centronocaminhodaluz.com.br\/index.php\/wp-json\/wp\/v2\/posts\/11578","targetHints":{"allow":["GET"]}}],"collection":[{"href":"https:\/\/www.centronocaminhodaluz.com.br\/index.php\/wp-json\/wp\/v2\/posts"}],"about":[{"href":"https:\/\/www.centronocaminhodaluz.com.br\/index.php\/wp-json\/wp\/v2\/types\/post"}],"author":[{"embeddable":true,"href":"https:\/\/www.centronocaminhodaluz.com.br\/index.php\/wp-json\/wp\/v2\/users\/1"}],"replies":[{"embeddable":true,"href":"https:\/\/www.centronocaminhodaluz.com.br\/index.php\/wp-json\/wp\/v2\/comments?post=11578"}],"version-history":[{"count":0,"href":"https:\/\/www.centronocaminhodaluz.com.br\/index.php\/wp-json\/wp\/v2\/posts\/11578\/revisions"}],"wp:attachment":[{"href":"https:\/\/www.centronocaminhodaluz.com.br\/index.php\/wp-json\/wp\/v2\/media?parent=11578"}],"wp:term":[{"taxonomy":"category","embeddable":true,"href":"https:\/\/www.centronocaminhodaluz.com.br\/index.php\/wp-json\/wp\/v2\/categories?post=11578"},{"taxonomy":"post_tag","embeddable":true,"href":"https:\/\/www.centronocaminhodaluz.com.br\/index.php\/wp-json\/wp\/v2\/tags?post=11578"}],"curies":[{"name":"wp","href":"https:\/\/api.w.org\/{rel}","templated":true}]}}