{"id":11591,"date":"2012-09-16T00:00:00","date_gmt":"2012-09-16T00:00:00","guid":{"rendered":""},"modified":"2012-09-16T00:00:00","modified_gmt":"2012-09-16T00:00:00","slug":"artigo11591","status":"publish","type":"post","link":"https:\/\/www.centronocaminhodaluz.com.br\/index.php\/artigo11591\/","title":{"rendered":"DOENTES DA ALMA"},"content":{"rendered":"<p>DOENTES DA ALMA<\/p>\n<p>Existem doentes da alma, quanto existe enfermos do corpo.<\/p>\n<p>Quando encontrares companheiros envolvidos na sombra do materialismo destruidor, ao inv\u00e9s de invectiv\u00e1-los, compadece-te.<\/p>\n<p>Cercados pela vida triunfante, do sol aos vermes e do lodo\u00e0s estrelas, quantos se acham aparentemente desligados da id\u00e9ia de Deus e trazem o cora\u00e7\u00e3o em transit\u00f3rio desequil\u00edbrio.<\/p>\n<p>Se te hostilizam, silencia.<\/p>\n<p>Se te provocam, aben\u00e7oa.<\/p>\n<p>N\u00e3o lhes atires fel ao vinagre em que se lhes represa a exist\u00eancia.<\/p>\n<p>Pensa nas dificuldades e l\u00e1grimas que os fizeram assim.<\/p>\n<p>Considera, sobretudo, que n\u00e3o s\u00e3o indiferentes\u00e0 f\u00e9 porque o desejem.<\/p>\n<p>Surpreendemos os que foram orientados na rebeldia, desde a primeira inf\u00e2ncia e n\u00e3o disp\u00f5em de facilidade imediatas para renovarem convic\u00e7\u00f5es; os que se viram mentalmente espancados por desenganos e perderam a confian\u00e7a em si pr\u00f3prios; os que se supunham superiores\u00e0 Sabedoria Divina e quiseram subjugar os seus irm\u00e3os, caindo em amargas experi\u00eancias que os constrangeram ao reconhecimento da pr\u00f3pria pequenez que ainda n\u00e3o conseguem admitir; os que tiveram a casa visitada pela morte e se revoltaram contra as leis da Vida que lhes favoreceram os entes amados com a liberta\u00e7\u00e3o, antes que se lhes arrochassem as cadeias de sofrimento; os que estimariam poder transformar inconsideradamente os princ\u00edpios do Universo e se fazem advers\u00e1rios de Deus por n\u00e3o lhes ser poss\u00edvel o controle absoluto da Natureza e da Humanidade; e aqueles outros que se enredaram em la\u00e7os de ang\u00edstia e pranto, pretendendo a fuga dos recursos expiat\u00f3rios que criaram para si mesmos, na libera\u00e7\u00e3o das pr\u00f3prias culpas.<\/p>\n<p>Diante dos irm\u00e3os que a descren\u00e7a domina, jamais acuses.<\/p>\n<p>Sejam eles quem for, aben\u00e7oa-os e espera.<\/p>\n<p>N\u00e3o s\u00e3o pass\u00edveis de condena\u00e7\u00e3o ou censura. S\u00e3o enfermos da alma, portadores de estranha paran\u00f3ia de que a miseric\u00f3rdia de Deus os retirar\u00e1.<\/p>\n<p>(Emmanuel &#8211; Psicografia de Chico Xavier) <\/p>\n<p>UMA ABERRA\u00c7\u00c3O DA INTELIG\u00c3\u0160NCIA<\/p>\n<p>Ao enviar-nos mensagem recebida em reuni\u00e3o p\u00edblica em Uberaba, escreveu-nos Chico Xavier:  Os temas e coment\u00e1rios da noite giraram em torno da quest\u00e3o n\u00c2\u00ba 147 de  O Livro dos Esp\u00edritos \u009d. As opini\u00f5es eram as mais diversas com respeito aos nossos irm\u00e3os materialistas, mas no t\u00e9rmino das tarefas o nosso abnegado Emmanuel escreveu, por nosso interm\u00e9dio, a p\u00e1gina, que intitulou  Doentes da Alma \u009d, de que lhe envio c\u00f3pia \u009d.<\/p>\n<p>A quest\u00e3o 147 refere-se ao problema do materialismo entre os especialistas em ci\u00eancias m\u00e9dicas e estudos superiores em geral. <\/p>\n<p>Na pergunta seguinte o assunto \u00e9 desenvolvido e os esp\u00edritos respondem que n\u00e3o s\u00e3o os estudos que produzem o materialismo, mas a vaidade humana. <\/p>\n<p>E no final da resposta Kardec acentua: Por uma aberra\u00e7\u00e3o da intelig\u00eancia h\u00e1 pessoas que s\u00f3 v\u00eaem nos seres org\u00e2nicos a a\u00e7\u00e3o da mat\u00e9ria e a ela atribuem os nossos atos. S\u00f3 viram no corpo humano a m\u00e1quina el\u00e9trica.<\/p>\n<p>Essa express\u00e3o de Kardec, ainda hoje criticada, \u00e9 agora plenamente confirmada pelo diagn\u00f3stico de Emmanuel: os materialistas s\u00e3o enfermos da alma, portadores de estranha paran\u00f3ia. Aberra\u00e7\u00e3o da intelig\u00eancia ou enfermidade da alma s\u00e3o express\u00f5es que se equivalem. <\/p>\n<p>Mas por que esse rigor na aprecia\u00e7\u00e3o do problema? Classificando-os assim, n\u00e3o menosprezamos e ofendemos os materialistas? N\u00e3o se trata de uma coisa nem de outra, mas apenas de exame objetivo da situa\u00e7\u00e3o. O Materialismo \u00e9 considerado pelo Espiritismo como verdadeira amea\u00e7a\u00e0 criatura humana, porque deforma a vis\u00e3o natural do homem e o precipita na cegueira espiritual.<\/p>\n<p>O Materialismo nega a pr\u00f3pria natureza humana que \u00e9 espiritual e n\u00e3o material. Partindo dessa premissa falsa conduz o homem a uma atitude err\u00f4nea diante da vida e do mundo. <\/p>\n<p>Bastaria isto para mostrar a sua origem patol\u00f3gica. \u00c9 uma distor\u00e7\u00e3o da realidade. Hoje sabemos, pelas pesquisas antropol\u00f3gicas, etnol\u00f3gicas e sociol\u00f3gicas, que nunca houve na Terra um s\u00f3 povo ateu.<\/p>\n<p>O homem \u00e9 naturalmente religioso, pois, como afirmou Descartes, traz id\u00e9ia de Deus em si mesmo. O Espiritismo nos mostra a exist\u00eancia da lei de adora\u00e7\u00e3o, lei natural que caracteriza a natureza humana. O materialismo nega essa lei e gera o desespero e a irresponsabilidade. <\/p>\n<p>* * *<br \/>\n<br \/>Irm\u00e3o Saulo (Herculano Pires)<br \/>\n<br \/>Extra\u00eddo do livro Chico Xavier Pede Licen\u00e7a<\/p>\n<div class=\"pvc_clear\"><\/div>\n<p id=\"pvc_stats_11591\" class=\"pvc_stats all  \" data-element-id=\"11591\" style=\"\"><i class=\"pvc-stats-icon medium\" aria-hidden=\"true\"><svg aria-hidden=\"true\" focusable=\"false\" data-prefix=\"far\" data-icon=\"chart-bar\" role=\"img\" xmlns=\"http:\/\/www.w3.org\/2000\/svg\" viewBox=\"0 0 512 512\" class=\"svg-inline--fa fa-chart-bar fa-w-16 fa-2x\"><path fill=\"currentColor\" d=\"M396.8 352h22.4c6.4 0 12.8-6.4 12.8-12.8V108.8c0-6.4-6.4-12.8-12.8-12.8h-22.4c-6.4 0-12.8 6.4-12.8 12.8v230.4c0 6.4 6.4 12.8 12.8 12.8zm-192 0h22.4c6.4 0 12.8-6.4 12.8-12.8V140.8c0-6.4-6.4-12.8-12.8-12.8h-22.4c-6.4 0-12.8 6.4-12.8 12.8v198.4c0 6.4 6.4 12.8 12.8 12.8zm96 0h22.4c6.4 0 12.8-6.4 12.8-12.8V204.8c0-6.4-6.4-12.8-12.8-12.8h-22.4c-6.4 0-12.8 6.4-12.8 12.8v134.4c0 6.4 6.4 12.8 12.8 12.8zM496 400H48V80c0-8.84-7.16-16-16-16H16C7.16 64 0 71.16 0 80v336c0 17.67 14.33 32 32 32h464c8.84 0 16-7.16 16-16v-16c0-8.84-7.16-16-16-16zm-387.2-48h22.4c6.4 0 12.8-6.4 12.8-12.8v-70.4c0-6.4-6.4-12.8-12.8-12.8h-22.4c-6.4 0-12.8 6.4-12.8 12.8v70.4c0 6.4 6.4 12.8 12.8 12.8z\" class=\"\"><\/path><\/svg><\/i> <img decoding=\"async\" width=\"16\" height=\"16\" alt=\"Loading\" data-src=\"https:\/\/www.centronocaminhodaluz.com.br\/wp-content\/plugins\/page-views-count\/ajax-loader-2x.gif\" border=0 src=\"data:image\/svg+xml;base64,PHN2ZyB3aWR0aD0iMSIgaGVpZ2h0PSIxIiB4bWxucz0iaHR0cDovL3d3dy53My5vcmcvMjAwMC9zdmciPjwvc3ZnPg==\" class=\"lazyload\" style=\"--smush-placeholder-width: 16px; --smush-placeholder-aspect-ratio: 16\/16;\" \/><\/p>\n<div class=\"pvc_clear\"><\/div>\n","protected":false},"excerpt":{"rendered":"<p>DOENTES DA ALMA Existem doentes da alma, quanto existe enfermos do corpo. Quando encontrares companheiros envolvidos na sombra do materialismo destruidor, ao inv\u00e9s de invectiv\u00e1-los, compadece-te. Cercados pela vida triunfante, do sol aos vermes e do lodo\u00e0s estrelas, quantos se acham aparentemente desligados da id\u00e9ia de Deus e trazem o cora\u00e7\u00e3o em transit\u00f3rio desequil\u00edbrio. Se&hellip; <br \/> <a class=\"read-more\" href=\"https:\/\/www.centronocaminhodaluz.com.br\/index.php\/artigo11591\/\">Leia mais<\/a><\/p>\n<div class=\"pvc_clear\"><\/div>\n<p id=\"pvc_stats_11591\" class=\"pvc_stats all  \" data-element-id=\"11591\" style=\"\"><i class=\"pvc-stats-icon medium\" aria-hidden=\"true\"><svg aria-hidden=\"true\" focusable=\"false\" data-prefix=\"far\" data-icon=\"chart-bar\" role=\"img\" xmlns=\"http:\/\/www.w3.org\/2000\/svg\" viewBox=\"0 0 512 512\" class=\"svg-inline--fa fa-chart-bar fa-w-16 fa-2x\"><path fill=\"currentColor\" d=\"M396.8 352h22.4c6.4 0 12.8-6.4 12.8-12.8V108.8c0-6.4-6.4-12.8-12.8-12.8h-22.4c-6.4 0-12.8 6.4-12.8 12.8v230.4c0 6.4 6.4 12.8 12.8 12.8zm-192 0h22.4c6.4 0 12.8-6.4 12.8-12.8V140.8c0-6.4-6.4-12.8-12.8-12.8h-22.4c-6.4 0-12.8 6.4-12.8 12.8v198.4c0 6.4 6.4 12.8 12.8 12.8zm96 0h22.4c6.4 0 12.8-6.4 12.8-12.8V204.8c0-6.4-6.4-12.8-12.8-12.8h-22.4c-6.4 0-12.8 6.4-12.8 12.8v134.4c0 6.4 6.4 12.8 12.8 12.8zM496 400H48V80c0-8.84-7.16-16-16-16H16C7.16 64 0 71.16 0 80v336c0 17.67 14.33 32 32 32h464c8.84 0 16-7.16 16-16v-16c0-8.84-7.16-16-16-16zm-387.2-48h22.4c6.4 0 12.8-6.4 12.8-12.8v-70.4c0-6.4-6.4-12.8-12.8-12.8h-22.4c-6.4 0-12.8 6.4-12.8 12.8v70.4c0 6.4 6.4 12.8 12.8 12.8z\" class=\"\"><\/path><\/svg><\/i> <img decoding=\"async\" width=\"16\" height=\"16\" alt=\"Loading\" data-src=\"https:\/\/www.centronocaminhodaluz.com.br\/wp-content\/plugins\/page-views-count\/ajax-loader-2x.gif\" border=0 src=\"data:image\/svg+xml;base64,PHN2ZyB3aWR0aD0iMSIgaGVpZ2h0PSIxIiB4bWxucz0iaHR0cDovL3d3dy53My5vcmcvMjAwMC9zdmciPjwvc3ZnPg==\" class=\"lazyload\" style=\"--smush-placeholder-width: 16px; --smush-placeholder-aspect-ratio: 16\/16;\" \/><\/p>\n<div class=\"pvc_clear\"><\/div>\n","protected":false},"author":1,"featured_media":0,"comment_status":"Closed","ping_status":"open","sticky":false,"template":"","format":"standard","meta":{"footnotes":""},"categories":[16],"tags":[],"class_list":["post-11591","post","type-post","status-publish","format-standard","hentry","category-mensagens-diversas"],"a3_pvc":{"activated":true,"total_views":2165,"today_views":0},"_links":{"self":[{"href":"https:\/\/www.centronocaminhodaluz.com.br\/index.php\/wp-json\/wp\/v2\/posts\/11591","targetHints":{"allow":["GET"]}}],"collection":[{"href":"https:\/\/www.centronocaminhodaluz.com.br\/index.php\/wp-json\/wp\/v2\/posts"}],"about":[{"href":"https:\/\/www.centronocaminhodaluz.com.br\/index.php\/wp-json\/wp\/v2\/types\/post"}],"author":[{"embeddable":true,"href":"https:\/\/www.centronocaminhodaluz.com.br\/index.php\/wp-json\/wp\/v2\/users\/1"}],"replies":[{"embeddable":true,"href":"https:\/\/www.centronocaminhodaluz.com.br\/index.php\/wp-json\/wp\/v2\/comments?post=11591"}],"version-history":[{"count":0,"href":"https:\/\/www.centronocaminhodaluz.com.br\/index.php\/wp-json\/wp\/v2\/posts\/11591\/revisions"}],"wp:attachment":[{"href":"https:\/\/www.centronocaminhodaluz.com.br\/index.php\/wp-json\/wp\/v2\/media?parent=11591"}],"wp:term":[{"taxonomy":"category","embeddable":true,"href":"https:\/\/www.centronocaminhodaluz.com.br\/index.php\/wp-json\/wp\/v2\/categories?post=11591"},{"taxonomy":"post_tag","embeddable":true,"href":"https:\/\/www.centronocaminhodaluz.com.br\/index.php\/wp-json\/wp\/v2\/tags?post=11591"}],"curies":[{"name":"wp","href":"https:\/\/api.w.org\/{rel}","templated":true}]}}