{"id":11601,"date":"2012-09-16T00:00:00","date_gmt":"2012-09-16T00:00:00","guid":{"rendered":""},"modified":"2012-09-16T00:00:00","modified_gmt":"2012-09-16T00:00:00","slug":"artigo11601","status":"publish","type":"post","link":"https:\/\/www.centronocaminhodaluz.com.br\/index.php\/artigo11601\/","title":{"rendered":"Livro Adolescencia e Vida &#8211; Joanna de Angelis 4. O adolescente diante da fam\u00edlia"},"content":{"rendered":"<div align=left><em><strong>4. O adolescente diante da fam\u00edliaIncontestavelmente, o lar \u00e9 o melhor educand\u00e1rio, o mais eficiente, porque as li\u00e7\u00f5es a\u00ed ministradas s\u00e3o vivas e impression\u00e1veis, carregadas de emo\u00e7\u00e3o e for\u00e7a. A fam\u00edlia, por isso mesmo, \u00e9 o conjunto de seres que se unem pela consanguinidade para um empreendimento superior, no qual s\u00e3o investidos valores inestim\u00e1veis que se conjugam em prol dos resultados felizes que devem ser conseguidos ao largo dos anos, gra\u00e7as ao relacionamento entre pais e filhos, irm\u00e3os e parentes.<br \/>Nem sempre, por\u00e9m, a fam\u00edlia \u00e9 constitu\u00edda por Esp\u00edritos afins, afetivos, compreensivos e fraternos.<br \/>Na maioria das vezes, a fam\u00edlia \u00e9 formada para auxiliar os equivocados a se recuperarem dos erros morais, a repararem danos que foram causados em outras tentativas nas quais malograram.<br \/>Assim, pois, h\u00e1 fam\u00edlias-b\u00ean\u00e7\u00e3o e fam\u00edlias-prova\u00e7\u00e3o. As primeiras s\u00e3o aquelas que re\u00ednem os Esp\u00edritos que se identificam nos ideais do lar, na compreens\u00e3o dos deveres, na busca do crescimento moral, beneficiando-se pela harmonia frequente e pela fraternidade habitual. As outras s\u00e3o caracterizadas pelos conflitos que se apresentam desde cedo, nas animosidades entre os seus membros, nas disputas alucinadas, nos conflitos cont\u00ednuos, nas revoltas sem descanso.<br \/>Amantes que se corromperam, e se abandonaram, renascem na condi\u00e7\u00e3o de pais e filhos, a fim de alterarem o comportamento afetivo e sublimarem as aspira\u00e7\u00f5es; inimigos que se atiraram em duelos pol\u00edticos, religiosos, afetivos, esgrimindo armas e ferindo-se, matando-se, retornam quase sempre na mesma consanguinidade, a fim de superarem as antipatias que remanescem; traidores de ontem agora se refugiam ao lado das v\u00edtimas para conseguirem o seu perd\u00e3o, vestindo a indument\u00e1ria do parentesco pr\u00f3ximo, porque ningu\u00e9m foge dos seus atos. Onde vai o ser, defronta-se com a sua realidade, que se pode apresentar alterada, por\u00e9m, no \u00e2mago, \u00e9 ele pr\u00f3prio.<br \/>A fam\u00edlia, desse modo, \u00e9 o laborat\u00f3rio moral para as experi\u00eancias da evolu\u00e7\u00e3o, que caldeia os sentimentos e trabalha as emo\u00e7\u00f5es, proporcionando oportunidade de equil\u00edbrio, desde que o amor seja aceito como o grande equacionador dos desafios e das dificuldades.<br \/>Invariavelmente, por falta de estrutura espiritual e desconhecimento da Lei das reencarna\u00e7\u00f5es, as pessoas que se reencontram na fam\u00edlia, quase sempre, d\u00e3o vaz\u00e3o aos seus sentimentos e, ao inv\u00e9s de retificar os negativos, mais os fixam nos pain\u00e9is do inconsciente, gerando novas avers\u00f5es que Complicam o quadro do relacionamento fraternal.<br \/>\u00c3\u20acs vezes, a afetividade como a animosidade s\u00e3o detectadas desde o per\u00edodo da gesta\u00e7\u00e3o, predispondo os pais\u00e0 aceita\u00e7\u00e3o ou\u00e0 rejei\u00e7\u00e3o do ser em forma\u00e7\u00e3o, que lhes ouvem as express\u00f5es de carinho ou lhes sentem as vibra\u00e7\u00f5es inamistosas, que se ir\u00e3o converter em conflitos psicol\u00f3gicos na inf\u00e2ncia e na adolesc\u00eancia, gerando dist\u00edrbios para toda a exist\u00eancia porvindoura.<br \/>Renasce-se, portanto, no lar, na fam\u00edlia de que se tem necessidade, e nem sempre naquela que se gostaria ou que se merece, a fim de progredir e limar as imperfei\u00e7\u00f5es com o buril da fraternidade que a conviv\u00eancia propicia e dignifica.<br \/>Em raz\u00e3o disso, o adolescente experimenta na fam\u00edlia esses choques emocionais ou se sente atra\u00eddo pelas vibra\u00e7\u00f5es positivas, de acordo com os v\u00ednculos anteriores que mant\u00e9m com o grupo no qual se encontra comprometido. Essa aceita\u00e7\u00e3o ou repuls\u00e3o ir\u00e1 afetar de maneira muito significativa o seu comportamento atual, exigindo, quando negativa, terapia especializada e grande esfor\u00e7o do paciente, a fim de ajustar-se\u00e0 sociedade, que lhe parecer\u00e1 sempre um reflexo do que viveu no ninho dom\u00e9stico.<br \/>A fam\u00edlia equilibrada, isto \u00e9, estruturada com respeito e amor, \u00e9 fundamental para uma sociedade justa e feliz. No entanto, a fam\u00edlia come\u00e7a quando os parceiros se resolvem unir sexualmente, amparados ou n\u00e3o pelo benepl\u00e1cito das Leis que regem as Na\u00e7\u00f5es, respeitando-se mutuamente e compreendendo que, a partir do momento em que nascem os filhos, uma grande, profunda e significativa modifica\u00e7\u00e3o se dever\u00e1 dar na estrutura do relacionamento, que agora ter\u00e1 como meta a harmonia e felicidade do grupo, longe do ego\u00edsmo e do interesse imediatista de cada qual.<br \/>Infelizmente, n\u00e3o \u00e9 o que ocorre, e disso resulta uma sociedade juvenil desorganizada, revoltada, agressiva, desinteressada, c\u00ednica ou depressiva, deambulando pelos rumos torpes das drogas, da viol\u00eancia, do crime, do desvario sexual&#8230;<br \/>Os pais devem unir-se, mesmo quando em dificuldade no relacionamento pessoal, a fim de oferecerem seguran\u00e7a psicol\u00f3gica e f\u00edsica\u00e0 prog\u00eanie.<br \/>Essa tarefa desafiadora \u00e9 de grande valia para o conjunto social, mas n\u00e3o tem sido exercida com a eleva\u00e7\u00e3o que exige, em raz\u00e3o da imaturidade dos indiv\u00edduos que se buscam para os prazeres, nos quais h\u00e1 uma predomin\u00e2ncia marcante de ego\u00edsmo, com altas doses de insensatez, desamor e apatia de um pelo outro ser com quem vive, quando as ocorr\u00eancias n\u00e3o lhes parecem agrad\u00e1veis ou interessantes.<br \/>Os div\u00f3rcios e as separa\u00e7\u00f5es, legais ou n\u00e3o, enxameiam, multiplicam-se em altas estat\u00edsticas de indiferen\u00e7a pela fam\u00edlia, produzindo as tristes gera\u00e7\u00f5es dos \u00f3rf\u00e3os de pais vivos e desinteressados, agravando a economia moral da sociedade, que lhes sofre o dano do desequil\u00edbrio crescente.<br \/>O adolescente, em um lar desajustado, naturalmente experimenta as consequ\u00eancias nefastas dos fen\u00f4menos de agressividade e luta que ali t\u00eam lugar, escondendo as pr\u00f3prias emo\u00e7\u00f5es ou dando-lhes largas nos v\u00edcios, a fim de sobreviver, carregado de amargura e asfixiado pelo desamor.<br \/>Apesar dessa situa\u00e7\u00e3o, cabe ao adolescente em forma\u00e7\u00e3o da personalidade, compreender a conjuntura na qual se encontra localizado, aceitando o desafio e compadecendo-se dos genitores e demais familiares envolvidos na luta infeliz, como sendo seres enfermos, que est\u00e3o longe da cura ou se negam a terapia da transforma\u00e7\u00e3o moral.<br \/>E, sem d\u00edvida, o mais pesado desafio que enfrenta o Jovem, pagar esse elevado \u00f4nus, que \u00e9 entender aqueles que deveriam faz\u00ea-lo, ajudar aqueles que, mais velhos e, portanto, mais experientes, tinham por tarefa compreend\u00ea-lo e orient\u00e1-lo.<br \/>O lar \u00e9 o grande formador do car\u00e1ter do educando. Muitas vezes, no entanto, lares infelizes, nos quais as pugnas por nonadas se fazem cruentas e constantes, n\u00e3o chegam a perturbar adolescentes equilibrados, porque s\u00e3o Esp\u00edritos saud\u00e1veis e ali se encontram para resgatar, mas tamb\u00e9m para educar os pais, servir de exemplo para os irm\u00e3os e demais familiares. N\u00e3o seja, pois, de estranhar, os exemplos hist\u00f3ricos de homens e mulheres not\u00e1veis que nasceram em lares modestos, em meios agressivos, em fam\u00edlias degeneradas, e superaram os limites, as dificuldades impostas, conseguindo atingir as metas para as quais reencarnaram.<br \/>Quando o esp\u00edrito de dignidade humana viger nos adultos, que se facultar\u00e3o amadurecer emocionalmente antes de assumirem os compromissos da progenitura, haver\u00e1 uma mudan\u00e7a radical nas paisagens da fam\u00edlia, iniciando-se a \u00e9poca da verdadeira fraternidade.<br \/>Quando o sexo for exercido com responsabilidade e n\u00e3o agressivamente; quando os indiv\u00edduos compreenderem que o prazer cobra um pre\u00e7o, e este, na uni\u00e3o sexual, mesmo com os cuidados dos preservativos, \u00e9 a fecunda\u00e7\u00e3o, haver\u00e1 uma mudan\u00e7a real no comportamento geral, abrindo espa\u00e7o para a adolesc\u00eancia bem orientada na fam\u00edlia em equil\u00edbrio.<br \/>Seja, por\u00e9m, qual for o lar no qual se encontre o adolescente, ter\u00e1 ele campo para a compreens\u00e3o da fragilidade dos pais e dos irm\u00e3os, para avalia\u00e7\u00e3o dos seus m\u00e9ritos. Se n\u00e3o for compreendido ou amado, esforce-se para amar e compreender, tendo em vista que \u00e9 devedor aos genitores, que poderiam haver interrompido a gravidez, e, no entanto, n\u00e3o o fizeram.<br \/>Assim, o adolescente tem, para com a fam\u00edlia, uma d\u00edvida de carinho, mesmo quando essa n\u00e3o se d\u00ea conta do imenso d\u00e9bito que tem para com o jovem em forma\u00e7\u00e3o. Nesse tentame, o de compreender e desculpar, orando, o adolescente contar\u00e1 com o aux\u00edlio divino que nunca falta e a prote\u00e7\u00e3o dos seus Guias Espirituais, que s\u00e3o respons\u00e1veis pela sua nova experi\u00eancia reencarnat\u00f3ria.<\/p>\n<p><\/strong><\/em><\/div>\n<div class=\"pvc_clear\"><\/div>\n<p id=\"pvc_stats_11601\" class=\"pvc_stats all  \" data-element-id=\"11601\" style=\"\"><i class=\"pvc-stats-icon medium\" aria-hidden=\"true\"><svg aria-hidden=\"true\" focusable=\"false\" data-prefix=\"far\" data-icon=\"chart-bar\" role=\"img\" xmlns=\"http:\/\/www.w3.org\/2000\/svg\" viewBox=\"0 0 512 512\" class=\"svg-inline--fa fa-chart-bar fa-w-16 fa-2x\"><path fill=\"currentColor\" d=\"M396.8 352h22.4c6.4 0 12.8-6.4 12.8-12.8V108.8c0-6.4-6.4-12.8-12.8-12.8h-22.4c-6.4 0-12.8 6.4-12.8 12.8v230.4c0 6.4 6.4 12.8 12.8 12.8zm-192 0h22.4c6.4 0 12.8-6.4 12.8-12.8V140.8c0-6.4-6.4-12.8-12.8-12.8h-22.4c-6.4 0-12.8 6.4-12.8 12.8v198.4c0 6.4 6.4 12.8 12.8 12.8zm96 0h22.4c6.4 0 12.8-6.4 12.8-12.8V204.8c0-6.4-6.4-12.8-12.8-12.8h-22.4c-6.4 0-12.8 6.4-12.8 12.8v134.4c0 6.4 6.4 12.8 12.8 12.8zM496 400H48V80c0-8.84-7.16-16-16-16H16C7.16 64 0 71.16 0 80v336c0 17.67 14.33 32 32 32h464c8.84 0 16-7.16 16-16v-16c0-8.84-7.16-16-16-16zm-387.2-48h22.4c6.4 0 12.8-6.4 12.8-12.8v-70.4c0-6.4-6.4-12.8-12.8-12.8h-22.4c-6.4 0-12.8 6.4-12.8 12.8v70.4c0 6.4 6.4 12.8 12.8 12.8z\" class=\"\"><\/path><\/svg><\/i> <img decoding=\"async\" width=\"16\" height=\"16\" alt=\"Loading\" data-src=\"https:\/\/www.centronocaminhodaluz.com.br\/wp-content\/plugins\/page-views-count\/ajax-loader-2x.gif\" border=0 src=\"data:image\/svg+xml;base64,PHN2ZyB3aWR0aD0iMSIgaGVpZ2h0PSIxIiB4bWxucz0iaHR0cDovL3d3dy53My5vcmcvMjAwMC9zdmciPjwvc3ZnPg==\" class=\"lazyload\" style=\"--smush-placeholder-width: 16px; --smush-placeholder-aspect-ratio: 16\/16;\" \/><\/p>\n<div class=\"pvc_clear\"><\/div>\n","protected":false},"excerpt":{"rendered":"<p>4. O adolescente diante da fam\u00edliaIncontestavelmente, o lar \u00e9 o melhor educand\u00e1rio, o mais eficiente, porque as li\u00e7\u00f5es a\u00ed ministradas s\u00e3o vivas e impression\u00e1veis, carregadas de emo\u00e7\u00e3o e for\u00e7a. A fam\u00edlia, por isso mesmo, \u00e9 o conjunto de seres que se unem pela consanguinidade para um empreendimento superior, no qual s\u00e3o investidos valores inestim\u00e1veis que&hellip; <br \/> <a class=\"read-more\" href=\"https:\/\/www.centronocaminhodaluz.com.br\/index.php\/artigo11601\/\">Leia mais<\/a><\/p>\n<div class=\"pvc_clear\"><\/div>\n<p id=\"pvc_stats_11601\" class=\"pvc_stats all  \" data-element-id=\"11601\" style=\"\"><i class=\"pvc-stats-icon medium\" aria-hidden=\"true\"><svg aria-hidden=\"true\" focusable=\"false\" data-prefix=\"far\" data-icon=\"chart-bar\" role=\"img\" xmlns=\"http:\/\/www.w3.org\/2000\/svg\" viewBox=\"0 0 512 512\" class=\"svg-inline--fa fa-chart-bar fa-w-16 fa-2x\"><path fill=\"currentColor\" d=\"M396.8 352h22.4c6.4 0 12.8-6.4 12.8-12.8V108.8c0-6.4-6.4-12.8-12.8-12.8h-22.4c-6.4 0-12.8 6.4-12.8 12.8v230.4c0 6.4 6.4 12.8 12.8 12.8zm-192 0h22.4c6.4 0 12.8-6.4 12.8-12.8V140.8c0-6.4-6.4-12.8-12.8-12.8h-22.4c-6.4 0-12.8 6.4-12.8 12.8v198.4c0 6.4 6.4 12.8 12.8 12.8zm96 0h22.4c6.4 0 12.8-6.4 12.8-12.8V204.8c0-6.4-6.4-12.8-12.8-12.8h-22.4c-6.4 0-12.8 6.4-12.8 12.8v134.4c0 6.4 6.4 12.8 12.8 12.8zM496 400H48V80c0-8.84-7.16-16-16-16H16C7.16 64 0 71.16 0 80v336c0 17.67 14.33 32 32 32h464c8.84 0 16-7.16 16-16v-16c0-8.84-7.16-16-16-16zm-387.2-48h22.4c6.4 0 12.8-6.4 12.8-12.8v-70.4c0-6.4-6.4-12.8-12.8-12.8h-22.4c-6.4 0-12.8 6.4-12.8 12.8v70.4c0 6.4 6.4 12.8 12.8 12.8z\" class=\"\"><\/path><\/svg><\/i> <img decoding=\"async\" width=\"16\" height=\"16\" alt=\"Loading\" data-src=\"https:\/\/www.centronocaminhodaluz.com.br\/wp-content\/plugins\/page-views-count\/ajax-loader-2x.gif\" border=0 src=\"data:image\/svg+xml;base64,PHN2ZyB3aWR0aD0iMSIgaGVpZ2h0PSIxIiB4bWxucz0iaHR0cDovL3d3dy53My5vcmcvMjAwMC9zdmciPjwvc3ZnPg==\" class=\"lazyload\" style=\"--smush-placeholder-width: 16px; --smush-placeholder-aspect-ratio: 16\/16;\" \/><\/p>\n<div class=\"pvc_clear\"><\/div>\n","protected":false},"author":1,"featured_media":0,"comment_status":"Closed","ping_status":"open","sticky":false,"template":"","format":"standard","meta":{"footnotes":""},"categories":[6],"tags":[],"class_list":["post-11601","post","type-post","status-publish","format-standard","hentry","category-joanna-de-angelis"],"a3_pvc":{"activated":true,"total_views":2354,"today_views":0},"_links":{"self":[{"href":"https:\/\/www.centronocaminhodaluz.com.br\/index.php\/wp-json\/wp\/v2\/posts\/11601","targetHints":{"allow":["GET"]}}],"collection":[{"href":"https:\/\/www.centronocaminhodaluz.com.br\/index.php\/wp-json\/wp\/v2\/posts"}],"about":[{"href":"https:\/\/www.centronocaminhodaluz.com.br\/index.php\/wp-json\/wp\/v2\/types\/post"}],"author":[{"embeddable":true,"href":"https:\/\/www.centronocaminhodaluz.com.br\/index.php\/wp-json\/wp\/v2\/users\/1"}],"replies":[{"embeddable":true,"href":"https:\/\/www.centronocaminhodaluz.com.br\/index.php\/wp-json\/wp\/v2\/comments?post=11601"}],"version-history":[{"count":0,"href":"https:\/\/www.centronocaminhodaluz.com.br\/index.php\/wp-json\/wp\/v2\/posts\/11601\/revisions"}],"wp:attachment":[{"href":"https:\/\/www.centronocaminhodaluz.com.br\/index.php\/wp-json\/wp\/v2\/media?parent=11601"}],"wp:term":[{"taxonomy":"category","embeddable":true,"href":"https:\/\/www.centronocaminhodaluz.com.br\/index.php\/wp-json\/wp\/v2\/categories?post=11601"},{"taxonomy":"post_tag","embeddable":true,"href":"https:\/\/www.centronocaminhodaluz.com.br\/index.php\/wp-json\/wp\/v2\/tags?post=11601"}],"curies":[{"name":"wp","href":"https:\/\/api.w.org\/{rel}","templated":true}]}}