{"id":11664,"date":"2012-10-12T00:00:00","date_gmt":"2012-10-12T00:00:00","guid":{"rendered":""},"modified":"2012-10-12T00:00:00","modified_gmt":"2012-10-12T00:00:00","slug":"artigo11664","status":"publish","type":"post","link":"https:\/\/www.centronocaminhodaluz.com.br\/index.php\/artigo11664\/","title":{"rendered":"Ora\u00e7\u00e3o infantil"},"content":{"rendered":"<p>\n<br \/>Dia desses chegou-nos\u00e0s m\u00e3os um recorte de jornal que reproduzia breve ora\u00e7\u00e3o de uma crian\u00e7a. N\u00e3o trazia o nome do autor, mas as palavras ali escritas nos levaram a refletir.<br \/>\n<br \/>Senhor, faze de mim um aparelho de televis\u00e3o para que meus pais me tratem como eles tratam a televis\u00e3o.<br \/>\n<br \/>Para que olhem para mim com o mesmo interesse com que olham para a tela de TV. Especialmente quando a minha m\u00e3e assiste a novela favorita e meu pai seu esporte predileto.<br \/>\n<br \/>Eu quero falar como aqueles homens, pois quando eles falam, toda a fam\u00edlia fica em sil\u00eancio para ouvir bem o que eles t\u00eam a dizer.<br \/>\n<br \/>Eu gostaria de ver a mam\u00e3e se admirar de mim, como ela se admira quando v\u00ea a \u00edltima moda na tela. Eu gostaria que meu pai risse comigo como ele faz quando os artistas contam piadas.<br \/>\n<br \/>Eu gostaria que meus pais me dessem tanta aten\u00e7\u00e3o quanto ao televisor. Quando esse n\u00e3o funciona, imediatamente chamam um t\u00e9cnico para consert\u00e1-lo.<br \/>\n<br \/>Eu gostaria de ser um televisor e assim ser a melhor amiga e a pessoa mais importante para meus pais. Oh, Pai do C\u00e9u, se tu me transformasses num televisor&#8230;<br \/>\n<br \/>*   *   *<br \/>\n<br \/>A crian\u00e7a necessita de carinho e aten\u00e7\u00e3o constantes. Se n\u00e3o os recebe na inf\u00e2ncia, torna-se o adulto mergulhado em si mesmo, carente e aflito, considerando o mundo como uma imensa selva onde cada qual nada mais v\u00ea sen\u00e3o a si mesmo.<br \/>\n<br \/>Os pais s\u00e3o os primeiros seres com os quais contata a crian\u00e7a. Por vezes nos dizem, quando temos beb\u00eas, que os devemos deixar no ber\u00e7o por mais tempo, que lhes proporcionar o calor do colo n\u00e3o \u00e9 aconselh\u00e1vel, pois se tornar\u00e3o mimados em excesso.<br \/>\n<br \/>Ponderemos, entretanto, que durante nove meses, o beb\u00ea permaneceu na intimidade uterina, ao embalo dos batimentos card\u00edacos da m\u00e3e, nutrindo-se dela como o fruto se nutre da \u00e1rvore.<br \/>\n<br \/>Durante esse tempo, ele participou intensamente dos seus sentimentos, medos e inquieta\u00e7\u00f5es. Natural, portanto, que deseje ampliar, depois do nascimento, o que antes recebia de forma constante.<br \/>\n<br \/>Crian\u00e7as desejam e merecem aten\u00e7\u00e3o. N\u00e3o poupemos express\u00f5es afetivas, pois que o amor jamais magoa ou perturba, antes se constitui em alimento para as almas.<br \/>\n<br \/>Disciplina sim, e sempre, pois os seres s\u00e3o entregues por Deus aos pais a fim de que eles colaborem na grande obra da educa\u00e7\u00e3o dos Esp\u00edritos.<br \/>\n<br \/>\u00c3\u20ac medida que crescem, as crian\u00e7as sentem mais necessidade de aten\u00e7\u00e3o. Quem de n\u00f3s n\u00e3o recorda, com emo\u00e7\u00e3o, os dias das brincadeiras da inf\u00e2ncia em que a fam\u00edlia passava f\u00e9rias no campo, na praia, na montanha?<br \/>\n<br \/>As viagens, as paradas obrigat\u00f3rias para comprar sorvete, saborear uma fruta t\u00edpica. Uma corrida, o jogo de futebol, o descanso na rede, enrodilhados no pai ou na m\u00e3e.<br \/>\n<br \/>Quem n\u00e3o se recorda quantas vezes, assustado, buscou o aconchego materno e encontrou os bra\u00e7os abertos da prote\u00e7\u00e3o e a voz doce da seguran\u00e7a?<br \/>\n<br \/>N\u00e3o releguemos nossos filhos a segundo plano. Nada no mundo \u00e9 mais importante do que o ser humano, Esp\u00edrito imortal em aprendizado na Terra.<br \/>\n<br \/>Carinhos n\u00e3o distribu\u00eddos na inf\u00e2ncia redundar\u00e3o em preju\u00edzos afetivos na juventude e na madureza, influenciando na vida pessoal, em forma de inseguran\u00e7a, car\u00eancias diversas e complexas.<\/p>\n<p>Reda\u00e7\u00e3o do Momento Esp\u00edrita, com base em texto<br \/>\n<br \/>de autoria desconhecida.<br \/>\n<br \/>Em 11.10.2012.<\/p>\n<div class=\"pvc_clear\"><\/div>\n<p id=\"pvc_stats_11664\" class=\"pvc_stats all  \" data-element-id=\"11664\" style=\"\"><i class=\"pvc-stats-icon medium\" aria-hidden=\"true\"><svg aria-hidden=\"true\" focusable=\"false\" data-prefix=\"far\" data-icon=\"chart-bar\" role=\"img\" xmlns=\"http:\/\/www.w3.org\/2000\/svg\" viewBox=\"0 0 512 512\" class=\"svg-inline--fa fa-chart-bar fa-w-16 fa-2x\"><path fill=\"currentColor\" d=\"M396.8 352h22.4c6.4 0 12.8-6.4 12.8-12.8V108.8c0-6.4-6.4-12.8-12.8-12.8h-22.4c-6.4 0-12.8 6.4-12.8 12.8v230.4c0 6.4 6.4 12.8 12.8 12.8zm-192 0h22.4c6.4 0 12.8-6.4 12.8-12.8V140.8c0-6.4-6.4-12.8-12.8-12.8h-22.4c-6.4 0-12.8 6.4-12.8 12.8v198.4c0 6.4 6.4 12.8 12.8 12.8zm96 0h22.4c6.4 0 12.8-6.4 12.8-12.8V204.8c0-6.4-6.4-12.8-12.8-12.8h-22.4c-6.4 0-12.8 6.4-12.8 12.8v134.4c0 6.4 6.4 12.8 12.8 12.8zM496 400H48V80c0-8.84-7.16-16-16-16H16C7.16 64 0 71.16 0 80v336c0 17.67 14.33 32 32 32h464c8.84 0 16-7.16 16-16v-16c0-8.84-7.16-16-16-16zm-387.2-48h22.4c6.4 0 12.8-6.4 12.8-12.8v-70.4c0-6.4-6.4-12.8-12.8-12.8h-22.4c-6.4 0-12.8 6.4-12.8 12.8v70.4c0 6.4 6.4 12.8 12.8 12.8z\" class=\"\"><\/path><\/svg><\/i> <img decoding=\"async\" width=\"16\" height=\"16\" alt=\"Loading\" data-src=\"https:\/\/www.centronocaminhodaluz.com.br\/wp-content\/plugins\/page-views-count\/ajax-loader-2x.gif\" border=0 src=\"data:image\/svg+xml;base64,PHN2ZyB3aWR0aD0iMSIgaGVpZ2h0PSIxIiB4bWxucz0iaHR0cDovL3d3dy53My5vcmcvMjAwMC9zdmciPjwvc3ZnPg==\" class=\"lazyload\" style=\"--smush-placeholder-width: 16px; --smush-placeholder-aspect-ratio: 16\/16;\" \/><\/p>\n<div class=\"pvc_clear\"><\/div>\n","protected":false},"excerpt":{"rendered":"<p>Dia desses chegou-nos\u00e0s m\u00e3os um recorte de jornal que reproduzia breve ora\u00e7\u00e3o de uma crian\u00e7a. N\u00e3o trazia o nome do autor, mas as palavras ali escritas nos levaram a refletir. Senhor, faze de mim um aparelho de televis\u00e3o para que meus pais me tratem como eles tratam a televis\u00e3o. Para que olhem para mim com&hellip; <br \/> <a class=\"read-more\" href=\"https:\/\/www.centronocaminhodaluz.com.br\/index.php\/artigo11664\/\">Leia mais<\/a><\/p>\n<div class=\"pvc_clear\"><\/div>\n<p id=\"pvc_stats_11664\" class=\"pvc_stats all  \" data-element-id=\"11664\" style=\"\"><i class=\"pvc-stats-icon medium\" aria-hidden=\"true\"><svg aria-hidden=\"true\" focusable=\"false\" data-prefix=\"far\" data-icon=\"chart-bar\" role=\"img\" xmlns=\"http:\/\/www.w3.org\/2000\/svg\" viewBox=\"0 0 512 512\" class=\"svg-inline--fa fa-chart-bar fa-w-16 fa-2x\"><path fill=\"currentColor\" d=\"M396.8 352h22.4c6.4 0 12.8-6.4 12.8-12.8V108.8c0-6.4-6.4-12.8-12.8-12.8h-22.4c-6.4 0-12.8 6.4-12.8 12.8v230.4c0 6.4 6.4 12.8 12.8 12.8zm-192 0h22.4c6.4 0 12.8-6.4 12.8-12.8V140.8c0-6.4-6.4-12.8-12.8-12.8h-22.4c-6.4 0-12.8 6.4-12.8 12.8v198.4c0 6.4 6.4 12.8 12.8 12.8zm96 0h22.4c6.4 0 12.8-6.4 12.8-12.8V204.8c0-6.4-6.4-12.8-12.8-12.8h-22.4c-6.4 0-12.8 6.4-12.8 12.8v134.4c0 6.4 6.4 12.8 12.8 12.8zM496 400H48V80c0-8.84-7.16-16-16-16H16C7.16 64 0 71.16 0 80v336c0 17.67 14.33 32 32 32h464c8.84 0 16-7.16 16-16v-16c0-8.84-7.16-16-16-16zm-387.2-48h22.4c6.4 0 12.8-6.4 12.8-12.8v-70.4c0-6.4-6.4-12.8-12.8-12.8h-22.4c-6.4 0-12.8 6.4-12.8 12.8v70.4c0 6.4 6.4 12.8 12.8 12.8z\" class=\"\"><\/path><\/svg><\/i> <img decoding=\"async\" width=\"16\" height=\"16\" alt=\"Loading\" data-src=\"https:\/\/www.centronocaminhodaluz.com.br\/wp-content\/plugins\/page-views-count\/ajax-loader-2x.gif\" border=0 src=\"data:image\/svg+xml;base64,PHN2ZyB3aWR0aD0iMSIgaGVpZ2h0PSIxIiB4bWxucz0iaHR0cDovL3d3dy53My5vcmcvMjAwMC9zdmciPjwvc3ZnPg==\" class=\"lazyload\" style=\"--smush-placeholder-width: 16px; --smush-placeholder-aspect-ratio: 16\/16;\" \/><\/p>\n<div class=\"pvc_clear\"><\/div>\n","protected":false},"author":1,"featured_media":0,"comment_status":"Closed","ping_status":"open","sticky":false,"template":"","format":"standard","meta":{"footnotes":""},"categories":[16],"tags":[],"class_list":["post-11664","post","type-post","status-publish","format-standard","hentry","category-mensagens-diversas"],"a3_pvc":{"activated":true,"total_views":1340,"today_views":0},"_links":{"self":[{"href":"https:\/\/www.centronocaminhodaluz.com.br\/index.php\/wp-json\/wp\/v2\/posts\/11664","targetHints":{"allow":["GET"]}}],"collection":[{"href":"https:\/\/www.centronocaminhodaluz.com.br\/index.php\/wp-json\/wp\/v2\/posts"}],"about":[{"href":"https:\/\/www.centronocaminhodaluz.com.br\/index.php\/wp-json\/wp\/v2\/types\/post"}],"author":[{"embeddable":true,"href":"https:\/\/www.centronocaminhodaluz.com.br\/index.php\/wp-json\/wp\/v2\/users\/1"}],"replies":[{"embeddable":true,"href":"https:\/\/www.centronocaminhodaluz.com.br\/index.php\/wp-json\/wp\/v2\/comments?post=11664"}],"version-history":[{"count":0,"href":"https:\/\/www.centronocaminhodaluz.com.br\/index.php\/wp-json\/wp\/v2\/posts\/11664\/revisions"}],"wp:attachment":[{"href":"https:\/\/www.centronocaminhodaluz.com.br\/index.php\/wp-json\/wp\/v2\/media?parent=11664"}],"wp:term":[{"taxonomy":"category","embeddable":true,"href":"https:\/\/www.centronocaminhodaluz.com.br\/index.php\/wp-json\/wp\/v2\/categories?post=11664"},{"taxonomy":"post_tag","embeddable":true,"href":"https:\/\/www.centronocaminhodaluz.com.br\/index.php\/wp-json\/wp\/v2\/tags?post=11664"}],"curies":[{"name":"wp","href":"https:\/\/api.w.org\/{rel}","templated":true}]}}