{"id":11676,"date":"2012-10-19T00:00:00","date_gmt":"2012-10-19T00:00:00","guid":{"rendered":""},"modified":"2012-10-19T00:00:00","modified_gmt":"2012-10-19T00:00:00","slug":"artigo11676","status":"publish","type":"post","link":"https:\/\/www.centronocaminhodaluz.com.br\/index.php\/artigo11676\/","title":{"rendered":"O importante \u00e9 decidir"},"content":{"rendered":"<p>\n<br \/>            A poetisa Cora Coralina desencarnou no ano de mil novecentos e oitenta e cinco, aos noventa e seis anos.<br \/>\n<br \/>            Quando idosa, perguntaram-lhe em uma entrevista, o que era viver bem.<br \/>\n<br \/>            Ela respondeu\u00e0 rep\u00f3rter:<br \/>\n<br \/>            Eu n\u00e3o tenho medo dos anos e n\u00e3o penso em velhice. E digo a voc\u00ea: N\u00e3o pense.<br \/>\n<br \/>            Nunca diga: Estou envelhecendo, estou ficando velha. Eu n\u00e3o digo que estou velha e nem que estou ouvindo pouco.<br \/>\n<br \/>            \u00c9 claro que, quando preciso de ajuda, eu digo que preciso.<br \/>\n<br \/>            Procuro sempre ler e estar atualizada com os fatos. Isso me ajuda a vencer as dificuldades da vida.<br \/>\n<br \/>            O melhor roteiro \u00e9 ler e praticar o que se l\u00ea. O bom \u00e9 produzir sempre e n\u00e3o dormir de dia. Tamb\u00e9m n\u00e3o diga para voc\u00ea mesma que est\u00e1 ficando esquecida porque assim voc\u00ea fica mais.<br \/>\n<br \/>            Nunca digo que estou doente, falo sempre: Estou \u00f3tima!<br \/>\n<br \/>            N\u00e3o digo nunca que estou cansada. Nada de palavra negativa.<br \/>\n<br \/>            Quanto mais voc\u00ea diz estar ficando cansada e esquecida, mais esquecida fica. Voc\u00ea vai se convencendo daquilo e convence os outros. Ent\u00e3o, sil\u00eancio!<br \/>\n<br \/>            Sei que tenho muitos anos. Sei que venho do s\u00e9culo passado e que trago comigo todas     as idades, mas n\u00e3o sei se sou velha n\u00e3o. Voc\u00ea acha que eu sou?<br \/>\n<br \/>            Posso dizer que eu sou a terra e nada mais quero ser. Filha dessa aben\u00e7oada terra de Goi\u00e1s. Convoco os velhos como eu, ou mais velhos que eu, para exercerem seus direitos.<br \/>\n<br \/>            Sei que algu\u00e9m vai ter que me enterrar, mas eu n\u00e3o vou fazer isso comigo.<br \/>\n<br \/>            Tenho consci\u00eancia de ser aut\u00eantica e procuro superar todos os dias minha pr\u00f3pria personalidade, despeda\u00e7ando dentro de mim tudo que \u00e9 velho e morto, pois lutar \u00e9 a palavra vibrante que levanta os fracos e determina os fortes.<br \/>\n<br \/>            O importante \u00e9 semear, produzir milh\u00f5es de sorrisos de solidariedade e amizade. Procuro semear otimismo e plantar sementes de paz e justi\u00e7a.<br \/>\n<br \/>            Digo o que penso, com esperan\u00e7a. Penso no que fa\u00e7o, com f\u00e9. Fa\u00e7o o que devo fazer, com amor.<br \/>\n<br \/>            Eu me esfor\u00e7o para ser cada dia melhor, pois bondade tamb\u00e9m se aprende.<br \/>\n<br \/>            Mesmo quando tudo parece desabar, cabe a mim decidir entre rir ou chorar, ir ou ficar, desistir ou lutar. Porque descobri, no caminho incerto da vida, que o mais importante \u00e9 o decidir.<br \/>\n<br \/>*    *    *<br \/>\n<br \/>            Mantenhamos sempre a mente ligada\u00e0s ideias positivas e otimistas, independente da idade que estejamos atravessando nesta hora de nossas vidas.<br \/>\n<br \/>            O que pensamos, com insist\u00eancia, poder\u00e1 se concretizar em algum momento, pois os fatos se corporificam inicialmente no campo mental, para depois se tornarem realidade no corpo f\u00edsico.<br \/>\n<br \/>            Pensamento \u00e9 for\u00e7a viva, que cada qual dirige de acordo com seus desejos. O pensamento ruim intoxica a alma.<br \/>\n<br \/>            Independente de todas as limita\u00e7\u00f5es e dificuldades que a idade nos imp\u00f5e, cultivemos sempre a alegria de viver e procuremos motiva\u00e7\u00e3o para nos sentirmos \u00edteis.<br \/>\n<br \/>            Enquanto a vida se expressar, haver\u00e1 in\u00edmeras oportunidades de crescer e ser feliz.<\/p>\n<p>Reda\u00e7\u00e3o do Momento Esp\u00edrita, com base em entrevista de<br \/>\n<br \/>Cora Coralina, colhida na Internet.<br \/>\n<br \/>Em 19.10.2012.<\/p>\n<div class=\"pvc_clear\"><\/div>\n<p id=\"pvc_stats_11676\" class=\"pvc_stats all  \" data-element-id=\"11676\" style=\"\"><i class=\"pvc-stats-icon medium\" aria-hidden=\"true\"><svg aria-hidden=\"true\" focusable=\"false\" data-prefix=\"far\" data-icon=\"chart-bar\" role=\"img\" xmlns=\"http:\/\/www.w3.org\/2000\/svg\" viewBox=\"0 0 512 512\" class=\"svg-inline--fa fa-chart-bar fa-w-16 fa-2x\"><path fill=\"currentColor\" d=\"M396.8 352h22.4c6.4 0 12.8-6.4 12.8-12.8V108.8c0-6.4-6.4-12.8-12.8-12.8h-22.4c-6.4 0-12.8 6.4-12.8 12.8v230.4c0 6.4 6.4 12.8 12.8 12.8zm-192 0h22.4c6.4 0 12.8-6.4 12.8-12.8V140.8c0-6.4-6.4-12.8-12.8-12.8h-22.4c-6.4 0-12.8 6.4-12.8 12.8v198.4c0 6.4 6.4 12.8 12.8 12.8zm96 0h22.4c6.4 0 12.8-6.4 12.8-12.8V204.8c0-6.4-6.4-12.8-12.8-12.8h-22.4c-6.4 0-12.8 6.4-12.8 12.8v134.4c0 6.4 6.4 12.8 12.8 12.8zM496 400H48V80c0-8.84-7.16-16-16-16H16C7.16 64 0 71.16 0 80v336c0 17.67 14.33 32 32 32h464c8.84 0 16-7.16 16-16v-16c0-8.84-7.16-16-16-16zm-387.2-48h22.4c6.4 0 12.8-6.4 12.8-12.8v-70.4c0-6.4-6.4-12.8-12.8-12.8h-22.4c-6.4 0-12.8 6.4-12.8 12.8v70.4c0 6.4 6.4 12.8 12.8 12.8z\" class=\"\"><\/path><\/svg><\/i> <img decoding=\"async\" width=\"16\" height=\"16\" alt=\"Loading\" data-src=\"https:\/\/www.centronocaminhodaluz.com.br\/wp-content\/plugins\/page-views-count\/ajax-loader-2x.gif\" border=0 src=\"data:image\/svg+xml;base64,PHN2ZyB3aWR0aD0iMSIgaGVpZ2h0PSIxIiB4bWxucz0iaHR0cDovL3d3dy53My5vcmcvMjAwMC9zdmciPjwvc3ZnPg==\" class=\"lazyload\" style=\"--smush-placeholder-width: 16px; --smush-placeholder-aspect-ratio: 16\/16;\" \/><\/p>\n<div class=\"pvc_clear\"><\/div>\n","protected":false},"excerpt":{"rendered":"<p>A poetisa Cora Coralina desencarnou no ano de mil novecentos e oitenta e cinco, aos noventa e seis anos. Quando idosa, perguntaram-lhe em uma entrevista, o que era viver bem. Ela respondeu\u00e0 rep\u00f3rter: Eu n\u00e3o tenho medo dos anos e n\u00e3o penso em velhice. E digo a voc\u00ea: N\u00e3o pense. Nunca diga: Estou envelhecendo, estou&hellip; <br \/> <a class=\"read-more\" href=\"https:\/\/www.centronocaminhodaluz.com.br\/index.php\/artigo11676\/\">Leia mais<\/a><\/p>\n<div class=\"pvc_clear\"><\/div>\n<p id=\"pvc_stats_11676\" class=\"pvc_stats all  \" data-element-id=\"11676\" style=\"\"><i class=\"pvc-stats-icon medium\" aria-hidden=\"true\"><svg aria-hidden=\"true\" focusable=\"false\" data-prefix=\"far\" data-icon=\"chart-bar\" role=\"img\" xmlns=\"http:\/\/www.w3.org\/2000\/svg\" viewBox=\"0 0 512 512\" class=\"svg-inline--fa fa-chart-bar fa-w-16 fa-2x\"><path fill=\"currentColor\" d=\"M396.8 352h22.4c6.4 0 12.8-6.4 12.8-12.8V108.8c0-6.4-6.4-12.8-12.8-12.8h-22.4c-6.4 0-12.8 6.4-12.8 12.8v230.4c0 6.4 6.4 12.8 12.8 12.8zm-192 0h22.4c6.4 0 12.8-6.4 12.8-12.8V140.8c0-6.4-6.4-12.8-12.8-12.8h-22.4c-6.4 0-12.8 6.4-12.8 12.8v198.4c0 6.4 6.4 12.8 12.8 12.8zm96 0h22.4c6.4 0 12.8-6.4 12.8-12.8V204.8c0-6.4-6.4-12.8-12.8-12.8h-22.4c-6.4 0-12.8 6.4-12.8 12.8v134.4c0 6.4 6.4 12.8 12.8 12.8zM496 400H48V80c0-8.84-7.16-16-16-16H16C7.16 64 0 71.16 0 80v336c0 17.67 14.33 32 32 32h464c8.84 0 16-7.16 16-16v-16c0-8.84-7.16-16-16-16zm-387.2-48h22.4c6.4 0 12.8-6.4 12.8-12.8v-70.4c0-6.4-6.4-12.8-12.8-12.8h-22.4c-6.4 0-12.8 6.4-12.8 12.8v70.4c0 6.4 6.4 12.8 12.8 12.8z\" class=\"\"><\/path><\/svg><\/i> <img decoding=\"async\" width=\"16\" height=\"16\" alt=\"Loading\" data-src=\"https:\/\/www.centronocaminhodaluz.com.br\/wp-content\/plugins\/page-views-count\/ajax-loader-2x.gif\" border=0 src=\"data:image\/svg+xml;base64,PHN2ZyB3aWR0aD0iMSIgaGVpZ2h0PSIxIiB4bWxucz0iaHR0cDovL3d3dy53My5vcmcvMjAwMC9zdmciPjwvc3ZnPg==\" class=\"lazyload\" style=\"--smush-placeholder-width: 16px; --smush-placeholder-aspect-ratio: 16\/16;\" \/><\/p>\n<div class=\"pvc_clear\"><\/div>\n","protected":false},"author":1,"featured_media":0,"comment_status":"Closed","ping_status":"open","sticky":false,"template":"","format":"standard","meta":{"footnotes":""},"categories":[16],"tags":[],"class_list":["post-11676","post","type-post","status-publish","format-standard","hentry","category-mensagens-diversas"],"a3_pvc":{"activated":true,"total_views":2391,"today_views":0},"_links":{"self":[{"href":"https:\/\/www.centronocaminhodaluz.com.br\/index.php\/wp-json\/wp\/v2\/posts\/11676","targetHints":{"allow":["GET"]}}],"collection":[{"href":"https:\/\/www.centronocaminhodaluz.com.br\/index.php\/wp-json\/wp\/v2\/posts"}],"about":[{"href":"https:\/\/www.centronocaminhodaluz.com.br\/index.php\/wp-json\/wp\/v2\/types\/post"}],"author":[{"embeddable":true,"href":"https:\/\/www.centronocaminhodaluz.com.br\/index.php\/wp-json\/wp\/v2\/users\/1"}],"replies":[{"embeddable":true,"href":"https:\/\/www.centronocaminhodaluz.com.br\/index.php\/wp-json\/wp\/v2\/comments?post=11676"}],"version-history":[{"count":0,"href":"https:\/\/www.centronocaminhodaluz.com.br\/index.php\/wp-json\/wp\/v2\/posts\/11676\/revisions"}],"wp:attachment":[{"href":"https:\/\/www.centronocaminhodaluz.com.br\/index.php\/wp-json\/wp\/v2\/media?parent=11676"}],"wp:term":[{"taxonomy":"category","embeddable":true,"href":"https:\/\/www.centronocaminhodaluz.com.br\/index.php\/wp-json\/wp\/v2\/categories?post=11676"},{"taxonomy":"post_tag","embeddable":true,"href":"https:\/\/www.centronocaminhodaluz.com.br\/index.php\/wp-json\/wp\/v2\/tags?post=11676"}],"curies":[{"name":"wp","href":"https:\/\/api.w.org\/{rel}","templated":true}]}}