{"id":11694,"date":"2012-10-27T00:00:00","date_gmt":"2012-10-27T00:00:00","guid":{"rendered":""},"modified":"2012-10-27T00:00:00","modified_gmt":"2012-10-27T00:00:00","slug":"artigo11694","status":"publish","type":"post","link":"https:\/\/www.centronocaminhodaluz.com.br\/index.php\/artigo11694\/","title":{"rendered":"Livro Adolescencia e Vida &#8211; Joanna de Angelis 10. A viol\u00eancia no corpo e na mente do adolescente"},"content":{"rendered":"<div align=left><em><strong>10. A viol\u00eancia no corpo e na mente do adolescenteA adolesc\u00eancia sempre foi considerada um per\u00edodo dif\u00edcil no desenvolvimento do ser humano, com mais desafios do que na inf\u00e2ncia, criando embara\u00e7os para o pr\u00f3prio jovem como para os seus pais e todos aqueles que com ele convivem.<br \/>Trezentos anos antes de Cristo, Arist\u00f3teles escrevera que os adolescentes s\u00e3o impetuosos, irasc\u00edveis e tendem a se deixar levar por seus impulsos, demonstrando uma certa irritabilidade em rela\u00e7\u00e3o ao comportamento juvenil. Por sua vez, Plat\u00e3o desaconselhava o uso de bebidas alco\u00f3licas pelos jovens antes dos dezoito anos, em raz\u00e3o da r\u00e1pida excitabilidade dos mesmos, e propunha: N\u00e3o se despejar fogo sobre fogo.<br \/>Os conceitos sobre a adolesc\u00eancia sempre ganharam aceita\u00e7\u00e3o, particularmente quando de natureza sens\u00f3ria, intolerante.<br \/>No s\u00e9culo XVII, em serm\u00e3o f\u00ednebre, um cl\u00e9rigo afirmava que a juventude era como um navio novo lan\u00e7ado ao oceano sem um leme, lastro, ou piloto para dirigi-lo, como resultado de uma observa\u00e7\u00e3o externa, sem aprofundamento, de modo que se pudesse compreender as significativas transforma\u00e7\u00f5es que se operam no ser em forma\u00e7\u00e3o, compelindo-o para as atitudes anticonvencionais, per\u00edodo assinalado por mudan\u00e7as estruturais.<br \/>Essas mudan\u00e7as, que se operam na forma f\u00edsica, repercutem significativamente na conduta psicol\u00f3gica, propondo diferentes relacionamentos com os companheiros, experimentando novos modelos educacionais, vivenciais, enquanto todo ele se encontra em matura\u00e7\u00e3o biol\u00f3gica apressada, sem precedentes na sua hist\u00f3ria org\u00e2nica.<br \/>Nesse per\u00edodo, compreensivelmente, surgem os conflitos de identidade, em tentativas internas de descobrir quem \u00e9 e o que veio fazer aqui na Terra. Logo depois surgem-lhe as indaga\u00e7\u00f5es de como conduzir-se e qual a melhor maneira de aproveitar o per\u00edodo promissor, sem o comprometimento do futuro.<br \/>Esse estado de mudan\u00e7as pode ser breve, nas sociedades mais simples, mais primitivas, ou prolongado, nas tecnologicamente mais desenvolvidas, podendo dar-se de maneira abrupta, ou atrav\u00e9s de uma gradual transi\u00e7\u00e3o das experi\u00eancias antes vivenciadas para as atuais desafiadoras. Em todas as culturas, por\u00e9m, apresenta-se com um car\u00e1ter geral de identidade: altera\u00e7\u00f5es f\u00edsicas e funcionais da puberdade, assinalando-lhe o in\u00edcio inevit\u00e1vel, na Os horm\u00f4nios, que desempenham um fundamental papel transforma\u00e7\u00e3o org\u00e2nica e na constitui\u00e7\u00e3o dos elementos secund\u00e1rios do sexo, igualmente interferem na conduta psicol\u00f3gica, fazendo ressuscitar problemas que se encontravam adormecidos no inconsciente profundo, na mem\u00f3ria do Esp\u00edrito reencarnado. Isto porque, a reencarna\u00e7\u00e3o \u00e9 oportunidade de refazimento e de adestramento para desafios sempre maiores em rela\u00e7\u00e3o ao si, na conquista da imortalidade. Na adolesc\u00eancia, em raz\u00e3o das transforma\u00e7\u00f5es variadas, antigos v\u00edcios e virtudes ressumam como tend\u00eancias e manifestam-se, exigindo orienta\u00e7\u00e3o e comando, a fim de serem evitados novos e mais graves cometimentos morais perturbadores.<br \/>Localizada na base do c\u00e9rebro, a hip\u00f3fise tem import\u00e2ncia especial na proposta do desenvolvimento da puberdade. Os seus horm\u00f4nios permanecem inibidos at\u00e9 o momento que sucede um amadurecimento das c\u00e9lulas do hipot\u00e1lamo, que lhe enviam sinais espec\u00edficos, a fim de que os libere. Tal fen\u00f4meno ocorre em diferentes idades, nunca sendo no mesmo per\u00edodo em todos os organismos.<br \/>Esses horm\u00f4nios s\u00e3o portadores de uma carga muito forte de est\u00edmulos sobre as demais gl\u00e2ndulas end\u00f3crinas, particularmente a tire\u00f3ide, a adrenal, os test\u00edculos e os ov\u00e1rios, que passam a produzir e ativar os seus pr\u00f3prios, respons\u00e1veis pelo crescimento e pelo sexo. <br \/>Surgem, ent\u00e3o, os androg\u00eanios, os estrog\u00eanios e as progestinas, estas \u00edltimas respons\u00e1veis pela gravidez. No metabolismo geral, todos eles interagem de forma que propiciem o\tdesenvolvimento f\u00edsico e fisiol\u00f3gico simult\u00e2neos.<br \/>Nesse per\u00edodo de transforma\u00e7\u00f5es org\u00e2nicas acentuadas, o adolescente, n\u00e3o poucas vezes, sente-se estranho a si mesmo. As altera\u00e7\u00f5es experimentadas s\u00e3o t\u00e3o marcantes que ele perde o contacto com a sua pr\u00f3pria realidade, partindo ent\u00e3o para o\tdescobrimento de sua identidade de forma estranha, inquieta, gerando dist\u00edrbios que se podem acentuar mais, caso n\u00e3o encontre orienta\u00e7\u00e3o adequada e imediata.<br \/>Em raz\u00e3o da dificuldade de identifica\u00e7\u00e3o do si, o jovem tem necessidade de ajustar-se\u00e0 imagem do seu corpo, detendo-se nos aspectos f\u00edsicos, sem uma percep\u00e7\u00e3o correta da realidade, o que o conduz a conclus\u00f5es equivocadas, a respeito de ser amado ou n\u00e3o, atraente ou repulsivo, por falta de uma capacidade real para a avalia\u00e7\u00e3o.<br \/>Nas meninas, o ciclo menstrual surge de uma forma desafiadora e quase sempre causa surpresa, rea\u00e7\u00e3o prejudicial, quando n\u00e3o est\u00e3o preparadas, por ignorarem que se trata de um ajustamento fisiol\u00f3gico, ao mesmo tempo s\u00edmbolo de maturidade sexual.<br \/>A desorienta\u00e7\u00e3o pode deixar sinais negativos no seu comportamento, particularmente sensa\u00e7\u00f5es f\u00edsicas dolorosas, rejei\u00e7\u00e3o e irritabilidade, na \u00e1rea psicol\u00f3gica, ap\u00f3s a menarca. Outras sequelas podem ocorrer na pr\u00e9 ou na p\u00f3s-menstrua\u00e7\u00e3o, exigindo terapia pr\u00f3pria.<br \/>Os rapazes, por sua vez, se n\u00e3o esclarecidos, podem ser surpreendidos com os fen\u00f4menos sexuais espont\u00e2neos, como a ere\u00e7\u00e3o incontrolada e as ejacula\u00e7\u00f5es desconhecidas. Nessa fase eles vivem um espa\u00e7o no qual tudo pode tomar caracter\u00edsticas de manifesta\u00e7\u00e3o sexual: odor, som, linguagem, lembran\u00e7a&#8230; N\u00e3o sabendo ainda como administrar essas manifesta\u00e7\u00f5es espont\u00e2neas do organismo, embara\u00e7am-se e descontrolam-se com relativa facilidade.<br \/>Certamente, os jovens da atualidade se encontram muito mais informados do que os outros das gera\u00e7\u00f5es passadas, n\u00e3o obstante esses conhecimentos estejam muito distorcidos na mente juvenil, o que perturba aqueles de forma\u00e7\u00e3o t\u00edmida ou portadores de qualquer dist\u00edrbio ainda n\u00e3o definido.<br \/>A quest\u00e3o da matura\u00e7\u00e3o sexual nos jovens n\u00e3o tem per\u00edodo demarcado, podendo ser precoce ou tardia, que resulta em estados de apreens\u00e3o ou desequil\u00edbrio, inseguran\u00e7a ou aud\u00e1cia, a depender da personalidade, no caso, do Esp\u00edrito reencarnado com o patrim\u00f4nio dos m\u00e9ritos e d\u00edvidas.<br \/>O amadurecimento psicol\u00f3gico faz-se, nessa ocasi\u00e3o, com maior rapidez do que na inf\u00e2ncia. H\u00e1 mudan\u00e7as cognitivas muito fortes, que desempenham um papel cr\u00edtico para o jovem cuidar das demandas educacionais, sociais, vocacionais, pol\u00edticas, econ\u00f4micas, sempre cada dia mais complexas.<br \/>As altera\u00e7\u00f5es nos relacionamentos, entre pais e filhos, prop\u00f5em necessidade de maior interc\u00e2mbio no lar, a fim de proporcionar um desenvolvimento psicol\u00f3gico saud\u00e1vel, quanto intelectual, equilibrado.<br \/>Uma outra quest\u00e3o muito significativa do momento da adolesc\u00eancia \u00e9 o conflito entre o real e o poss\u00edvel, vivenciado pelo jovem em transi\u00e7\u00e3o. Ao constatar que o real deixa-lhe muito a desejar, porque se encontra num per\u00edodo de enriquecimento ps\u00edquico, torna-se rebelde e transtorna-se, o que n\u00e3o deixa de ser uma caracter\u00edstica transit\u00f3ria do seu comportamento.<br \/>A harmonia que se deve estabelecer entre o f\u00edsico e o ps\u00edquico, libertando o adolescente da viol\u00eancia existente no seu mundo interior, ser\u00e1 conseguida a esfor\u00e7o de trabalho, de orienta\u00e7\u00e3o, de viv\u00eancias morais e espirituais, o que demanda tempo e amadurecimento, compreens\u00e3o e ajuda dos adultos, sem imposi\u00e7\u00f5es absurdas, geradoras de outras agress\u00f5es<\/strong><\/em><\/div>\n<div class=\"pvc_clear\"><\/div>\n<p id=\"pvc_stats_11694\" class=\"pvc_stats all  \" data-element-id=\"11694\" style=\"\"><i class=\"pvc-stats-icon medium\" aria-hidden=\"true\"><svg aria-hidden=\"true\" focusable=\"false\" data-prefix=\"far\" data-icon=\"chart-bar\" role=\"img\" xmlns=\"http:\/\/www.w3.org\/2000\/svg\" viewBox=\"0 0 512 512\" class=\"svg-inline--fa fa-chart-bar fa-w-16 fa-2x\"><path fill=\"currentColor\" d=\"M396.8 352h22.4c6.4 0 12.8-6.4 12.8-12.8V108.8c0-6.4-6.4-12.8-12.8-12.8h-22.4c-6.4 0-12.8 6.4-12.8 12.8v230.4c0 6.4 6.4 12.8 12.8 12.8zm-192 0h22.4c6.4 0 12.8-6.4 12.8-12.8V140.8c0-6.4-6.4-12.8-12.8-12.8h-22.4c-6.4 0-12.8 6.4-12.8 12.8v198.4c0 6.4 6.4 12.8 12.8 12.8zm96 0h22.4c6.4 0 12.8-6.4 12.8-12.8V204.8c0-6.4-6.4-12.8-12.8-12.8h-22.4c-6.4 0-12.8 6.4-12.8 12.8v134.4c0 6.4 6.4 12.8 12.8 12.8zM496 400H48V80c0-8.84-7.16-16-16-16H16C7.16 64 0 71.16 0 80v336c0 17.67 14.33 32 32 32h464c8.84 0 16-7.16 16-16v-16c0-8.84-7.16-16-16-16zm-387.2-48h22.4c6.4 0 12.8-6.4 12.8-12.8v-70.4c0-6.4-6.4-12.8-12.8-12.8h-22.4c-6.4 0-12.8 6.4-12.8 12.8v70.4c0 6.4 6.4 12.8 12.8 12.8z\" class=\"\"><\/path><\/svg><\/i> <img decoding=\"async\" width=\"16\" height=\"16\" alt=\"Loading\" data-src=\"https:\/\/www.centronocaminhodaluz.com.br\/wp-content\/plugins\/page-views-count\/ajax-loader-2x.gif\" border=0 src=\"data:image\/svg+xml;base64,PHN2ZyB3aWR0aD0iMSIgaGVpZ2h0PSIxIiB4bWxucz0iaHR0cDovL3d3dy53My5vcmcvMjAwMC9zdmciPjwvc3ZnPg==\" class=\"lazyload\" style=\"--smush-placeholder-width: 16px; --smush-placeholder-aspect-ratio: 16\/16;\" \/><\/p>\n<div class=\"pvc_clear\"><\/div>\n","protected":false},"excerpt":{"rendered":"<p>10. A viol\u00eancia no corpo e na mente do adolescenteA adolesc\u00eancia sempre foi considerada um per\u00edodo dif\u00edcil no desenvolvimento do ser humano, com mais desafios do que na inf\u00e2ncia, criando embara\u00e7os para o pr\u00f3prio jovem como para os seus pais e todos aqueles que com ele convivem.Trezentos anos antes de Cristo, Arist\u00f3teles escrevera que os&hellip; <br \/> <a class=\"read-more\" href=\"https:\/\/www.centronocaminhodaluz.com.br\/index.php\/artigo11694\/\">Leia mais<\/a><\/p>\n<div class=\"pvc_clear\"><\/div>\n<p id=\"pvc_stats_11694\" class=\"pvc_stats all  \" data-element-id=\"11694\" style=\"\"><i class=\"pvc-stats-icon medium\" aria-hidden=\"true\"><svg aria-hidden=\"true\" focusable=\"false\" data-prefix=\"far\" data-icon=\"chart-bar\" role=\"img\" xmlns=\"http:\/\/www.w3.org\/2000\/svg\" viewBox=\"0 0 512 512\" class=\"svg-inline--fa fa-chart-bar fa-w-16 fa-2x\"><path fill=\"currentColor\" d=\"M396.8 352h22.4c6.4 0 12.8-6.4 12.8-12.8V108.8c0-6.4-6.4-12.8-12.8-12.8h-22.4c-6.4 0-12.8 6.4-12.8 12.8v230.4c0 6.4 6.4 12.8 12.8 12.8zm-192 0h22.4c6.4 0 12.8-6.4 12.8-12.8V140.8c0-6.4-6.4-12.8-12.8-12.8h-22.4c-6.4 0-12.8 6.4-12.8 12.8v198.4c0 6.4 6.4 12.8 12.8 12.8zm96 0h22.4c6.4 0 12.8-6.4 12.8-12.8V204.8c0-6.4-6.4-12.8-12.8-12.8h-22.4c-6.4 0-12.8 6.4-12.8 12.8v134.4c0 6.4 6.4 12.8 12.8 12.8zM496 400H48V80c0-8.84-7.16-16-16-16H16C7.16 64 0 71.16 0 80v336c0 17.67 14.33 32 32 32h464c8.84 0 16-7.16 16-16v-16c0-8.84-7.16-16-16-16zm-387.2-48h22.4c6.4 0 12.8-6.4 12.8-12.8v-70.4c0-6.4-6.4-12.8-12.8-12.8h-22.4c-6.4 0-12.8 6.4-12.8 12.8v70.4c0 6.4 6.4 12.8 12.8 12.8z\" class=\"\"><\/path><\/svg><\/i> <img decoding=\"async\" width=\"16\" height=\"16\" alt=\"Loading\" data-src=\"https:\/\/www.centronocaminhodaluz.com.br\/wp-content\/plugins\/page-views-count\/ajax-loader-2x.gif\" border=0 src=\"data:image\/svg+xml;base64,PHN2ZyB3aWR0aD0iMSIgaGVpZ2h0PSIxIiB4bWxucz0iaHR0cDovL3d3dy53My5vcmcvMjAwMC9zdmciPjwvc3ZnPg==\" class=\"lazyload\" style=\"--smush-placeholder-width: 16px; --smush-placeholder-aspect-ratio: 16\/16;\" \/><\/p>\n<div class=\"pvc_clear\"><\/div>\n","protected":false},"author":1,"featured_media":0,"comment_status":"Closed","ping_status":"open","sticky":false,"template":"","format":"standard","meta":{"footnotes":""},"categories":[6],"tags":[],"class_list":["post-11694","post","type-post","status-publish","format-standard","hentry","category-joanna-de-angelis"],"a3_pvc":{"activated":true,"total_views":1487,"today_views":0},"_links":{"self":[{"href":"https:\/\/www.centronocaminhodaluz.com.br\/index.php\/wp-json\/wp\/v2\/posts\/11694","targetHints":{"allow":["GET"]}}],"collection":[{"href":"https:\/\/www.centronocaminhodaluz.com.br\/index.php\/wp-json\/wp\/v2\/posts"}],"about":[{"href":"https:\/\/www.centronocaminhodaluz.com.br\/index.php\/wp-json\/wp\/v2\/types\/post"}],"author":[{"embeddable":true,"href":"https:\/\/www.centronocaminhodaluz.com.br\/index.php\/wp-json\/wp\/v2\/users\/1"}],"replies":[{"embeddable":true,"href":"https:\/\/www.centronocaminhodaluz.com.br\/index.php\/wp-json\/wp\/v2\/comments?post=11694"}],"version-history":[{"count":0,"href":"https:\/\/www.centronocaminhodaluz.com.br\/index.php\/wp-json\/wp\/v2\/posts\/11694\/revisions"}],"wp:attachment":[{"href":"https:\/\/www.centronocaminhodaluz.com.br\/index.php\/wp-json\/wp\/v2\/media?parent=11694"}],"wp:term":[{"taxonomy":"category","embeddable":true,"href":"https:\/\/www.centronocaminhodaluz.com.br\/index.php\/wp-json\/wp\/v2\/categories?post=11694"},{"taxonomy":"post_tag","embeddable":true,"href":"https:\/\/www.centronocaminhodaluz.com.br\/index.php\/wp-json\/wp\/v2\/tags?post=11694"}],"curies":[{"name":"wp","href":"https:\/\/api.w.org\/{rel}","templated":true}]}}