{"id":11744,"date":"2012-12-01T00:00:00","date_gmt":"2012-12-01T00:00:00","guid":{"rendered":""},"modified":"2012-12-01T00:00:00","modified_gmt":"2012-12-01T00:00:00","slug":"artigo11744","status":"publish","type":"post","link":"https:\/\/www.centronocaminhodaluz.com.br\/index.php\/artigo11744\/","title":{"rendered":"Evangelho Segundo o Espiritismo  Parte 180"},"content":{"rendered":"<div align=left><em><strong>PREVENDO PR\u00c3\u201cXIMA A MORTE<BR><BR>40. PREF\u00c3\u0081CIO. A f\u00e9 no futuro, a orienta\u00e7\u00e3o do pensamento, durante a vida, para os destinos vindouros, favorecem e aceleram o desligamento do Esp\u00edrito, por enfraquecerem os la\u00e7os que o prendem ao corpo, tanto que, frequentemente, a vida corp\u00f3rea ainda se n\u00e3o extinguiu de todo, e a alma, impaciente, j\u00e1 al\u00e7ou o v\u00f4o para a imensidade. Ao contr\u00e1rio, no homem que concentra nas coisas materiais todos os seus cuidados, aqueles la\u00e7os s\u00e3o mais tenazes, penosa e dolorosa \u00e9 a separa\u00e7\u00e3o e cheio de perturba\u00e7\u00e3o e ansiedade o despertar no al\u00e9m-t\u00edmulo. <BR><BR>41. PRECE.  Meu Deus, creio em ti e na tua bondade infinita e, por isso mesmo, n\u00e3o posso crer hajas dado ao homem a intelig\u00eancia, que lhe faculta conhecer-te, e a aspira\u00e7\u00e3o pelo futuro, para o mergulhares no nada.<BR><BR>Creio que o meu corpo \u00e9 apenas o envolt\u00f3rio perec\u00edvel de minha alma e que, quando eu tenha deixado de viver, acordarei no mundo dos Esp\u00edritos. <BR><BR>Deus Todo-Poderoso, sinto se rompem os la\u00e7os que me prendem a alma ao corpo e que dentro em pouco irei prestar contas do uso que fiz da vida que me foge. <BR><BR>Vou experimentar as consequ\u00eancias do bem e do mal que pratiquei. L\u00e1 n\u00e3o haver\u00e1 ilus\u00f5es, nem subterf\u00edgios poss\u00edveis. Diante de mim vai desenrolar-se todo o meu passado e serei julgado segundo as minhas obras. <BR><BR>Nada levarei dos bens da Terra. Honras, riquezas, satisfa\u00e7\u00f5es da vaidade e do orgulho, tudo, enfim, que \u00e9 peculiar ao corpo permanecer\u00e1 neste mundo. Nem a mais m\u00ednima parcela de todas essas coisas me acompanhar\u00e1, nem me ser\u00e1 de utilidade alguma no mundo dos Esp\u00edritos. Apenas levarei comigo o que pertence\u00e0 alma, isto \u00e9, as boas e as m\u00e1s qualidades, para serem pesadas na balan\u00e7a da mais rigorosa justi\u00e7a. E tanto maior severidade haver\u00e1 no meu julgamento, quanto maior n\u00edmero de ocasi\u00f5es para fazer o bem, que n\u00e3o fiz, me tenha proporcionado a posi\u00e7\u00e3o que ocupei na Terra. (Cap. XVI, n\u00c2\u00b0 9.) <BR><BR>Deus de miseric\u00f3rdia, que o meu arrependimento te chegue aos p\u00e9s! Digna-te de lan\u00e7ar sobre mim o manto da tua indulg\u00eancia. <BR><BR>Se te aprouver prolongar a minha exist\u00eancia, seja esse prolongamento empregado em reparar, tanto quanto em mim esteja, o mal que eu tenha praticado. Se soou, sem dila\u00e7\u00e3o poss\u00edvel, a minha hora, levo comigo o consolador pensamento de que me ser\u00e1 permitido redimir-me, por meio de novas provas, a fim de merecer um dia a felicidade dos eleitos. <BR><BR>Se n\u00e3o me for dado gozar imediatamente dessa felicidade sem mescla, partilha t\u00e3o-s\u00f3 do justo por excel\u00eancia, sei que me n\u00e3o \u00e9 defesa para sempre a esperan\u00e7a e que, pelo trabalho, alcan\u00e7arei o fim, mais tarde ou mais cedo, conforme os meus esfor\u00e7os. <BR><BR>Sei que pr\u00f3ximos de mim, para me receberem, est\u00e3o Esp\u00edritos bons e o meu anjo de guarda, aos quais dentro em pouco verei, como eles me v\u00eaem. Sei que, se o tiver merecido, encontrarei de novo aqueles a quem amei na Terra e que aqueles que aqui deixo ir\u00e3o juntar-se a mim, que um dia estaremos todos reunidos para sempre e que, enquanto esse dia n\u00e3o chegar, poderei vir visit\u00e1-los. <BR><BR>Sei tamb\u00e9m que vou encontrar aqueles a quem ofendi. Possam eles perdoar-me o que tenham a reprochar-me: o meu orgulho, a minha dureza, minhas injusti\u00e7as, a fim de que a presen\u00e7a deles n\u00e3o me acabrunhe de vergonha! <BR><BR>Perd\u00f4o aos que me tenham feito ou querido fazer mal, nenhum rancor contra eles alimento e pe\u00e7o-te, meu Deus, que lhes perdoes. <BR><BR>Senhor, d\u00e1-me for\u00e7as para deixar sem pena os prazeres grosseiros deste mundo, que nada s\u00e3o em confronto com as alegrias s\u00e3s e puras do mundo em que vou penetrar e onde, para o justo, n\u00e3o h\u00e1 mais tormentos, nem sofrimentos, nem mis\u00e9rias, onde somente o culpado sofre, mas tendo a confort\u00e1-lo a esperan\u00e7a. <BR><BR>A v\u00f3s, bons Esp\u00edritos, e a ti, meu anjo guardi\u00e3o, suplico que me n\u00e3o deixeis falir neste momento supremo. Fazei que a luz divina brilhe aos meus olhos, a fim de que a minha f\u00e9 se reanime, se vier a abalar-se. <BR><BR>Nota &#8211; Veja-se, adiante, o par\u00e1grafo V: Preces pelos doentes e obsidiados. <BR><BR><\/strong><\/em><\/div>\n<div class=\"pvc_clear\"><\/div>\n<p id=\"pvc_stats_11744\" class=\"pvc_stats all  \" data-element-id=\"11744\" style=\"\"><i class=\"pvc-stats-icon medium\" aria-hidden=\"true\"><svg aria-hidden=\"true\" focusable=\"false\" data-prefix=\"far\" data-icon=\"chart-bar\" role=\"img\" xmlns=\"http:\/\/www.w3.org\/2000\/svg\" viewBox=\"0 0 512 512\" class=\"svg-inline--fa fa-chart-bar fa-w-16 fa-2x\"><path fill=\"currentColor\" d=\"M396.8 352h22.4c6.4 0 12.8-6.4 12.8-12.8V108.8c0-6.4-6.4-12.8-12.8-12.8h-22.4c-6.4 0-12.8 6.4-12.8 12.8v230.4c0 6.4 6.4 12.8 12.8 12.8zm-192 0h22.4c6.4 0 12.8-6.4 12.8-12.8V140.8c0-6.4-6.4-12.8-12.8-12.8h-22.4c-6.4 0-12.8 6.4-12.8 12.8v198.4c0 6.4 6.4 12.8 12.8 12.8zm96 0h22.4c6.4 0 12.8-6.4 12.8-12.8V204.8c0-6.4-6.4-12.8-12.8-12.8h-22.4c-6.4 0-12.8 6.4-12.8 12.8v134.4c0 6.4 6.4 12.8 12.8 12.8zM496 400H48V80c0-8.84-7.16-16-16-16H16C7.16 64 0 71.16 0 80v336c0 17.67 14.33 32 32 32h464c8.84 0 16-7.16 16-16v-16c0-8.84-7.16-16-16-16zm-387.2-48h22.4c6.4 0 12.8-6.4 12.8-12.8v-70.4c0-6.4-6.4-12.8-12.8-12.8h-22.4c-6.4 0-12.8 6.4-12.8 12.8v70.4c0 6.4 6.4 12.8 12.8 12.8z\" class=\"\"><\/path><\/svg><\/i> <img decoding=\"async\" width=\"16\" height=\"16\" alt=\"Loading\" data-src=\"https:\/\/www.centronocaminhodaluz.com.br\/wp-content\/plugins\/page-views-count\/ajax-loader-2x.gif\" border=0 src=\"data:image\/svg+xml;base64,PHN2ZyB3aWR0aD0iMSIgaGVpZ2h0PSIxIiB4bWxucz0iaHR0cDovL3d3dy53My5vcmcvMjAwMC9zdmciPjwvc3ZnPg==\" class=\"lazyload\" style=\"--smush-placeholder-width: 16px; --smush-placeholder-aspect-ratio: 16\/16;\" \/><\/p>\n<div class=\"pvc_clear\"><\/div>\n","protected":false},"excerpt":{"rendered":"<p>PREVENDO PR\u00c3\u201cXIMA A MORTE40. PREF\u00c3\u0081CIO. A f\u00e9 no futuro, a orienta\u00e7\u00e3o do pensamento, durante a vida, para os destinos vindouros, favorecem e aceleram o desligamento do Esp\u00edrito, por enfraquecerem os la\u00e7os que o prendem ao corpo, tanto que, frequentemente, a vida corp\u00f3rea ainda se n\u00e3o extinguiu de todo, e a alma, impaciente, j\u00e1 al\u00e7ou o&hellip; <br \/> <a class=\"read-more\" href=\"https:\/\/www.centronocaminhodaluz.com.br\/index.php\/artigo11744\/\">Leia mais<\/a><\/p>\n<div class=\"pvc_clear\"><\/div>\n<p id=\"pvc_stats_11744\" class=\"pvc_stats all  \" data-element-id=\"11744\" style=\"\"><i class=\"pvc-stats-icon medium\" aria-hidden=\"true\"><svg aria-hidden=\"true\" focusable=\"false\" data-prefix=\"far\" data-icon=\"chart-bar\" role=\"img\" xmlns=\"http:\/\/www.w3.org\/2000\/svg\" viewBox=\"0 0 512 512\" class=\"svg-inline--fa fa-chart-bar fa-w-16 fa-2x\"><path fill=\"currentColor\" d=\"M396.8 352h22.4c6.4 0 12.8-6.4 12.8-12.8V108.8c0-6.4-6.4-12.8-12.8-12.8h-22.4c-6.4 0-12.8 6.4-12.8 12.8v230.4c0 6.4 6.4 12.8 12.8 12.8zm-192 0h22.4c6.4 0 12.8-6.4 12.8-12.8V140.8c0-6.4-6.4-12.8-12.8-12.8h-22.4c-6.4 0-12.8 6.4-12.8 12.8v198.4c0 6.4 6.4 12.8 12.8 12.8zm96 0h22.4c6.4 0 12.8-6.4 12.8-12.8V204.8c0-6.4-6.4-12.8-12.8-12.8h-22.4c-6.4 0-12.8 6.4-12.8 12.8v134.4c0 6.4 6.4 12.8 12.8 12.8zM496 400H48V80c0-8.84-7.16-16-16-16H16C7.16 64 0 71.16 0 80v336c0 17.67 14.33 32 32 32h464c8.84 0 16-7.16 16-16v-16c0-8.84-7.16-16-16-16zm-387.2-48h22.4c6.4 0 12.8-6.4 12.8-12.8v-70.4c0-6.4-6.4-12.8-12.8-12.8h-22.4c-6.4 0-12.8 6.4-12.8 12.8v70.4c0 6.4 6.4 12.8 12.8 12.8z\" class=\"\"><\/path><\/svg><\/i> <img decoding=\"async\" width=\"16\" height=\"16\" alt=\"Loading\" data-src=\"https:\/\/www.centronocaminhodaluz.com.br\/wp-content\/plugins\/page-views-count\/ajax-loader-2x.gif\" border=0 src=\"data:image\/svg+xml;base64,PHN2ZyB3aWR0aD0iMSIgaGVpZ2h0PSIxIiB4bWxucz0iaHR0cDovL3d3dy53My5vcmcvMjAwMC9zdmciPjwvc3ZnPg==\" class=\"lazyload\" style=\"--smush-placeholder-width: 16px; --smush-placeholder-aspect-ratio: 16\/16;\" \/><\/p>\n<div class=\"pvc_clear\"><\/div>\n","protected":false},"author":1,"featured_media":0,"comment_status":"Closed","ping_status":"open","sticky":false,"template":"","format":"standard","meta":{"footnotes":""},"categories":[7],"tags":[],"class_list":["post-11744","post","type-post","status-publish","format-standard","hentry","category-evangelho"],"a3_pvc":{"activated":true,"total_views":968,"today_views":0},"_links":{"self":[{"href":"https:\/\/www.centronocaminhodaluz.com.br\/index.php\/wp-json\/wp\/v2\/posts\/11744","targetHints":{"allow":["GET"]}}],"collection":[{"href":"https:\/\/www.centronocaminhodaluz.com.br\/index.php\/wp-json\/wp\/v2\/posts"}],"about":[{"href":"https:\/\/www.centronocaminhodaluz.com.br\/index.php\/wp-json\/wp\/v2\/types\/post"}],"author":[{"embeddable":true,"href":"https:\/\/www.centronocaminhodaluz.com.br\/index.php\/wp-json\/wp\/v2\/users\/1"}],"replies":[{"embeddable":true,"href":"https:\/\/www.centronocaminhodaluz.com.br\/index.php\/wp-json\/wp\/v2\/comments?post=11744"}],"version-history":[{"count":0,"href":"https:\/\/www.centronocaminhodaluz.com.br\/index.php\/wp-json\/wp\/v2\/posts\/11744\/revisions"}],"wp:attachment":[{"href":"https:\/\/www.centronocaminhodaluz.com.br\/index.php\/wp-json\/wp\/v2\/media?parent=11744"}],"wp:term":[{"taxonomy":"category","embeddable":true,"href":"https:\/\/www.centronocaminhodaluz.com.br\/index.php\/wp-json\/wp\/v2\/categories?post=11744"},{"taxonomy":"post_tag","embeddable":true,"href":"https:\/\/www.centronocaminhodaluz.com.br\/index.php\/wp-json\/wp\/v2\/tags?post=11744"}],"curies":[{"name":"wp","href":"https:\/\/api.w.org\/{rel}","templated":true}]}}