{"id":11748,"date":"2012-12-08T00:00:00","date_gmt":"2012-12-08T00:00:00","guid":{"rendered":""},"modified":"2012-12-08T00:00:00","modified_gmt":"2012-12-08T00:00:00","slug":"artigo11748","status":"publish","type":"post","link":"https:\/\/www.centronocaminhodaluz.com.br\/index.php\/artigo11748\/","title":{"rendered":"Mente e sintonia"},"content":{"rendered":"<p>\n<br \/>\u00c9 creditado ao italiano Guilherme Marconi o uso das ondas eletromagn\u00e9ticas para transmitir informa\u00e7\u00f5es a longas dist\u00e2ncias.<\/p>\n<p>No final do S\u00e9culo XIX, Marconi inicia seus experimentos, que dar\u00e3o origem ao tel\u00e9grafo e, posteriormente, ao r\u00e1dio.<\/p>\n<p>Gra\u00e7as a isso, as dist\u00e2ncias passam a ser menores, e a comunica\u00e7\u00e3o intensifica-se.<\/p>\n<p>Marconi partiu de um princ\u00edpio da F\u00edsica, segundo o qual ao se emitir ondas com determinada frequ\u00eancia, essas se propagam no espa\u00e7o, podendo ser captadas por outro aparelho sintonizado na mesma frequ\u00eancia.<\/p>\n<p>Hoje, os experimentos de Marconi pertencem\u00e0 Hist\u00f3ria e seus equipamentos s\u00e3o pe\u00e7as de museu, frente a toda a tecnologia desenvolvida desde ent\u00e3o.<\/p>\n<p>Por\u00e9m, ainda podemos tecer valiosas reflex\u00f5es a respeito desses seus estudos e descobertas.<\/p>\n<p>Nossa mente atua, sempre, como uma grande usina geradora de ondas, com frequ\u00eancias peculiares.<\/p>\n<p>A natureza do nosso pensar e sentir gera a qualidade da emiss\u00e3o, daquilo que emitimos e exteriorizamos em forma de pensamento.<\/p>\n<p>Como as ondas de r\u00e1dio, invis\u00edveis e impercept\u00edveis para n\u00f3s, assim s\u00e3o nossos pensamentos.<\/p>\n<p>N\u00e3o percebemos de imediato e nem visualizamos o que emitimos, mas nosso pensar est\u00e1 sempre gerando o ambiente, a psicosfera em torno de n\u00f3s mesmos.<\/p>\n<p>Assim \u00e9 que pessoas otimistas vivem em uma frequ\u00eancia, em uma ambi\u00eancia mais salutar do que as pessoas pessimistas.<\/p>\n<p>Algu\u00e9m sempre amoroso, carinhoso, compreensivo, ter\u00e1 em torno de si as qualidades relativas\u00e0 natureza desses sentimentos.<\/p>\n<p>Por sua vez, quem seja amargo, intolerante, impaciente gerar\u00e1, para sua pr\u00f3pria viv\u00eancia, um ambiente mais tormentoso e dif\u00edcil.<\/p>\n<p>Assim, cuidar dos pensamentos \u00e9 tarefa de urgente necessidade, mas, muitas vezes relegada, quando n\u00e3o esquecida ou desconhecida.<\/p>\n<p>Somos o resultado do que pensamos, sentimos e agimos, direta e indiretamente.<\/p>\n<p>Portanto, ser\u00e1 sempre mais proveitoso buscarmos a reflex\u00e3o otimista ao pensamento pessimista, a an\u00e1lise compreensiva ao julgamento cr\u00edtico, o bem pensar ao julgamento severo.<\/p>\n<p>N\u00e3o \u00e9 alienar-se do mundo, ou v\u00ea-lo de maneira ing\u00eanua ou parcial.<\/p>\n<p>\u00c9 a op\u00e7\u00e3o por viver no mundo, enfrentando seus desafios e lutas, com ferramentas diferentes, que ser\u00e3o mais valiosas e eficazes, nos proporcionando, ademais, sa\u00edde e bem-estar.<\/p>\n<p>Dessa forma, vigiar nosso pensar no dia a dia, ser\u00e1 sempre a\u00e7\u00e3o ben\u00e9fica para n\u00f3s mesmos.<\/p>\n<p>Ao optarmos pela vigil\u00e2ncia da nossa casa mental, nos proporcionamos a oportunidade de abandonar o medo, a inseguran\u00e7a, as ang\u00edstias. E abra\u00e7armos o bem, o bom e a confian\u00e7a em Deus.<\/p>\n<p>Atentemos para a recomenda\u00e7\u00e3o de Jesus de orarmos e vigiarmos, entendendo que o Amigo Divino nos convida a  vigiarmos nosso pensar e a utilizarmos a ora\u00e7\u00e3o como ferramenta de apoio e reestrutura\u00e7\u00e3o mental.<\/p>\n<p>*   *   *<\/p>\n<p>O pensamento \u00e9 for\u00e7a vital gravitando no Universo. Fonte poderosa, pode verter luz pacificadora ou se transformar em cachoeira destruidora.<\/p>\n<p>Pensemos nisso.<\/p>\n<p>Reda\u00e7\u00e3o do Momento Esp\u00edrita.<br \/>\n<br \/>Em 8.12.2012.<\/p>\n<div class=\"pvc_clear\"><\/div>\n<p id=\"pvc_stats_11748\" class=\"pvc_stats all  \" data-element-id=\"11748\" style=\"\"><i class=\"pvc-stats-icon medium\" aria-hidden=\"true\"><svg aria-hidden=\"true\" focusable=\"false\" data-prefix=\"far\" data-icon=\"chart-bar\" role=\"img\" xmlns=\"http:\/\/www.w3.org\/2000\/svg\" viewBox=\"0 0 512 512\" class=\"svg-inline--fa fa-chart-bar fa-w-16 fa-2x\"><path fill=\"currentColor\" d=\"M396.8 352h22.4c6.4 0 12.8-6.4 12.8-12.8V108.8c0-6.4-6.4-12.8-12.8-12.8h-22.4c-6.4 0-12.8 6.4-12.8 12.8v230.4c0 6.4 6.4 12.8 12.8 12.8zm-192 0h22.4c6.4 0 12.8-6.4 12.8-12.8V140.8c0-6.4-6.4-12.8-12.8-12.8h-22.4c-6.4 0-12.8 6.4-12.8 12.8v198.4c0 6.4 6.4 12.8 12.8 12.8zm96 0h22.4c6.4 0 12.8-6.4 12.8-12.8V204.8c0-6.4-6.4-12.8-12.8-12.8h-22.4c-6.4 0-12.8 6.4-12.8 12.8v134.4c0 6.4 6.4 12.8 12.8 12.8zM496 400H48V80c0-8.84-7.16-16-16-16H16C7.16 64 0 71.16 0 80v336c0 17.67 14.33 32 32 32h464c8.84 0 16-7.16 16-16v-16c0-8.84-7.16-16-16-16zm-387.2-48h22.4c6.4 0 12.8-6.4 12.8-12.8v-70.4c0-6.4-6.4-12.8-12.8-12.8h-22.4c-6.4 0-12.8 6.4-12.8 12.8v70.4c0 6.4 6.4 12.8 12.8 12.8z\" class=\"\"><\/path><\/svg><\/i> <img decoding=\"async\" width=\"16\" height=\"16\" alt=\"Loading\" data-src=\"https:\/\/www.centronocaminhodaluz.com.br\/wp-content\/plugins\/page-views-count\/ajax-loader-2x.gif\" border=0 src=\"data:image\/svg+xml;base64,PHN2ZyB3aWR0aD0iMSIgaGVpZ2h0PSIxIiB4bWxucz0iaHR0cDovL3d3dy53My5vcmcvMjAwMC9zdmciPjwvc3ZnPg==\" class=\"lazyload\" style=\"--smush-placeholder-width: 16px; --smush-placeholder-aspect-ratio: 16\/16;\" \/><\/p>\n<div class=\"pvc_clear\"><\/div>\n","protected":false},"excerpt":{"rendered":"<p>\u00c9 creditado ao italiano Guilherme Marconi o uso das ondas eletromagn\u00e9ticas para transmitir informa\u00e7\u00f5es a longas dist\u00e2ncias. No final do S\u00e9culo XIX, Marconi inicia seus experimentos, que dar\u00e3o origem ao tel\u00e9grafo e, posteriormente, ao r\u00e1dio. Gra\u00e7as a isso, as dist\u00e2ncias passam a ser menores, e a comunica\u00e7\u00e3o intensifica-se. Marconi partiu de um princ\u00edpio da F\u00edsica,&hellip; <br \/> <a class=\"read-more\" href=\"https:\/\/www.centronocaminhodaluz.com.br\/index.php\/artigo11748\/\">Leia mais<\/a><\/p>\n<div class=\"pvc_clear\"><\/div>\n<p id=\"pvc_stats_11748\" class=\"pvc_stats all  \" data-element-id=\"11748\" style=\"\"><i class=\"pvc-stats-icon medium\" aria-hidden=\"true\"><svg aria-hidden=\"true\" focusable=\"false\" data-prefix=\"far\" data-icon=\"chart-bar\" role=\"img\" xmlns=\"http:\/\/www.w3.org\/2000\/svg\" viewBox=\"0 0 512 512\" class=\"svg-inline--fa fa-chart-bar fa-w-16 fa-2x\"><path fill=\"currentColor\" d=\"M396.8 352h22.4c6.4 0 12.8-6.4 12.8-12.8V108.8c0-6.4-6.4-12.8-12.8-12.8h-22.4c-6.4 0-12.8 6.4-12.8 12.8v230.4c0 6.4 6.4 12.8 12.8 12.8zm-192 0h22.4c6.4 0 12.8-6.4 12.8-12.8V140.8c0-6.4-6.4-12.8-12.8-12.8h-22.4c-6.4 0-12.8 6.4-12.8 12.8v198.4c0 6.4 6.4 12.8 12.8 12.8zm96 0h22.4c6.4 0 12.8-6.4 12.8-12.8V204.8c0-6.4-6.4-12.8-12.8-12.8h-22.4c-6.4 0-12.8 6.4-12.8 12.8v134.4c0 6.4 6.4 12.8 12.8 12.8zM496 400H48V80c0-8.84-7.16-16-16-16H16C7.16 64 0 71.16 0 80v336c0 17.67 14.33 32 32 32h464c8.84 0 16-7.16 16-16v-16c0-8.84-7.16-16-16-16zm-387.2-48h22.4c6.4 0 12.8-6.4 12.8-12.8v-70.4c0-6.4-6.4-12.8-12.8-12.8h-22.4c-6.4 0-12.8 6.4-12.8 12.8v70.4c0 6.4 6.4 12.8 12.8 12.8z\" class=\"\"><\/path><\/svg><\/i> <img decoding=\"async\" width=\"16\" height=\"16\" alt=\"Loading\" data-src=\"https:\/\/www.centronocaminhodaluz.com.br\/wp-content\/plugins\/page-views-count\/ajax-loader-2x.gif\" border=0 src=\"data:image\/svg+xml;base64,PHN2ZyB3aWR0aD0iMSIgaGVpZ2h0PSIxIiB4bWxucz0iaHR0cDovL3d3dy53My5vcmcvMjAwMC9zdmciPjwvc3ZnPg==\" class=\"lazyload\" style=\"--smush-placeholder-width: 16px; --smush-placeholder-aspect-ratio: 16\/16;\" \/><\/p>\n<div class=\"pvc_clear\"><\/div>\n","protected":false},"author":1,"featured_media":0,"comment_status":"Closed","ping_status":"open","sticky":false,"template":"","format":"standard","meta":{"footnotes":""},"categories":[16],"tags":[],"class_list":["post-11748","post","type-post","status-publish","format-standard","hentry","category-mensagens-diversas"],"a3_pvc":{"activated":true,"total_views":804,"today_views":0},"_links":{"self":[{"href":"https:\/\/www.centronocaminhodaluz.com.br\/index.php\/wp-json\/wp\/v2\/posts\/11748","targetHints":{"allow":["GET"]}}],"collection":[{"href":"https:\/\/www.centronocaminhodaluz.com.br\/index.php\/wp-json\/wp\/v2\/posts"}],"about":[{"href":"https:\/\/www.centronocaminhodaluz.com.br\/index.php\/wp-json\/wp\/v2\/types\/post"}],"author":[{"embeddable":true,"href":"https:\/\/www.centronocaminhodaluz.com.br\/index.php\/wp-json\/wp\/v2\/users\/1"}],"replies":[{"embeddable":true,"href":"https:\/\/www.centronocaminhodaluz.com.br\/index.php\/wp-json\/wp\/v2\/comments?post=11748"}],"version-history":[{"count":0,"href":"https:\/\/www.centronocaminhodaluz.com.br\/index.php\/wp-json\/wp\/v2\/posts\/11748\/revisions"}],"wp:attachment":[{"href":"https:\/\/www.centronocaminhodaluz.com.br\/index.php\/wp-json\/wp\/v2\/media?parent=11748"}],"wp:term":[{"taxonomy":"category","embeddable":true,"href":"https:\/\/www.centronocaminhodaluz.com.br\/index.php\/wp-json\/wp\/v2\/categories?post=11748"},{"taxonomy":"post_tag","embeddable":true,"href":"https:\/\/www.centronocaminhodaluz.com.br\/index.php\/wp-json\/wp\/v2\/tags?post=11748"}],"curies":[{"name":"wp","href":"https:\/\/api.w.org\/{rel}","templated":true}]}}