{"id":11750,"date":"2012-12-08T00:00:00","date_gmt":"2012-12-08T00:00:00","guid":{"rendered":""},"modified":"2012-12-08T00:00:00","modified_gmt":"2012-12-08T00:00:00","slug":"artigo11750","status":"publish","type":"post","link":"https:\/\/www.centronocaminhodaluz.com.br\/index.php\/artigo11750\/","title":{"rendered":"Os perfumes"},"content":{"rendered":"<p>\n<br \/>Os perfumes t\u00eam algo interessante.<\/p>\n<p>Eles t\u00eam cheirinho de \u00e9pocas, situa\u00e7\u00f5es e coisas.<\/p>\n<p>Cheiro de m\u00e3e, de passeios, de viagem.<\/p>\n<p>Cheiro de praia, de inverno, de noite, de inf\u00e2ncia.<\/p>\n<p>Aroma de felicidade e tamb\u00e9m de momentos tristes.<\/p>\n<p>Cheiro de amor de pai, de casa de v\u00f3, de algu\u00e9m especial.<\/p>\n<p>Cada cheiro traz uma lembran\u00e7a e nos leva a uma sensa\u00e7\u00e3o diferente.<\/p>\n<p>Eles despertam em n\u00f3s a esperan\u00e7a de reviver momentos memor\u00e1veis e,\u00e0s vezes, provocam uma imensa saudade.<\/p>\n<p>O Natal tamb\u00e9m tem um perfume pr\u00f3prio.<\/p>\n<p>A \u00e9poca que o antecede tem um aroma que nos faz recordar os preparativos para comemorar o anivers\u00e1rio do Celeste Amigo.<\/p>\n<p>Jesus, com certeza, tamb\u00e9m carregava em si um perfume especial.<\/p>\n<p>Ele representou a doce presen\u00e7a de Deus junto aos homens e tinha a ess\u00eancia do mais belo amor que um ser humano poderia carregar em Seu \u00edntimo.<\/p>\n<p>Perfume da do\u00e7ura, do perd\u00e3o, da indulg\u00eancia.<\/p>\n<p>Aroma de caridade e de pureza.<\/p>\n<p>Ess\u00eancia de bondade e de benevol\u00eancia.<\/p>\n<p>Fragr\u00e2ncia de paz.<\/p>\n<p>Extrato de mansuetude, de calma, de serenidade.<\/p>\n<p>Conhecendo o ser humano na sua intimidade, Jesus sempre aguardava, n\u00e3o se apressava, deixava-se inquirir.<\/p>\n<p>Escutava com paci\u00eancia e ternura todos aqueles que dEle se aproximavam. Externava assim, a humildade e o sil\u00eancio de Sua alma.<\/p>\n<p>Ele veio nos ensinar sobre a vida verdadeira, vibrante e feliz.<\/p>\n<p>Sua li\u00e7\u00e3o \u00e9 para todos os tempos e para todos os povos.<\/p>\n<p>Mostrou-nos o caminho da luz, que \u00e9 aquele por onde seguiremos doando amor e consolando as dores alheias, iluminando, assim, as sombras no campo terrestre.<\/p>\n<p>Estrada que poderemos trilhar com ren\u00edncia e sacrif\u00edcio, mas tamb\u00e9m com profunda alegria.<\/p>\n<p>Trouxe-nos a mensagem da vida espiritual e da vida espiritualizada, na qual a alma \u00e9 fiel\u00e0 bondade,\u00e0 alegria, ao trabalho digno,\u00e0 esperan\u00e7a e\u00e0 confian\u00e7a em Deus.<\/p>\n<p>Vida essa que valoriza as virtudes e exalta a conviv\u00eancia fraterna na sociedade.<\/p>\n<p>As refer\u00eancias mais numerosas a respeito da exist\u00eancia luminosa de Jesus est\u00e3o nos textos dos Evangelistas.<\/p>\n<p>Mateus, Marcos, Lucas e Jo\u00e3o, cada um deles em sua \u00e9poca e a seu modo, deixou registrados detalhes preciosos de sua conviv\u00eancia com Esse Ser de luz ou das narrativas que lhes foram feitas por quem com Ele conviveu.<\/p>\n<p>Que todos n\u00f3s possamos mergulhar profundamente nas \u00e1guas cristalinas do Evangelho e assim, tocados pela paz de Jesus, refletirmos sobre a Sua mensagem.<\/p>\n<p>Deixarmo-nos impregnar pelo Seu perfume para que sejamos capazes de espalhar essa ess\u00eancia Divina.<\/p>\n<p>*   *   *<\/p>\n<p>Neste Natal, guardemos em nossos cora\u00e7\u00f5es esse Amigo Celeste que um dia esteve na atmosfera do mundo e deixou, em nossa morada sideral, o aroma do amor puro e elevado.<\/p>\n<p>Meditemos sobre o verdadeiro papel do Cristo na vida de cada um e mantenhamos viva em n\u00f3s a Sua mensagem, seguindo em frente com a certeza de que Ele prossegue, altivo, socorrendo a pequenez humana.<\/p>\n<p>Reda\u00e7\u00e3o do Momento Esp\u00edrita.<br \/>\n<br \/>Em 6.12.2012.<\/p>\n<div class=\"pvc_clear\"><\/div>\n<p id=\"pvc_stats_11750\" class=\"pvc_stats all  \" data-element-id=\"11750\" style=\"\"><i class=\"pvc-stats-icon medium\" aria-hidden=\"true\"><svg aria-hidden=\"true\" focusable=\"false\" data-prefix=\"far\" data-icon=\"chart-bar\" role=\"img\" xmlns=\"http:\/\/www.w3.org\/2000\/svg\" viewBox=\"0 0 512 512\" class=\"svg-inline--fa fa-chart-bar fa-w-16 fa-2x\"><path fill=\"currentColor\" d=\"M396.8 352h22.4c6.4 0 12.8-6.4 12.8-12.8V108.8c0-6.4-6.4-12.8-12.8-12.8h-22.4c-6.4 0-12.8 6.4-12.8 12.8v230.4c0 6.4 6.4 12.8 12.8 12.8zm-192 0h22.4c6.4 0 12.8-6.4 12.8-12.8V140.8c0-6.4-6.4-12.8-12.8-12.8h-22.4c-6.4 0-12.8 6.4-12.8 12.8v198.4c0 6.4 6.4 12.8 12.8 12.8zm96 0h22.4c6.4 0 12.8-6.4 12.8-12.8V204.8c0-6.4-6.4-12.8-12.8-12.8h-22.4c-6.4 0-12.8 6.4-12.8 12.8v134.4c0 6.4 6.4 12.8 12.8 12.8zM496 400H48V80c0-8.84-7.16-16-16-16H16C7.16 64 0 71.16 0 80v336c0 17.67 14.33 32 32 32h464c8.84 0 16-7.16 16-16v-16c0-8.84-7.16-16-16-16zm-387.2-48h22.4c6.4 0 12.8-6.4 12.8-12.8v-70.4c0-6.4-6.4-12.8-12.8-12.8h-22.4c-6.4 0-12.8 6.4-12.8 12.8v70.4c0 6.4 6.4 12.8 12.8 12.8z\" class=\"\"><\/path><\/svg><\/i> <img decoding=\"async\" width=\"16\" height=\"16\" alt=\"Loading\" data-src=\"https:\/\/www.centronocaminhodaluz.com.br\/wp-content\/plugins\/page-views-count\/ajax-loader-2x.gif\" border=0 src=\"data:image\/svg+xml;base64,PHN2ZyB3aWR0aD0iMSIgaGVpZ2h0PSIxIiB4bWxucz0iaHR0cDovL3d3dy53My5vcmcvMjAwMC9zdmciPjwvc3ZnPg==\" class=\"lazyload\" style=\"--smush-placeholder-width: 16px; --smush-placeholder-aspect-ratio: 16\/16;\" \/><\/p>\n<div class=\"pvc_clear\"><\/div>\n","protected":false},"excerpt":{"rendered":"<p>Os perfumes t\u00eam algo interessante. Eles t\u00eam cheirinho de \u00e9pocas, situa\u00e7\u00f5es e coisas. Cheiro de m\u00e3e, de passeios, de viagem. Cheiro de praia, de inverno, de noite, de inf\u00e2ncia. Aroma de felicidade e tamb\u00e9m de momentos tristes. Cheiro de amor de pai, de casa de v\u00f3, de algu\u00e9m especial. Cada cheiro traz uma lembran\u00e7a e&hellip; <br \/> <a class=\"read-more\" href=\"https:\/\/www.centronocaminhodaluz.com.br\/index.php\/artigo11750\/\">Leia mais<\/a><\/p>\n<div class=\"pvc_clear\"><\/div>\n<p id=\"pvc_stats_11750\" class=\"pvc_stats all  \" data-element-id=\"11750\" style=\"\"><i class=\"pvc-stats-icon medium\" aria-hidden=\"true\"><svg aria-hidden=\"true\" focusable=\"false\" data-prefix=\"far\" data-icon=\"chart-bar\" role=\"img\" xmlns=\"http:\/\/www.w3.org\/2000\/svg\" viewBox=\"0 0 512 512\" class=\"svg-inline--fa fa-chart-bar fa-w-16 fa-2x\"><path fill=\"currentColor\" d=\"M396.8 352h22.4c6.4 0 12.8-6.4 12.8-12.8V108.8c0-6.4-6.4-12.8-12.8-12.8h-22.4c-6.4 0-12.8 6.4-12.8 12.8v230.4c0 6.4 6.4 12.8 12.8 12.8zm-192 0h22.4c6.4 0 12.8-6.4 12.8-12.8V140.8c0-6.4-6.4-12.8-12.8-12.8h-22.4c-6.4 0-12.8 6.4-12.8 12.8v198.4c0 6.4 6.4 12.8 12.8 12.8zm96 0h22.4c6.4 0 12.8-6.4 12.8-12.8V204.8c0-6.4-6.4-12.8-12.8-12.8h-22.4c-6.4 0-12.8 6.4-12.8 12.8v134.4c0 6.4 6.4 12.8 12.8 12.8zM496 400H48V80c0-8.84-7.16-16-16-16H16C7.16 64 0 71.16 0 80v336c0 17.67 14.33 32 32 32h464c8.84 0 16-7.16 16-16v-16c0-8.84-7.16-16-16-16zm-387.2-48h22.4c6.4 0 12.8-6.4 12.8-12.8v-70.4c0-6.4-6.4-12.8-12.8-12.8h-22.4c-6.4 0-12.8 6.4-12.8 12.8v70.4c0 6.4 6.4 12.8 12.8 12.8z\" class=\"\"><\/path><\/svg><\/i> <img decoding=\"async\" width=\"16\" height=\"16\" alt=\"Loading\" data-src=\"https:\/\/www.centronocaminhodaluz.com.br\/wp-content\/plugins\/page-views-count\/ajax-loader-2x.gif\" border=0 src=\"data:image\/svg+xml;base64,PHN2ZyB3aWR0aD0iMSIgaGVpZ2h0PSIxIiB4bWxucz0iaHR0cDovL3d3dy53My5vcmcvMjAwMC9zdmciPjwvc3ZnPg==\" class=\"lazyload\" style=\"--smush-placeholder-width: 16px; --smush-placeholder-aspect-ratio: 16\/16;\" \/><\/p>\n<div class=\"pvc_clear\"><\/div>\n","protected":false},"author":1,"featured_media":0,"comment_status":"Closed","ping_status":"open","sticky":false,"template":"","format":"standard","meta":{"footnotes":""},"categories":[16],"tags":[],"class_list":["post-11750","post","type-post","status-publish","format-standard","hentry","category-mensagens-diversas"],"a3_pvc":{"activated":true,"total_views":2280,"today_views":0},"_links":{"self":[{"href":"https:\/\/www.centronocaminhodaluz.com.br\/index.php\/wp-json\/wp\/v2\/posts\/11750","targetHints":{"allow":["GET"]}}],"collection":[{"href":"https:\/\/www.centronocaminhodaluz.com.br\/index.php\/wp-json\/wp\/v2\/posts"}],"about":[{"href":"https:\/\/www.centronocaminhodaluz.com.br\/index.php\/wp-json\/wp\/v2\/types\/post"}],"author":[{"embeddable":true,"href":"https:\/\/www.centronocaminhodaluz.com.br\/index.php\/wp-json\/wp\/v2\/users\/1"}],"replies":[{"embeddable":true,"href":"https:\/\/www.centronocaminhodaluz.com.br\/index.php\/wp-json\/wp\/v2\/comments?post=11750"}],"version-history":[{"count":0,"href":"https:\/\/www.centronocaminhodaluz.com.br\/index.php\/wp-json\/wp\/v2\/posts\/11750\/revisions"}],"wp:attachment":[{"href":"https:\/\/www.centronocaminhodaluz.com.br\/index.php\/wp-json\/wp\/v2\/media?parent=11750"}],"wp:term":[{"taxonomy":"category","embeddable":true,"href":"https:\/\/www.centronocaminhodaluz.com.br\/index.php\/wp-json\/wp\/v2\/categories?post=11750"},{"taxonomy":"post_tag","embeddable":true,"href":"https:\/\/www.centronocaminhodaluz.com.br\/index.php\/wp-json\/wp\/v2\/tags?post=11750"}],"curies":[{"name":"wp","href":"https:\/\/api.w.org\/{rel}","templated":true}]}}