{"id":11800,"date":"2013-01-05T00:00:00","date_gmt":"2013-01-05T00:00:00","guid":{"rendered":""},"modified":"2013-01-05T00:00:00","modified_gmt":"2013-01-05T00:00:00","slug":"artigo11800","status":"publish","type":"post","link":"https:\/\/www.centronocaminhodaluz.com.br\/index.php\/artigo11800\/","title":{"rendered":"Saudades"},"content":{"rendered":"<p>FELIZ ANO NOVO SAUDADE!<\/p>\n<p>RENOVAR<br \/>\n<br \/>Por Elcio de Lima Rodrigues<\/p>\n<p>Chegamos ao final de mais um ano!<br \/>\n<br \/>Para n\u00f3s, seres humanos, o tempo \u00e9 medido em rela\u00e7\u00e3o aos movimentos que a Terra faz em torno do pr\u00f3prio eixo e em torno do sol, atrav\u00e9s dos chamados movimentos de rota\u00e7\u00e3o e transla\u00e7\u00e3o. Todos os dias o sol nasce e se p\u00f5e, definindo a passagem de mais um dia.  Conceitos de f\u00edsica\u00e0 parte, o tempo ao qual nos referimos tem um sentido l\u00f3gico somente enquanto estamos aqui na Terra.<\/p>\n<p>Por\u00e9m, para o esp\u00edrito que segue para a eternidade infinita, e que, portanto, j\u00e1 n\u00e3o habita o planeta Terra, esse conceito de tempo n\u00e3o tem nenhum significado. Na codifica\u00e7\u00e3o da Doutrina Esp\u00edrita, Galileu nos d\u00e1 a seguinte defini\u00e7\u00e3o:  O tempo \u00e9 a sucess\u00e3o das coisas \u009d.<\/p>\n<p>Pois bem, essa defini\u00e7\u00e3o de tempo, se aplicada em nossas vidas, pode ajudar a nos transformarmos em pessoas melhores. Por exemplo: Quanto mais convivermos com aqueles a quem amamos, melhor! Por\u00e9m, o mais importante \u00e9 a intensidade do amor que lhes dedicarmos durante o tempo em que estivermos junto deles. N\u00e3o importa tanto  quanto tempo amamos \u009d, mas sim  o quanto intensamente amamos \u009d. E essa mesma linha de racioc\u00ednio se estende em todas as realiza\u00e7\u00f5es da vida.<\/p>\n<p>Mesmo considerando-se o conceito de tempo um tanto relativo, \u00e9 ineg\u00e1vel que o in\u00edcio de mais um ano traz uma marca psicol\u00f3gica consider\u00e1vel. A esperan\u00e7a se abre dentro de n\u00f3s como uma roseira sem espinhos. A energia se renova e reabastecemos o esp\u00edrito com o positivismo que j\u00e1 se encontrava em baixa no final do ano que est\u00e1 terminando.<\/p>\n<p>\u00c9 tempo de recome\u00e7ar! A natureza nos d\u00e1 mostra de renova\u00e7\u00e3o! As \u00e1rvores esperam a passagem do outono e lan\u00e7am para fora de si as folhas mortas, para que surjam verg\u00f4nteas novas! E se preparam ansiosas para a chegada da primavera, quando finalmente explodem em flores! As aves migram de uma regi\u00e3o para outra em busca das tardes mornas de ver\u00e3o! <\/p>\n<p>N\u00f3s, criaturas humanas, t\u00e3o amadas por Deus, estamos nesse ciclo da perfei\u00e7\u00e3o Divina! Este final de ano \u00e9 somente o outono que se despede. \u00c9 hora de atirar ao ch\u00e3o as folhas amareladas das nossas m\u00e1goas, dos ressentimentos, das derrotas. Vamos preparar as ramagens novas dos nossos sentimentos para que flores\u00e7am em n\u00f3s o amor, o perd\u00e3o, e o ardente desejo de nos tornarmos em criaturas melhores! <\/p>\n<p>Ofere\u00e7a uma oportunidade\u00e0 primavera que existe dentro de voc\u00ea! Se o tempo \u00e9 a sucess\u00e3o das coisas, fa\u00e7a com seu tempo seja um pequeno peda\u00e7o dessa primavera na vida de toda pessoa que passar por voc\u00ea!<\/p>\n<p>Neste finalzinho de 2012 falamos tanto no  fim do mundo \u009d, certamente Deus espera por n\u00f3s&#8230;.. Espera que em 2013 falemos do  in\u00edcio do mundo \u009d&#8230; De um mundo de paz, de amor e de solidariedade!<\/p>\n<p>Queridos amigos, desejo a todos um 2013 repleto de Luz! De muita Luz!      <\/p>\n<p><\/p>\n<div class=\"pvc_clear\"><\/div>\n<p id=\"pvc_stats_11800\" class=\"pvc_stats all  \" data-element-id=\"11800\" style=\"\"><i class=\"pvc-stats-icon medium\" aria-hidden=\"true\"><svg aria-hidden=\"true\" focusable=\"false\" data-prefix=\"far\" data-icon=\"chart-bar\" role=\"img\" xmlns=\"http:\/\/www.w3.org\/2000\/svg\" viewBox=\"0 0 512 512\" class=\"svg-inline--fa fa-chart-bar fa-w-16 fa-2x\"><path fill=\"currentColor\" d=\"M396.8 352h22.4c6.4 0 12.8-6.4 12.8-12.8V108.8c0-6.4-6.4-12.8-12.8-12.8h-22.4c-6.4 0-12.8 6.4-12.8 12.8v230.4c0 6.4 6.4 12.8 12.8 12.8zm-192 0h22.4c6.4 0 12.8-6.4 12.8-12.8V140.8c0-6.4-6.4-12.8-12.8-12.8h-22.4c-6.4 0-12.8 6.4-12.8 12.8v198.4c0 6.4 6.4 12.8 12.8 12.8zm96 0h22.4c6.4 0 12.8-6.4 12.8-12.8V204.8c0-6.4-6.4-12.8-12.8-12.8h-22.4c-6.4 0-12.8 6.4-12.8 12.8v134.4c0 6.4 6.4 12.8 12.8 12.8zM496 400H48V80c0-8.84-7.16-16-16-16H16C7.16 64 0 71.16 0 80v336c0 17.67 14.33 32 32 32h464c8.84 0 16-7.16 16-16v-16c0-8.84-7.16-16-16-16zm-387.2-48h22.4c6.4 0 12.8-6.4 12.8-12.8v-70.4c0-6.4-6.4-12.8-12.8-12.8h-22.4c-6.4 0-12.8 6.4-12.8 12.8v70.4c0 6.4 6.4 12.8 12.8 12.8z\" class=\"\"><\/path><\/svg><\/i> <img decoding=\"async\" width=\"16\" height=\"16\" alt=\"Loading\" data-src=\"https:\/\/www.centronocaminhodaluz.com.br\/wp-content\/plugins\/page-views-count\/ajax-loader-2x.gif\" border=0 src=\"data:image\/svg+xml;base64,PHN2ZyB3aWR0aD0iMSIgaGVpZ2h0PSIxIiB4bWxucz0iaHR0cDovL3d3dy53My5vcmcvMjAwMC9zdmciPjwvc3ZnPg==\" class=\"lazyload\" style=\"--smush-placeholder-width: 16px; --smush-placeholder-aspect-ratio: 16\/16;\" \/><\/p>\n<div class=\"pvc_clear\"><\/div>\n","protected":false},"excerpt":{"rendered":"<p>FELIZ ANO NOVO SAUDADE! RENOVAR Por Elcio de Lima Rodrigues Chegamos ao final de mais um ano! Para n\u00f3s, seres humanos, o tempo \u00e9 medido em rela\u00e7\u00e3o aos movimentos que a Terra faz em torno do pr\u00f3prio eixo e em torno do sol, atrav\u00e9s dos chamados movimentos de rota\u00e7\u00e3o e transla\u00e7\u00e3o. Todos os dias o&hellip; <br \/> <a class=\"read-more\" href=\"https:\/\/www.centronocaminhodaluz.com.br\/index.php\/artigo11800\/\">Leia mais<\/a><\/p>\n<div class=\"pvc_clear\"><\/div>\n<p id=\"pvc_stats_11800\" class=\"pvc_stats all  \" data-element-id=\"11800\" style=\"\"><i class=\"pvc-stats-icon medium\" aria-hidden=\"true\"><svg aria-hidden=\"true\" focusable=\"false\" data-prefix=\"far\" data-icon=\"chart-bar\" role=\"img\" xmlns=\"http:\/\/www.w3.org\/2000\/svg\" viewBox=\"0 0 512 512\" class=\"svg-inline--fa fa-chart-bar fa-w-16 fa-2x\"><path fill=\"currentColor\" d=\"M396.8 352h22.4c6.4 0 12.8-6.4 12.8-12.8V108.8c0-6.4-6.4-12.8-12.8-12.8h-22.4c-6.4 0-12.8 6.4-12.8 12.8v230.4c0 6.4 6.4 12.8 12.8 12.8zm-192 0h22.4c6.4 0 12.8-6.4 12.8-12.8V140.8c0-6.4-6.4-12.8-12.8-12.8h-22.4c-6.4 0-12.8 6.4-12.8 12.8v198.4c0 6.4 6.4 12.8 12.8 12.8zm96 0h22.4c6.4 0 12.8-6.4 12.8-12.8V204.8c0-6.4-6.4-12.8-12.8-12.8h-22.4c-6.4 0-12.8 6.4-12.8 12.8v134.4c0 6.4 6.4 12.8 12.8 12.8zM496 400H48V80c0-8.84-7.16-16-16-16H16C7.16 64 0 71.16 0 80v336c0 17.67 14.33 32 32 32h464c8.84 0 16-7.16 16-16v-16c0-8.84-7.16-16-16-16zm-387.2-48h22.4c6.4 0 12.8-6.4 12.8-12.8v-70.4c0-6.4-6.4-12.8-12.8-12.8h-22.4c-6.4 0-12.8 6.4-12.8 12.8v70.4c0 6.4 6.4 12.8 12.8 12.8z\" class=\"\"><\/path><\/svg><\/i> <img decoding=\"async\" width=\"16\" height=\"16\" alt=\"Loading\" data-src=\"https:\/\/www.centronocaminhodaluz.com.br\/wp-content\/plugins\/page-views-count\/ajax-loader-2x.gif\" border=0 src=\"data:image\/svg+xml;base64,PHN2ZyB3aWR0aD0iMSIgaGVpZ2h0PSIxIiB4bWxucz0iaHR0cDovL3d3dy53My5vcmcvMjAwMC9zdmciPjwvc3ZnPg==\" class=\"lazyload\" style=\"--smush-placeholder-width: 16px; --smush-placeholder-aspect-ratio: 16\/16;\" \/><\/p>\n<div class=\"pvc_clear\"><\/div>\n","protected":false},"author":1,"featured_media":0,"comment_status":"Closed","ping_status":"open","sticky":false,"template":"","format":"standard","meta":{"footnotes":""},"categories":[16],"tags":[],"class_list":["post-11800","post","type-post","status-publish","format-standard","hentry","category-mensagens-diversas"],"a3_pvc":{"activated":true,"total_views":533,"today_views":0},"_links":{"self":[{"href":"https:\/\/www.centronocaminhodaluz.com.br\/index.php\/wp-json\/wp\/v2\/posts\/11800","targetHints":{"allow":["GET"]}}],"collection":[{"href":"https:\/\/www.centronocaminhodaluz.com.br\/index.php\/wp-json\/wp\/v2\/posts"}],"about":[{"href":"https:\/\/www.centronocaminhodaluz.com.br\/index.php\/wp-json\/wp\/v2\/types\/post"}],"author":[{"embeddable":true,"href":"https:\/\/www.centronocaminhodaluz.com.br\/index.php\/wp-json\/wp\/v2\/users\/1"}],"replies":[{"embeddable":true,"href":"https:\/\/www.centronocaminhodaluz.com.br\/index.php\/wp-json\/wp\/v2\/comments?post=11800"}],"version-history":[{"count":0,"href":"https:\/\/www.centronocaminhodaluz.com.br\/index.php\/wp-json\/wp\/v2\/posts\/11800\/revisions"}],"wp:attachment":[{"href":"https:\/\/www.centronocaminhodaluz.com.br\/index.php\/wp-json\/wp\/v2\/media?parent=11800"}],"wp:term":[{"taxonomy":"category","embeddable":true,"href":"https:\/\/www.centronocaminhodaluz.com.br\/index.php\/wp-json\/wp\/v2\/categories?post=11800"},{"taxonomy":"post_tag","embeddable":true,"href":"https:\/\/www.centronocaminhodaluz.com.br\/index.php\/wp-json\/wp\/v2\/tags?post=11800"}],"curies":[{"name":"wp","href":"https:\/\/api.w.org\/{rel}","templated":true}]}}