{"id":11810,"date":"2013-01-06T00:00:00","date_gmt":"2013-01-06T00:00:00","guid":{"rendered":""},"modified":"2013-01-06T00:00:00","modified_gmt":"2013-01-06T00:00:00","slug":"artigo11810","status":"publish","type":"post","link":"https:\/\/www.centronocaminhodaluz.com.br\/index.php\/artigo11810\/","title":{"rendered":"Livro Adolescencia e Vida &#8211; Joanna de Angelis 20. O adolescente e os fen\u00f4menos ps\u00edquicos"},"content":{"rendered":"<div align=left><em><strong>20. O adolescente e os fen\u00f4menos ps\u00edquicosNa inf\u00e2ncia, porque ainda em fase complementar da reencarna\u00e7\u00e3o, o Esp\u00edrito desfruta relativa liberdade, que lhe permite mais amplo contato com a realidade causal, aquela que diz respeito ao mundo de onde procede. Esse lugar permanece acess\u00edvel ao seu tr\u00e2nsito, e as impress\u00f5es mais fortes que dele s\u00e3o trazidas se exteriorizam pelo corpo f\u00edsico.<br \/>Eclodem, ent\u00e3o, nessa oportunidade, os fen\u00f4menos paranormais, propiciando as faculdades da clarivid\u00eancia e da clariaudi\u00eancia particularmente, e, sob mais direta indu\u00e7\u00e3o dos Esp\u00edritos desencarnados, outras manifesta\u00e7\u00f5es de natureza medi\u00ednica propriamente ditas.<br \/>N\u00e3o obstante, sob a prote\u00e7\u00e3o dos Guias Espirituais, a crian\u00e7a permanece vinculada\u00e0 vida plena, tornando-se instrumento d\u00edctil de comunica\u00e7\u00f5es median\u00edmicas, mesmo que de forma inconsciente, o que lhe causa, em determinadas situa\u00e7\u00f5es, receios e desequil\u00edbrios compreens\u00edveis.<br \/>Considerando-se, por\u00e9m, a sua falta de estrutura psicol\u00f3gica, porque em fase de desenvolvimento org\u00e2nico e ps\u00edquico, ela n\u00e3o deve ser encaminhada para experimenta\u00e7\u00f5es paranormais, auxiliando-se-lhe, entretanto, mediante os valiosos e oportunos recursos espec\u00edficos da ora\u00e7\u00e3o, da \u00e1gua magnetizada, das conversa\u00e7\u00f5es edificantes, como terapia pr\u00f3pria para a sua faixa de idade.<br \/>No per\u00edodo da adolesc\u00eancia, por\u00e9m, em pleno desabrochar das for\u00e7as sexuais, a mediunidade se apresenta pujante, necessitando de educa\u00e7\u00e3o conveniente e diretriz adequada para ser controlada e produtiva.<br \/>No momento em que a gl\u00e2ndula pineal libera os fatores sexuais complementares, e as demais do sistema endocr\u00ednico contribuem para o desenvolvimento da libido, a primeira, que era veladora da fun\u00e7\u00e3o gen\u00e9sica, transforma-se num fulcro de energia portador de possibilidades de capta\u00e7\u00e3o paraps\u00edquica, que d\u00e1 lugar a uma variada gama de manifesta\u00e7\u00f5es.<br \/>Os conflitos comportamentais do adolescente, naturais, nesse per\u00edodo, abrem espa\u00e7o para um mais amplo interc\u00e2mbio com os Esp\u00edritos, que se comprazem em afligir e em perturbar, considerando a ignor\u00e2ncia da realidade em que se demoram.<br \/>Tratando-se de ser humano em progresso com um passado a reparar, o adolescente \u00e9 convidado ao testemunho evolutivo, por cujo meio se retempera no exerc\u00edcio do bem e das disciplinas morais, fortalecendo-se para desempenhos futuros de alto coturno.<br \/>Nesse est\u00e1gio de capacita\u00e7\u00e3o intelectual, o interc\u00e2mbio ps\u00edquico com os desencarnados torna-se mais vi\u00e1vel e fecundo, merecendo cuidados especiais, que orientem o sensitivo para o minist\u00e9rio de amor e de ilumina\u00e7\u00e3o dele pr\u00f3prio, assim como do seu pr\u00f3ximo e da sociedade como um todo.<br \/>\u00c9 expressiva a rela\u00e7\u00e3o dos adolescentes que foram convidados a atividades mission\u00e1rias atrav\u00e9s da mediunidade, confirmando a exist\u00eancia do mundo espiritual e o seu interc\u00e2mbio incessante com as criaturas humanas que habitam o mundo f\u00edsico.<br \/>Joana d \u2122Arc, aos quatorze anos de idade, manteve demorados di\u00e1logos com os Esp\u00edritos que se diziam Miguel Arcanjo, Catarina e Margarida, considerados santos pela Igreja cat\u00f3lica, que a induziram ao comando do desorganizado ex\u00e9rcito franc\u00eas para as lutas contra os ingleses, culminando com a coroa\u00e7\u00e3o de Carlos VII, em Reims, que a abandonaria depois ao pr\u00f3prio destino de m\u00e1rtir&#8230;<br \/>Bernadette Soubirous, aos quatorze anos, na gruta de Massabi\u00e9lle, em Lourdes, na Fran\u00e7a, teve dezoito cont\u00ednuos encontros com uma Entidade luminosa, que lhe afirmou ser Maria de Nazar\u00e9.<br \/>Tr\u00eas crian\u00e7as, na gruta da Iria, em F\u00e1tima, Portugal, igualmente mantiveram contato e dialogaram com outro ser espiritual, que informava ser a mesma Senhora.<br \/>Catarina e Margarida Fox tornaram-se instrumento da comunica\u00e7\u00e3o l\u00edcida com o mundo espiritual, em Hydesville, nos Estados Unidos, e inauguraram a Era Nova para a comunicabilidade com os seres de al\u00e9m-t\u00edmulo.<br \/>Allan Kardec acompanhou e estudou as excelentes mediunidades das adolescentes irm\u00e3s Baudin, de Aline Carl\u00f3tti, de Japhet e de Ermance Dufaux, que contribu\u00edram expressivamente para as incompar\u00e1veis p\u00e1ginas de ci\u00eancia, filosofia e religi\u00e3o que constituem a Codifica\u00e7\u00e3o do Espiritismo.<br \/>Florence Cook, tamb\u00e9m com quatorze anos, buscou o apoio do not\u00e1vel f\u00edsico Sir William Crookes, em Londres, para que a estudasse e investigasse exaustivamente, produzindo extraordin\u00e1rias manifesta\u00e7\u00f5es de ectoplasmia, nas quais se apresentava materializado o Esp\u00edrito Katie King.<br \/>Daniel Dunglas Home, desde os dez anos de idade, tornou-se admir\u00e1vel m\u00e9dium de efeitos f\u00edsicos, havendo sido investigado demoradamente por eminentes cientistas que lhe autenticaram as faculdades medi\u00ednicas, o mesmo que fizeram in\u00edmeras cortes europ\u00e9ias pelas quais passeou a sua paranormalidade.<br \/>Mais recentemente, inumer\u00e1veis instrumentos medi\u00ednicos deram in\u00edcio ao desdobramento das suas faculdades paranormais exuberantes, que brotaram na inf\u00e2ncia e atingiram o apogeu no per\u00edodo da adolesc\u00eancia, tornando-se verdadeiros exemplos dignos de ser seguidos, pela abnega\u00e7\u00e3o e edifica\u00e7\u00e3o dos ideais do bem que realizaram e que prosseguem desenvolvendo.<br \/>\u00c9 perfeitamente compreens\u00edvel que, nessa fase de auto-identifica\u00e7\u00e3o, o adolescente desperte para o patrim\u00f4nio que nele se encontra latente e que se exterioriza sob o aluvi\u00e3o de energias pujantes, a fim de canaliz\u00e1-las para a sua completude, o seu perfeito equil\u00edbrio psicof\u00edsico.<br \/>In\u00edmeros fen\u00f4menos, portanto, que ocorrem no desenvolvimento do adolescente  \u201d conflitos f\u00f3bicos, transtornos neur\u00f3ticos e psic\u00f3ticos, inseguran\u00e7a, ins\u00f4nia, instabilidade sexual  \u201d  al\u00e9m das conhecidas causas gen\u00e9ticas, psicol\u00f3gicas, psicossociais, tamb\u00e9m podem ter sua origem nas obsess\u00f5es, que s\u00e3o interfer\u00eancias de Esp\u00edritos sem orienta\u00e7\u00e3o no comportamento do jovem, como desfor\u00e7os de d\u00edvidas pret\u00e9ritas ou mecanismos de burilamento interior para o pr\u00f3prio progresso moral.<br \/>Da mesma forma que o desabrochar da adolesc\u00eancia exige valiosos contributos da fam\u00edlia, da escola, da sociedade, a religi\u00e3o esp\u00edrita \u00e9 tamb\u00e9m convidada a brindar esclarecimentos e terapias para bem conduzir a paranormalidade, as manifesta\u00e7\u00f5es medi\u00ednicas que fazem parte da exist\u00eancia e se integram em a natureza humana.<br \/>A mediunidade \u00e9 faculdade da alma que o corpo reveste de c\u00e9lulas para facultar o interc\u00e2mbio entre os Esp\u00edritos e as criaturas humanas, constituindo um sexto sentido, que integrar\u00e1 as fun\u00e7\u00f5es org\u00e2nicas de todos os indiv\u00edduos.<br \/>O adolescente deve enfrentar os desafios de natureza parapsicol\u00f3gica e medi\u00ednica com a mesma naturalidade com que atende as demais ocorr\u00eancias do per\u00edodo de transi\u00e7\u00e3o, trabalhando-se interiormente para crescer moral e espiritualmente, tornando a vida mais digna de ser vivida e com um significado mais profundo, que \u00e9 o da eternidade do ser.<\/strong><\/em><\/div>\n<div class=\"pvc_clear\"><\/div>\n<p id=\"pvc_stats_11810\" class=\"pvc_stats all  \" data-element-id=\"11810\" style=\"\"><i class=\"pvc-stats-icon medium\" aria-hidden=\"true\"><svg aria-hidden=\"true\" focusable=\"false\" data-prefix=\"far\" data-icon=\"chart-bar\" role=\"img\" xmlns=\"http:\/\/www.w3.org\/2000\/svg\" viewBox=\"0 0 512 512\" class=\"svg-inline--fa fa-chart-bar fa-w-16 fa-2x\"><path fill=\"currentColor\" d=\"M396.8 352h22.4c6.4 0 12.8-6.4 12.8-12.8V108.8c0-6.4-6.4-12.8-12.8-12.8h-22.4c-6.4 0-12.8 6.4-12.8 12.8v230.4c0 6.4 6.4 12.8 12.8 12.8zm-192 0h22.4c6.4 0 12.8-6.4 12.8-12.8V140.8c0-6.4-6.4-12.8-12.8-12.8h-22.4c-6.4 0-12.8 6.4-12.8 12.8v198.4c0 6.4 6.4 12.8 12.8 12.8zm96 0h22.4c6.4 0 12.8-6.4 12.8-12.8V204.8c0-6.4-6.4-12.8-12.8-12.8h-22.4c-6.4 0-12.8 6.4-12.8 12.8v134.4c0 6.4 6.4 12.8 12.8 12.8zM496 400H48V80c0-8.84-7.16-16-16-16H16C7.16 64 0 71.16 0 80v336c0 17.67 14.33 32 32 32h464c8.84 0 16-7.16 16-16v-16c0-8.84-7.16-16-16-16zm-387.2-48h22.4c6.4 0 12.8-6.4 12.8-12.8v-70.4c0-6.4-6.4-12.8-12.8-12.8h-22.4c-6.4 0-12.8 6.4-12.8 12.8v70.4c0 6.4 6.4 12.8 12.8 12.8z\" class=\"\"><\/path><\/svg><\/i> <img decoding=\"async\" width=\"16\" height=\"16\" alt=\"Loading\" data-src=\"https:\/\/www.centronocaminhodaluz.com.br\/wp-content\/plugins\/page-views-count\/ajax-loader-2x.gif\" border=0 src=\"data:image\/svg+xml;base64,PHN2ZyB3aWR0aD0iMSIgaGVpZ2h0PSIxIiB4bWxucz0iaHR0cDovL3d3dy53My5vcmcvMjAwMC9zdmciPjwvc3ZnPg==\" class=\"lazyload\" style=\"--smush-placeholder-width: 16px; --smush-placeholder-aspect-ratio: 16\/16;\" \/><\/p>\n<div class=\"pvc_clear\"><\/div>\n","protected":false},"excerpt":{"rendered":"<p>20. O adolescente e os fen\u00f4menos ps\u00edquicosNa inf\u00e2ncia, porque ainda em fase complementar da reencarna\u00e7\u00e3o, o Esp\u00edrito desfruta relativa liberdade, que lhe permite mais amplo contato com a realidade causal, aquela que diz respeito ao mundo de onde procede. Esse lugar permanece acess\u00edvel ao seu tr\u00e2nsito, e as impress\u00f5es mais fortes que dele s\u00e3o trazidas&hellip; <br \/> <a class=\"read-more\" href=\"https:\/\/www.centronocaminhodaluz.com.br\/index.php\/artigo11810\/\">Leia mais<\/a><\/p>\n<div class=\"pvc_clear\"><\/div>\n<p id=\"pvc_stats_11810\" class=\"pvc_stats all  \" data-element-id=\"11810\" style=\"\"><i class=\"pvc-stats-icon medium\" aria-hidden=\"true\"><svg aria-hidden=\"true\" focusable=\"false\" data-prefix=\"far\" data-icon=\"chart-bar\" role=\"img\" xmlns=\"http:\/\/www.w3.org\/2000\/svg\" viewBox=\"0 0 512 512\" class=\"svg-inline--fa fa-chart-bar fa-w-16 fa-2x\"><path fill=\"currentColor\" d=\"M396.8 352h22.4c6.4 0 12.8-6.4 12.8-12.8V108.8c0-6.4-6.4-12.8-12.8-12.8h-22.4c-6.4 0-12.8 6.4-12.8 12.8v230.4c0 6.4 6.4 12.8 12.8 12.8zm-192 0h22.4c6.4 0 12.8-6.4 12.8-12.8V140.8c0-6.4-6.4-12.8-12.8-12.8h-22.4c-6.4 0-12.8 6.4-12.8 12.8v198.4c0 6.4 6.4 12.8 12.8 12.8zm96 0h22.4c6.4 0 12.8-6.4 12.8-12.8V204.8c0-6.4-6.4-12.8-12.8-12.8h-22.4c-6.4 0-12.8 6.4-12.8 12.8v134.4c0 6.4 6.4 12.8 12.8 12.8zM496 400H48V80c0-8.84-7.16-16-16-16H16C7.16 64 0 71.16 0 80v336c0 17.67 14.33 32 32 32h464c8.84 0 16-7.16 16-16v-16c0-8.84-7.16-16-16-16zm-387.2-48h22.4c6.4 0 12.8-6.4 12.8-12.8v-70.4c0-6.4-6.4-12.8-12.8-12.8h-22.4c-6.4 0-12.8 6.4-12.8 12.8v70.4c0 6.4 6.4 12.8 12.8 12.8z\" class=\"\"><\/path><\/svg><\/i> <img decoding=\"async\" width=\"16\" height=\"16\" alt=\"Loading\" data-src=\"https:\/\/www.centronocaminhodaluz.com.br\/wp-content\/plugins\/page-views-count\/ajax-loader-2x.gif\" border=0 src=\"data:image\/svg+xml;base64,PHN2ZyB3aWR0aD0iMSIgaGVpZ2h0PSIxIiB4bWxucz0iaHR0cDovL3d3dy53My5vcmcvMjAwMC9zdmciPjwvc3ZnPg==\" class=\"lazyload\" style=\"--smush-placeholder-width: 16px; --smush-placeholder-aspect-ratio: 16\/16;\" \/><\/p>\n<div class=\"pvc_clear\"><\/div>\n","protected":false},"author":1,"featured_media":0,"comment_status":"Closed","ping_status":"open","sticky":false,"template":"","format":"standard","meta":{"footnotes":""},"categories":[6],"tags":[],"class_list":["post-11810","post","type-post","status-publish","format-standard","hentry","category-joanna-de-angelis"],"a3_pvc":{"activated":true,"total_views":1576,"today_views":0},"_links":{"self":[{"href":"https:\/\/www.centronocaminhodaluz.com.br\/index.php\/wp-json\/wp\/v2\/posts\/11810","targetHints":{"allow":["GET"]}}],"collection":[{"href":"https:\/\/www.centronocaminhodaluz.com.br\/index.php\/wp-json\/wp\/v2\/posts"}],"about":[{"href":"https:\/\/www.centronocaminhodaluz.com.br\/index.php\/wp-json\/wp\/v2\/types\/post"}],"author":[{"embeddable":true,"href":"https:\/\/www.centronocaminhodaluz.com.br\/index.php\/wp-json\/wp\/v2\/users\/1"}],"replies":[{"embeddable":true,"href":"https:\/\/www.centronocaminhodaluz.com.br\/index.php\/wp-json\/wp\/v2\/comments?post=11810"}],"version-history":[{"count":0,"href":"https:\/\/www.centronocaminhodaluz.com.br\/index.php\/wp-json\/wp\/v2\/posts\/11810\/revisions"}],"wp:attachment":[{"href":"https:\/\/www.centronocaminhodaluz.com.br\/index.php\/wp-json\/wp\/v2\/media?parent=11810"}],"wp:term":[{"taxonomy":"category","embeddable":true,"href":"https:\/\/www.centronocaminhodaluz.com.br\/index.php\/wp-json\/wp\/v2\/categories?post=11810"},{"taxonomy":"post_tag","embeddable":true,"href":"https:\/\/www.centronocaminhodaluz.com.br\/index.php\/wp-json\/wp\/v2\/tags?post=11810"}],"curies":[{"name":"wp","href":"https:\/\/api.w.org\/{rel}","templated":true}]}}