{"id":11817,"date":"2013-01-13T00:00:00","date_gmt":"2013-01-13T00:00:00","guid":{"rendered":""},"modified":"2013-01-13T00:00:00","modified_gmt":"2013-01-13T00:00:00","slug":"artigo11817","status":"publish","type":"post","link":"https:\/\/www.centronocaminhodaluz.com.br\/index.php\/artigo11817\/","title":{"rendered":"A raiz da viol\u00eancia"},"content":{"rendered":"<p>\n<br \/>O Terceiro Mil\u00eanio chegou. Embora muitos tenham apregoado que ele seria negro, ele chegou de mansinho. E sem que nos d\u00e9ssemos realmente conta, estamos vivendo os dias de um novo s\u00e9culo e de um novo mil\u00eanio.<\/p>\n<p>Com a sua chegada, nos enchemos de esperan\u00e7a de um mundo melhor, pleno de paz. No entanto, o Terceiro Mil\u00eanio herdou naturalmente tudo aquilo que os homens constru\u00edram nos mil\u00eanios anteriores.<\/p>\n<p>Por isso, ainda temos muitos problemas que preocupam as mentes dos homens nobres e os cora\u00e7\u00f5es sens\u00edveis.<\/p>\n<p>Entre esses, um dos mais cruciais, com certeza, o problema da viol\u00eancia.<\/p>\n<p>Os que residimos em grandes cidades afirmamos estar cansados da viol\u00eancia. Afinal, n\u00e3o podemos sair de casa sossegados. Se paramos o carro ao sinal vermelho, em pleno dia, corremos o risco de sermos assaltados.<\/p>\n<p>Ao andarmos pelas avenidas, a trabalho, a passeio ou fazendo compras, nunca estamos livres de termos a bolsa roubada, a carteira surrupiada.<\/p>\n<p>Nossas crian\u00e7as v\u00e3o para a escola e ficamos apreensivos. Voltar\u00e3o para casa sem serem agredidas e terem roubados os t\u00eanis, a jaqueta, o rel\u00f3gio?<\/p>\n<p>Autoridades se re\u00ednem, psic\u00f3logos discutem, educadores dialogam. Todos desejam saber o que fazer para deter a onda de viol\u00eancia.<\/p>\n<p>E, ante tantas sugest\u00f5es, optamos por reformar e ampliar o n\u00edmero de pres\u00eddios.<\/p>\n<p>Em tudo isso, nos esquecemos de que o problema n\u00e3o est\u00e1 no pres\u00eddio, mas no homem que est\u00e1 l\u00e1 dentro.<\/p>\n<p>Esquecemos que o que deve ser reformado, melhorado, \u00e9 o pr\u00f3prio ser humano. Afinal, onde est\u00e1 a raiz da viol\u00eancia?<\/p>\n<p>Est\u00e1 na crian\u00e7a abandonada nas ruas que, sem carinho e instru\u00e7\u00e3o, amanh\u00e3 se tornar\u00e1 o lobo do seu semelhante.<\/p>\n<p>A viol\u00eancia est\u00e1 no hospital que n\u00e3o consegue atender com dignidade o enfermo necessitado, pela falta de estrutura.<\/p>\n<p>A viol\u00eancia est\u00e1 no abandono a que relegamos os nossos velhos, em asilos e casas que se dizem especializadas, onde t\u00eam abrigo, alimento e agasalho, mas n\u00e3o t\u00eam a aten\u00e7\u00e3o do afeto.<\/p>\n<p>A viol\u00eancia est\u00e1 nos orfanatos, onde as crian\u00e7as crescem sem lar, sem fam\u00edlia e sequer conseguem ter a ideia do que seja propriedade alheia. Porque ali tudo \u00e9 de todos. Eles n\u00e3o t\u00eam um cantinho seu, nada \u00e9 seu.<\/p>\n<p>Nem o carinho das atendentes, pois elas precisam desdobrar-se para todos.<\/p>\n<p>A viol\u00eancia est\u00e1 no abandono da escola. J\u00e1 se disse h\u00e1 muito: eduque-se a crian\u00e7a e n\u00e3o ser\u00e1 preciso punir o homem.<\/p>\n<p>*   *   *<\/p>\n<p>Antes de advogarmos a causa da n\u00e3o viol\u00eancia por m\u00e9todos violentos, tornemo-nos volunt\u00e1rios na a\u00e7\u00e3o do bem.<\/p>\n<p>Armemo-nos de coragem e dediquemo-nos\u00e0 educa\u00e7\u00e3o de uma crian\u00e7a. Pode ser nosso filho, nosso sobrinho, um parente distante, um amigo, um garoto de rua.<\/p>\n<p>Armemo-nos de amor e visitemos hospitais, espalhando o perfume de nossa presen\u00e7a. Se os enfermos n\u00e3o t\u00eam rem\u00e9dio suficiente, se t\u00eam que aguardar muitas horas para serem atendidos, ter\u00e3o ao seu lado algu\u00e9m que os acalme, que lhes d\u00ea conforto e aten\u00e7\u00e3o.<\/p>\n<p>O caminho da paz se inicia no cora\u00e7\u00e3o do homem.<\/p>\n<p>Pensemos nisso!<\/p>\n<p>Reda\u00e7\u00e3o do Momento Esp\u00edrita.<br \/>\n<br \/>Em 10.1.2013.<\/p>\n<div class=\"pvc_clear\"><\/div>\n<p id=\"pvc_stats_11817\" class=\"pvc_stats all  \" data-element-id=\"11817\" style=\"\"><i class=\"pvc-stats-icon medium\" aria-hidden=\"true\"><svg aria-hidden=\"true\" focusable=\"false\" data-prefix=\"far\" data-icon=\"chart-bar\" role=\"img\" xmlns=\"http:\/\/www.w3.org\/2000\/svg\" viewBox=\"0 0 512 512\" class=\"svg-inline--fa fa-chart-bar fa-w-16 fa-2x\"><path fill=\"currentColor\" d=\"M396.8 352h22.4c6.4 0 12.8-6.4 12.8-12.8V108.8c0-6.4-6.4-12.8-12.8-12.8h-22.4c-6.4 0-12.8 6.4-12.8 12.8v230.4c0 6.4 6.4 12.8 12.8 12.8zm-192 0h22.4c6.4 0 12.8-6.4 12.8-12.8V140.8c0-6.4-6.4-12.8-12.8-12.8h-22.4c-6.4 0-12.8 6.4-12.8 12.8v198.4c0 6.4 6.4 12.8 12.8 12.8zm96 0h22.4c6.4 0 12.8-6.4 12.8-12.8V204.8c0-6.4-6.4-12.8-12.8-12.8h-22.4c-6.4 0-12.8 6.4-12.8 12.8v134.4c0 6.4 6.4 12.8 12.8 12.8zM496 400H48V80c0-8.84-7.16-16-16-16H16C7.16 64 0 71.16 0 80v336c0 17.67 14.33 32 32 32h464c8.84 0 16-7.16 16-16v-16c0-8.84-7.16-16-16-16zm-387.2-48h22.4c6.4 0 12.8-6.4 12.8-12.8v-70.4c0-6.4-6.4-12.8-12.8-12.8h-22.4c-6.4 0-12.8 6.4-12.8 12.8v70.4c0 6.4 6.4 12.8 12.8 12.8z\" class=\"\"><\/path><\/svg><\/i> <img decoding=\"async\" width=\"16\" height=\"16\" alt=\"Loading\" data-src=\"https:\/\/www.centronocaminhodaluz.com.br\/wp-content\/plugins\/page-views-count\/ajax-loader-2x.gif\" border=0 src=\"data:image\/svg+xml;base64,PHN2ZyB3aWR0aD0iMSIgaGVpZ2h0PSIxIiB4bWxucz0iaHR0cDovL3d3dy53My5vcmcvMjAwMC9zdmciPjwvc3ZnPg==\" class=\"lazyload\" style=\"--smush-placeholder-width: 16px; --smush-placeholder-aspect-ratio: 16\/16;\" \/><\/p>\n<div class=\"pvc_clear\"><\/div>\n","protected":false},"excerpt":{"rendered":"<p>O Terceiro Mil\u00eanio chegou. Embora muitos tenham apregoado que ele seria negro, ele chegou de mansinho. E sem que nos d\u00e9ssemos realmente conta, estamos vivendo os dias de um novo s\u00e9culo e de um novo mil\u00eanio. Com a sua chegada, nos enchemos de esperan\u00e7a de um mundo melhor, pleno de paz. No entanto, o Terceiro&hellip; <br \/> <a class=\"read-more\" href=\"https:\/\/www.centronocaminhodaluz.com.br\/index.php\/artigo11817\/\">Leia mais<\/a><\/p>\n<div class=\"pvc_clear\"><\/div>\n<p id=\"pvc_stats_11817\" class=\"pvc_stats all  \" data-element-id=\"11817\" style=\"\"><i class=\"pvc-stats-icon medium\" aria-hidden=\"true\"><svg aria-hidden=\"true\" focusable=\"false\" data-prefix=\"far\" data-icon=\"chart-bar\" role=\"img\" xmlns=\"http:\/\/www.w3.org\/2000\/svg\" viewBox=\"0 0 512 512\" class=\"svg-inline--fa fa-chart-bar fa-w-16 fa-2x\"><path fill=\"currentColor\" d=\"M396.8 352h22.4c6.4 0 12.8-6.4 12.8-12.8V108.8c0-6.4-6.4-12.8-12.8-12.8h-22.4c-6.4 0-12.8 6.4-12.8 12.8v230.4c0 6.4 6.4 12.8 12.8 12.8zm-192 0h22.4c6.4 0 12.8-6.4 12.8-12.8V140.8c0-6.4-6.4-12.8-12.8-12.8h-22.4c-6.4 0-12.8 6.4-12.8 12.8v198.4c0 6.4 6.4 12.8 12.8 12.8zm96 0h22.4c6.4 0 12.8-6.4 12.8-12.8V204.8c0-6.4-6.4-12.8-12.8-12.8h-22.4c-6.4 0-12.8 6.4-12.8 12.8v134.4c0 6.4 6.4 12.8 12.8 12.8zM496 400H48V80c0-8.84-7.16-16-16-16H16C7.16 64 0 71.16 0 80v336c0 17.67 14.33 32 32 32h464c8.84 0 16-7.16 16-16v-16c0-8.84-7.16-16-16-16zm-387.2-48h22.4c6.4 0 12.8-6.4 12.8-12.8v-70.4c0-6.4-6.4-12.8-12.8-12.8h-22.4c-6.4 0-12.8 6.4-12.8 12.8v70.4c0 6.4 6.4 12.8 12.8 12.8z\" class=\"\"><\/path><\/svg><\/i> <img decoding=\"async\" width=\"16\" height=\"16\" alt=\"Loading\" data-src=\"https:\/\/www.centronocaminhodaluz.com.br\/wp-content\/plugins\/page-views-count\/ajax-loader-2x.gif\" border=0 src=\"data:image\/svg+xml;base64,PHN2ZyB3aWR0aD0iMSIgaGVpZ2h0PSIxIiB4bWxucz0iaHR0cDovL3d3dy53My5vcmcvMjAwMC9zdmciPjwvc3ZnPg==\" class=\"lazyload\" style=\"--smush-placeholder-width: 16px; --smush-placeholder-aspect-ratio: 16\/16;\" \/><\/p>\n<div class=\"pvc_clear\"><\/div>\n","protected":false},"author":1,"featured_media":0,"comment_status":"Closed","ping_status":"open","sticky":false,"template":"","format":"standard","meta":{"footnotes":""},"categories":[16],"tags":[],"class_list":["post-11817","post","type-post","status-publish","format-standard","hentry","category-mensagens-diversas"],"a3_pvc":{"activated":true,"total_views":656,"today_views":0},"_links":{"self":[{"href":"https:\/\/www.centronocaminhodaluz.com.br\/index.php\/wp-json\/wp\/v2\/posts\/11817","targetHints":{"allow":["GET"]}}],"collection":[{"href":"https:\/\/www.centronocaminhodaluz.com.br\/index.php\/wp-json\/wp\/v2\/posts"}],"about":[{"href":"https:\/\/www.centronocaminhodaluz.com.br\/index.php\/wp-json\/wp\/v2\/types\/post"}],"author":[{"embeddable":true,"href":"https:\/\/www.centronocaminhodaluz.com.br\/index.php\/wp-json\/wp\/v2\/users\/1"}],"replies":[{"embeddable":true,"href":"https:\/\/www.centronocaminhodaluz.com.br\/index.php\/wp-json\/wp\/v2\/comments?post=11817"}],"version-history":[{"count":0,"href":"https:\/\/www.centronocaminhodaluz.com.br\/index.php\/wp-json\/wp\/v2\/posts\/11817\/revisions"}],"wp:attachment":[{"href":"https:\/\/www.centronocaminhodaluz.com.br\/index.php\/wp-json\/wp\/v2\/media?parent=11817"}],"wp:term":[{"taxonomy":"category","embeddable":true,"href":"https:\/\/www.centronocaminhodaluz.com.br\/index.php\/wp-json\/wp\/v2\/categories?post=11817"},{"taxonomy":"post_tag","embeddable":true,"href":"https:\/\/www.centronocaminhodaluz.com.br\/index.php\/wp-json\/wp\/v2\/tags?post=11817"}],"curies":[{"name":"wp","href":"https:\/\/api.w.org\/{rel}","templated":true}]}}