{"id":11829,"date":"2013-01-19T00:00:00","date_gmt":"2013-01-19T00:00:00","guid":{"rendered":""},"modified":"2013-01-19T00:00:00","modified_gmt":"2013-01-19T00:00:00","slug":"artigo11829","status":"publish","type":"post","link":"https:\/\/www.centronocaminhodaluz.com.br\/index.php\/artigo11829\/","title":{"rendered":"Instrumento de Deus"},"content":{"rendered":"<p>\n<br \/>Simon Birch era um garoto especial. Ao nascer, surpreendeu pelo tamanho min\u00edsculo e deformidades que o tempo se encarregaria de acentuar.<\/p>\n<p>As pernas eram tortas, dificultando-lhe o andar. Os bra\u00e7os curtos apresentavam m\u00e3os de dedos pequenos e disformes.<\/p>\n<p>Cedo precisou de \u00f3culos para a vis\u00e3o deficit\u00e1ria e de aparelho para surdez.<\/p>\n<p>Aos doze anos, sua estatura parecia a de uma crian\u00e7a de tr\u00eas anos, com a cabe\u00e7a um pouco desproporcional ao tronco. Tudo isso equivale a dizer que sua presen\u00e7a n\u00e3o era agrad\u00e1vel.<\/p>\n<p>Mesmo assim, Simon era um garoto que n\u00e3o se permitia derrotas. Alimentava uma enorme f\u00e9 em Deus.<\/p>\n<p>Acreditava, firmemente, que cada criatura tinha um papel especial a desempenhar no mundo, independente de sua estatura, cor da pele, condi\u00e7\u00e3o social.<\/p>\n<p>Dizia que Deus nada criava in\u00edtil. Quando lhe dirigiam gracejos por causa da sua estatura, das suas deformidades ou sua fraca habilidade para os esportes, afirmava categ\u00f3rico que Deus devia ter um motivo muito especial para t\u00ea-lo criado t\u00e3o pequeno.<\/p>\n<p>Em algum momento, suas condi\u00e7\u00f5es f\u00edsicas haveriam de lhe permitir ser um instrumento dEle para algo positivo.<\/p>\n<p>Enquanto os dias se passavam, sem muitas novidades, Simon se esmerava em praticar respira\u00e7\u00e3o debaixo d \u2122\u00e1gua. Desejava superar suas pr\u00f3prias marcas e, gradativamente, aumentava o tempo dos exerc\u00edcios, mesmo nos dias frios do outono ou no in\u00edcio da primavera, com as \u00e1guas do rio ainda g\u00e9lidas.<\/p>\n<p>Durante o inverno de 1964, no retorno de uma excurs\u00e3o escolar, o \u00f4nibus sofreu um acidente. Os freios falharam, o gelo e a neve colaboraram para que o motorista perdesse o controle total do ve\u00edculo, que caiu nas \u00e1guas geladas do rio.<\/p>\n<p>As crian\u00e7as entraram em p\u00e2nico, gritando em desespero. Em meio\u00e0 gritaria, Simon subiu em um dos bancos, pediu sil\u00eancio e calma. As crian\u00e7as o olharam assustadas e silenciaram. Aquele garotinho min\u00edsculo n\u00e3o tinha medo e dava ordens, como quem sabia o que estava fazendo.<\/p>\n<p>Uma a uma as crian\u00e7as foram retiradas, ao seu comando, por um dos garotos maiores, com aux\u00edlio de terceiros que surgiram depois.<\/p>\n<p>O longo tempo de exposi\u00e7\u00e3o ao frio lhe valeria uma enfermidade pulmonar mas, naquele dia, quando o \u00f4nibus desapareceu por inteiro no fundo das \u00e1guas, Simon conseguiu escapulir pela janela lateral, pequena e estreita.<\/p>\n<p>Voc\u00ea percebeu como eu tinha raz\u00e3o? disse a um amigo. Deus me fez para ser Seu instrumento. Eu tinha certeza que minha vida tinha um motivo muito especial.<\/p>\n<p>*   *   *<\/p>\n<p>Instrumento de Deus somos todos n\u00f3s, pois que a Divindade toma das m\u00e3os dos homens para concretizar o bem na Terra.<\/p>\n<p>Ele se serve da boca acostumada a falar o bem para espalhar a esperan\u00e7a entre os desalentados.<\/p>\n<p>Toma dos bra\u00e7os acostumados\u00e0s car\u00edcias fraternas e envolve o carente no calor do Seu amor.<\/p>\n<p>Enfim, faz de cada filho Seu um int\u00e9rprete da Sua bondade, do Seu desvelo e da Sua miseric\u00f3rdia na Terra, a fim de que o mundo tenha o colorido da primavera em pleno inverno de dores.<\/p>\n<p>Reda\u00e7\u00e3o do Momento Esp\u00edrita, com base no filme<br \/>\n<br \/>Simon Birch.<br \/>\n<br \/>Em 18.1.2013.<\/p>\n<div class=\"pvc_clear\"><\/div>\n<p id=\"pvc_stats_11829\" class=\"pvc_stats all  \" data-element-id=\"11829\" style=\"\"><i class=\"pvc-stats-icon medium\" aria-hidden=\"true\"><svg aria-hidden=\"true\" focusable=\"false\" data-prefix=\"far\" data-icon=\"chart-bar\" role=\"img\" xmlns=\"http:\/\/www.w3.org\/2000\/svg\" viewBox=\"0 0 512 512\" class=\"svg-inline--fa fa-chart-bar fa-w-16 fa-2x\"><path fill=\"currentColor\" d=\"M396.8 352h22.4c6.4 0 12.8-6.4 12.8-12.8V108.8c0-6.4-6.4-12.8-12.8-12.8h-22.4c-6.4 0-12.8 6.4-12.8 12.8v230.4c0 6.4 6.4 12.8 12.8 12.8zm-192 0h22.4c6.4 0 12.8-6.4 12.8-12.8V140.8c0-6.4-6.4-12.8-12.8-12.8h-22.4c-6.4 0-12.8 6.4-12.8 12.8v198.4c0 6.4 6.4 12.8 12.8 12.8zm96 0h22.4c6.4 0 12.8-6.4 12.8-12.8V204.8c0-6.4-6.4-12.8-12.8-12.8h-22.4c-6.4 0-12.8 6.4-12.8 12.8v134.4c0 6.4 6.4 12.8 12.8 12.8zM496 400H48V80c0-8.84-7.16-16-16-16H16C7.16 64 0 71.16 0 80v336c0 17.67 14.33 32 32 32h464c8.84 0 16-7.16 16-16v-16c0-8.84-7.16-16-16-16zm-387.2-48h22.4c6.4 0 12.8-6.4 12.8-12.8v-70.4c0-6.4-6.4-12.8-12.8-12.8h-22.4c-6.4 0-12.8 6.4-12.8 12.8v70.4c0 6.4 6.4 12.8 12.8 12.8z\" class=\"\"><\/path><\/svg><\/i> <img decoding=\"async\" width=\"16\" height=\"16\" alt=\"Loading\" data-src=\"https:\/\/www.centronocaminhodaluz.com.br\/wp-content\/plugins\/page-views-count\/ajax-loader-2x.gif\" border=0 src=\"data:image\/svg+xml;base64,PHN2ZyB3aWR0aD0iMSIgaGVpZ2h0PSIxIiB4bWxucz0iaHR0cDovL3d3dy53My5vcmcvMjAwMC9zdmciPjwvc3ZnPg==\" class=\"lazyload\" style=\"--smush-placeholder-width: 16px; --smush-placeholder-aspect-ratio: 16\/16;\" \/><\/p>\n<div class=\"pvc_clear\"><\/div>\n","protected":false},"excerpt":{"rendered":"<p>Simon Birch era um garoto especial. Ao nascer, surpreendeu pelo tamanho min\u00edsculo e deformidades que o tempo se encarregaria de acentuar. As pernas eram tortas, dificultando-lhe o andar. Os bra\u00e7os curtos apresentavam m\u00e3os de dedos pequenos e disformes. Cedo precisou de \u00f3culos para a vis\u00e3o deficit\u00e1ria e de aparelho para surdez. Aos doze anos, sua&hellip; <br \/> <a class=\"read-more\" href=\"https:\/\/www.centronocaminhodaluz.com.br\/index.php\/artigo11829\/\">Leia mais<\/a><\/p>\n<div class=\"pvc_clear\"><\/div>\n<p id=\"pvc_stats_11829\" class=\"pvc_stats all  \" data-element-id=\"11829\" style=\"\"><i class=\"pvc-stats-icon medium\" aria-hidden=\"true\"><svg aria-hidden=\"true\" focusable=\"false\" data-prefix=\"far\" data-icon=\"chart-bar\" role=\"img\" xmlns=\"http:\/\/www.w3.org\/2000\/svg\" viewBox=\"0 0 512 512\" class=\"svg-inline--fa fa-chart-bar fa-w-16 fa-2x\"><path fill=\"currentColor\" d=\"M396.8 352h22.4c6.4 0 12.8-6.4 12.8-12.8V108.8c0-6.4-6.4-12.8-12.8-12.8h-22.4c-6.4 0-12.8 6.4-12.8 12.8v230.4c0 6.4 6.4 12.8 12.8 12.8zm-192 0h22.4c6.4 0 12.8-6.4 12.8-12.8V140.8c0-6.4-6.4-12.8-12.8-12.8h-22.4c-6.4 0-12.8 6.4-12.8 12.8v198.4c0 6.4 6.4 12.8 12.8 12.8zm96 0h22.4c6.4 0 12.8-6.4 12.8-12.8V204.8c0-6.4-6.4-12.8-12.8-12.8h-22.4c-6.4 0-12.8 6.4-12.8 12.8v134.4c0 6.4 6.4 12.8 12.8 12.8zM496 400H48V80c0-8.84-7.16-16-16-16H16C7.16 64 0 71.16 0 80v336c0 17.67 14.33 32 32 32h464c8.84 0 16-7.16 16-16v-16c0-8.84-7.16-16-16-16zm-387.2-48h22.4c6.4 0 12.8-6.4 12.8-12.8v-70.4c0-6.4-6.4-12.8-12.8-12.8h-22.4c-6.4 0-12.8 6.4-12.8 12.8v70.4c0 6.4 6.4 12.8 12.8 12.8z\" class=\"\"><\/path><\/svg><\/i> <img decoding=\"async\" width=\"16\" height=\"16\" alt=\"Loading\" data-src=\"https:\/\/www.centronocaminhodaluz.com.br\/wp-content\/plugins\/page-views-count\/ajax-loader-2x.gif\" border=0 src=\"data:image\/svg+xml;base64,PHN2ZyB3aWR0aD0iMSIgaGVpZ2h0PSIxIiB4bWxucz0iaHR0cDovL3d3dy53My5vcmcvMjAwMC9zdmciPjwvc3ZnPg==\" class=\"lazyload\" style=\"--smush-placeholder-width: 16px; --smush-placeholder-aspect-ratio: 16\/16;\" \/><\/p>\n<div class=\"pvc_clear\"><\/div>\n","protected":false},"author":1,"featured_media":0,"comment_status":"Closed","ping_status":"open","sticky":false,"template":"","format":"standard","meta":{"footnotes":""},"categories":[16],"tags":[],"class_list":["post-11829","post","type-post","status-publish","format-standard","hentry","category-mensagens-diversas"],"a3_pvc":{"activated":true,"total_views":1717,"today_views":0},"_links":{"self":[{"href":"https:\/\/www.centronocaminhodaluz.com.br\/index.php\/wp-json\/wp\/v2\/posts\/11829","targetHints":{"allow":["GET"]}}],"collection":[{"href":"https:\/\/www.centronocaminhodaluz.com.br\/index.php\/wp-json\/wp\/v2\/posts"}],"about":[{"href":"https:\/\/www.centronocaminhodaluz.com.br\/index.php\/wp-json\/wp\/v2\/types\/post"}],"author":[{"embeddable":true,"href":"https:\/\/www.centronocaminhodaluz.com.br\/index.php\/wp-json\/wp\/v2\/users\/1"}],"replies":[{"embeddable":true,"href":"https:\/\/www.centronocaminhodaluz.com.br\/index.php\/wp-json\/wp\/v2\/comments?post=11829"}],"version-history":[{"count":0,"href":"https:\/\/www.centronocaminhodaluz.com.br\/index.php\/wp-json\/wp\/v2\/posts\/11829\/revisions"}],"wp:attachment":[{"href":"https:\/\/www.centronocaminhodaluz.com.br\/index.php\/wp-json\/wp\/v2\/media?parent=11829"}],"wp:term":[{"taxonomy":"category","embeddable":true,"href":"https:\/\/www.centronocaminhodaluz.com.br\/index.php\/wp-json\/wp\/v2\/categories?post=11829"},{"taxonomy":"post_tag","embeddable":true,"href":"https:\/\/www.centronocaminhodaluz.com.br\/index.php\/wp-json\/wp\/v2\/tags?post=11829"}],"curies":[{"name":"wp","href":"https:\/\/api.w.org\/{rel}","templated":true}]}}