{"id":11847,"date":"2013-02-02T00:00:00","date_gmt":"2013-02-02T00:00:00","guid":{"rendered":""},"modified":"2015-12-22T09:04:32","modified_gmt":"2015-12-22T11:04:32","slug":"artigo11847","status":"publish","type":"post","link":"https:\/\/www.centronocaminhodaluz.com.br\/index.php\/artigo11847\/","title":{"rendered":"QUANTAS VIDAS J\u00c3\u0081 VIVEMOS?"},"content":{"rendered":"<p>Quantas vidas j\u00e1 vivemos?<br \/>\n<br \/>Quantas vidas j\u00e1 vivemos? Uma? Duas? Dez? Vinte? Cem? Duzentas?<br \/>\n<br \/>N\u00e3o sabemos!<br \/>\n<br \/>Mas, uma coisa \u00e9 certa: tudo que vivemos em nossas m\u00edltiplas vidas est\u00e1 acumulado em nosso esp\u00edrito e constitui a nossa bagagem vivencial.<br \/>\n<br \/>Na maioria das vezes n\u00e3o nos percebemos como esp\u00edrito e sim como um corpo carnal que nasceu numa determinada data, iniciando sua exist\u00eancia. Com essa consci\u00eancia, quando a mat\u00e9ria perece, pela t\u00e3o conhecida e temida morte, damos por encerrada a nossa vida, o que causa um grande sofrimento aos nossos parentes e amigos que v\u00e3o aos poucos se esquecendo da conviv\u00eancia que tiveram conosco.<br \/>\n<br \/>Mas sabemos que n\u00e3o \u00e9 bem assim.<br \/>\n<br \/>O dia em que nascemos aqui no plano terreno, materialmente falando, n\u00e3o \u00e9 o primeiro dia de nossa exist\u00eancia, pois, como esp\u00edrito, j\u00e1 passamos por outras mat\u00e9rias, embora n\u00e3o tenhamos no\u00e7\u00e3o de quantas vezes isso nos aconteceu e do que se desencadeou em cada uma dessas caminhadas.<br \/>\n<br \/>Se passarmos a nos perceber como um esp\u00edrito eterno encarnado numa mat\u00e9ria de dura\u00e7\u00e3o ef\u00eamera, compreenderemos melhor muitas coisas que nos acontecem e para as quais n\u00e3o encontramos explica\u00e7\u00f5es.<br \/>\n<br \/>Teremos mais condi\u00e7\u00f5es de entender porque passamos por alguns sofrimentos dos quais achamos que n\u00e3o somos merecedores; compreenderemos melhor os ressentimentos e\/ou m\u00e1goas que desenvolvemos  gratuitamente \u009d por algu\u00e9m; ou das antipatias que algu\u00e9m sente  sem motivos \u009d por n\u00f3s; saberemos conduzir de forma mais amena as rela\u00e7\u00f5es com os nossos  desafetos \u009d; saberemos agir melhor com aquele filho ou parente com o qual n\u00e3o temos a mesma afinidade que nos liga aos outros, por mais que tentemos;<br \/>\n<br \/>Esses s\u00e3o s\u00f3 alguns simples exemplos de casos onde as nossas vidas passadas influenciam na exist\u00eancia atual. Mas, no geral, essas influ\u00eancias podem ser bem mais significativas.<br \/>\n<br \/>Tecemos em nossas encarna\u00e7\u00f5es passadas tudo que nos acontece nessa atual, e estamos a tra\u00e7ar no presente tudo que nos acontecer\u00e1 em nossas pr\u00f3ximas encarna\u00e7\u00f5es. \u00c9 assim que a vida do esp\u00edrito se desenvolve, sempre mudando de vestimenta, mas dando continuidade ao seu processo evolutivo, ou n\u00e3o.<br \/>\n<br \/>Se continuarmos, a cada vinda na mat\u00e9ria carnal, os erros de exist\u00eancias passadas, ou pior ainda, se os ampliarmos, mais vezes teremos que reencarnar, at\u00e9 o dia em que, como esp\u00edrito, encontrarmos o caminho da luz que nos esclarecer\u00e1 sobre a vida espiritual e seus verdadeiros fins. Enquanto isso n\u00e3o acontecer seremos prisioneiros da nossa ignor\u00e2ncia, tocando nossa caminhada terrena como se realmente tiv\u00e9ssemos iniciado nossa exist\u00eancia no dia em que oficialmente nascemos na mat\u00e9ria que dispomos atualmente.<br \/>\n<br \/>O desenvolver dessa consci\u00eancia espiritual n\u00e3o depende da cren\u00e7a ou religi\u00e3o que adotamos, mas \u00e9 algo t\u00e3o intr\u00ednseco do nosso esp\u00edrito que em algum tempo e em algum lugar, esse fato acontecer\u00e1,\u00e0s vezes sem procurarmos, simplesmente acontece.<br \/>\n<br \/>Pode ser que algu\u00e9m s\u00f3 acorde para essa verdade atrav\u00e9s de algum sofrimento muito gritante em sua vida, mas, em alguns casos esse despertar vem naturalmente, pois para cada caso existem muitas possibilidades. Alguns esp\u00edritos j\u00e1 encarnam com essa consci\u00eancia desenvolvida e durante a caminhada terrena d\u00e3o continuidade ao seu processo evolutivo; em outros casos o esp\u00edrito \u00e9 preparado antes de encarnar, mas quando entra em contato com o mundo material esquece os princ\u00edpios aprendidos e desperdi\u00e7a sua encarna\u00e7\u00e3o entregando-se\u00e0s atitudes mundanas. Isso n\u00e3o implica que o esp\u00edrito entre em regress\u00e3o, pois o que foi aprendido em  vidas passadas n\u00e3o se apaga. O esp\u00edrito jamais regride, apenas estaciona por um tempo, uma encarna\u00e7\u00e3o, por exemplo, sua evolu\u00e7\u00e3o. \u00c9 tempo perdido, mas as aprendizagens das vidas pret\u00e9ritas se acumulam e nunca se desperdi\u00e7am, tendo continuidade em uma pr\u00f3xima encarna\u00e7\u00e3o.<br \/>\n<br \/>De qualquer forma, o mais importante \u00e9 nos conscientizarmos da nossa condi\u00e7\u00e3o espiritual quanto mais cedo melhor, mas o tempo desse acontecimento nenhum de n\u00f3s pode prever.<\/p>\n<p>Mentor Espiritual: Dr. Wilton<br \/>\n<br \/>M\u00e9dium: Eunice Gondim <\/p>\n<p> VISITE O SITE: www.eunicegondim.eu<br \/>\n<\/p>\n<div class=\"pvc_clear\"><\/div>\n<p id=\"pvc_stats_11847\" class=\"pvc_stats all  \" data-element-id=\"11847\" style=\"\"><i class=\"pvc-stats-icon medium\" aria-hidden=\"true\"><svg aria-hidden=\"true\" focusable=\"false\" data-prefix=\"far\" data-icon=\"chart-bar\" role=\"img\" xmlns=\"http:\/\/www.w3.org\/2000\/svg\" viewBox=\"0 0 512 512\" class=\"svg-inline--fa fa-chart-bar fa-w-16 fa-2x\"><path fill=\"currentColor\" d=\"M396.8 352h22.4c6.4 0 12.8-6.4 12.8-12.8V108.8c0-6.4-6.4-12.8-12.8-12.8h-22.4c-6.4 0-12.8 6.4-12.8 12.8v230.4c0 6.4 6.4 12.8 12.8 12.8zm-192 0h22.4c6.4 0 12.8-6.4 12.8-12.8V140.8c0-6.4-6.4-12.8-12.8-12.8h-22.4c-6.4 0-12.8 6.4-12.8 12.8v198.4c0 6.4 6.4 12.8 12.8 12.8zm96 0h22.4c6.4 0 12.8-6.4 12.8-12.8V204.8c0-6.4-6.4-12.8-12.8-12.8h-22.4c-6.4 0-12.8 6.4-12.8 12.8v134.4c0 6.4 6.4 12.8 12.8 12.8zM496 400H48V80c0-8.84-7.16-16-16-16H16C7.16 64 0 71.16 0 80v336c0 17.67 14.33 32 32 32h464c8.84 0 16-7.16 16-16v-16c0-8.84-7.16-16-16-16zm-387.2-48h22.4c6.4 0 12.8-6.4 12.8-12.8v-70.4c0-6.4-6.4-12.8-12.8-12.8h-22.4c-6.4 0-12.8 6.4-12.8 12.8v70.4c0 6.4 6.4 12.8 12.8 12.8z\" class=\"\"><\/path><\/svg><\/i> <img decoding=\"async\" width=\"16\" height=\"16\" alt=\"Loading\" data-src=\"https:\/\/www.centronocaminhodaluz.com.br\/wp-content\/plugins\/page-views-count\/ajax-loader-2x.gif\" border=0 src=\"data:image\/svg+xml;base64,PHN2ZyB3aWR0aD0iMSIgaGVpZ2h0PSIxIiB4bWxucz0iaHR0cDovL3d3dy53My5vcmcvMjAwMC9zdmciPjwvc3ZnPg==\" class=\"lazyload\" style=\"--smush-placeholder-width: 16px; --smush-placeholder-aspect-ratio: 16\/16;\" \/><\/p>\n<div class=\"pvc_clear\"><\/div>\n","protected":false},"excerpt":{"rendered":"<p>Quantas vidas j\u00e1 vivemos? Quantas vidas j\u00e1 vivemos? Uma? Duas? Dez? Vinte? Cem? Duzentas? N\u00e3o sabemos! Mas, uma coisa \u00e9 certa: tudo que vivemos em nossas m\u00edltiplas vidas est\u00e1 acumulado em nosso esp\u00edrito e constitui a nossa bagagem vivencial. Na maioria das vezes n\u00e3o nos percebemos como esp\u00edrito e sim como um corpo carnal que&hellip; <br \/> <a class=\"read-more\" href=\"https:\/\/www.centronocaminhodaluz.com.br\/index.php\/artigo11847\/\">Leia mais<\/a><\/p>\n<div class=\"pvc_clear\"><\/div>\n<p id=\"pvc_stats_11847\" class=\"pvc_stats all  \" data-element-id=\"11847\" style=\"\"><i class=\"pvc-stats-icon medium\" aria-hidden=\"true\"><svg aria-hidden=\"true\" focusable=\"false\" data-prefix=\"far\" data-icon=\"chart-bar\" role=\"img\" xmlns=\"http:\/\/www.w3.org\/2000\/svg\" viewBox=\"0 0 512 512\" class=\"svg-inline--fa fa-chart-bar fa-w-16 fa-2x\"><path fill=\"currentColor\" d=\"M396.8 352h22.4c6.4 0 12.8-6.4 12.8-12.8V108.8c0-6.4-6.4-12.8-12.8-12.8h-22.4c-6.4 0-12.8 6.4-12.8 12.8v230.4c0 6.4 6.4 12.8 12.8 12.8zm-192 0h22.4c6.4 0 12.8-6.4 12.8-12.8V140.8c0-6.4-6.4-12.8-12.8-12.8h-22.4c-6.4 0-12.8 6.4-12.8 12.8v198.4c0 6.4 6.4 12.8 12.8 12.8zm96 0h22.4c6.4 0 12.8-6.4 12.8-12.8V204.8c0-6.4-6.4-12.8-12.8-12.8h-22.4c-6.4 0-12.8 6.4-12.8 12.8v134.4c0 6.4 6.4 12.8 12.8 12.8zM496 400H48V80c0-8.84-7.16-16-16-16H16C7.16 64 0 71.16 0 80v336c0 17.67 14.33 32 32 32h464c8.84 0 16-7.16 16-16v-16c0-8.84-7.16-16-16-16zm-387.2-48h22.4c6.4 0 12.8-6.4 12.8-12.8v-70.4c0-6.4-6.4-12.8-12.8-12.8h-22.4c-6.4 0-12.8 6.4-12.8 12.8v70.4c0 6.4 6.4 12.8 12.8 12.8z\" class=\"\"><\/path><\/svg><\/i> <img decoding=\"async\" width=\"16\" height=\"16\" alt=\"Loading\" data-src=\"https:\/\/www.centronocaminhodaluz.com.br\/wp-content\/plugins\/page-views-count\/ajax-loader-2x.gif\" border=0 src=\"data:image\/svg+xml;base64,PHN2ZyB3aWR0aD0iMSIgaGVpZ2h0PSIxIiB4bWxucz0iaHR0cDovL3d3dy53My5vcmcvMjAwMC9zdmciPjwvc3ZnPg==\" class=\"lazyload\" style=\"--smush-placeholder-width: 16px; --smush-placeholder-aspect-ratio: 16\/16;\" \/><\/p>\n<div class=\"pvc_clear\"><\/div>\n","protected":false},"author":1,"featured_media":0,"comment_status":"closed","ping_status":"open","sticky":false,"template":"","format":"standard","meta":{"footnotes":""},"categories":[2,16],"tags":[],"class_list":["post-11847","post","type-post","status-publish","format-standard","hentry","category-eunice-gondim","category-mensagens-diversas"],"a3_pvc":{"activated":true,"total_views":2603,"today_views":0},"_links":{"self":[{"href":"https:\/\/www.centronocaminhodaluz.com.br\/index.php\/wp-json\/wp\/v2\/posts\/11847","targetHints":{"allow":["GET"]}}],"collection":[{"href":"https:\/\/www.centronocaminhodaluz.com.br\/index.php\/wp-json\/wp\/v2\/posts"}],"about":[{"href":"https:\/\/www.centronocaminhodaluz.com.br\/index.php\/wp-json\/wp\/v2\/types\/post"}],"author":[{"embeddable":true,"href":"https:\/\/www.centronocaminhodaluz.com.br\/index.php\/wp-json\/wp\/v2\/users\/1"}],"replies":[{"embeddable":true,"href":"https:\/\/www.centronocaminhodaluz.com.br\/index.php\/wp-json\/wp\/v2\/comments?post=11847"}],"version-history":[{"count":0,"href":"https:\/\/www.centronocaminhodaluz.com.br\/index.php\/wp-json\/wp\/v2\/posts\/11847\/revisions"}],"wp:attachment":[{"href":"https:\/\/www.centronocaminhodaluz.com.br\/index.php\/wp-json\/wp\/v2\/media?parent=11847"}],"wp:term":[{"taxonomy":"category","embeddable":true,"href":"https:\/\/www.centronocaminhodaluz.com.br\/index.php\/wp-json\/wp\/v2\/categories?post=11847"},{"taxonomy":"post_tag","embeddable":true,"href":"https:\/\/www.centronocaminhodaluz.com.br\/index.php\/wp-json\/wp\/v2\/tags?post=11847"}],"curies":[{"name":"wp","href":"https:\/\/api.w.org\/{rel}","templated":true}]}}