{"id":11863,"date":"2013-02-02T00:00:00","date_gmt":"2013-02-02T00:00:00","guid":{"rendered":""},"modified":"2013-02-02T00:00:00","modified_gmt":"2013-02-02T00:00:00","slug":"artigo11863","status":"publish","type":"post","link":"https:\/\/www.centronocaminhodaluz.com.br\/index.php\/artigo11863\/","title":{"rendered":"Livro Adolescencia e Vida &#8211; Joanna de Angelis 24. O adolescente e o perigo da AIDS"},"content":{"rendered":"<div align=left><em><strong>24. O adolescente e o perigo da AIDSA adolesc\u00eancia \u00e9 a formosa fase da exist\u00eancia f\u00edsica, na qual o sonho e a fantasia d\u00e3o-se as m\u00e3os, na busca do fant\u00e1stico e do deslumbramento. Rica de inexperi\u00eancias, o seu \u00e9 o campo da pesquisa, da viv\u00eancia e mediante esses comportamentos o jovem adquire maturidade, descobre o mundo e aprende a discernir entre aquilo que deve ou n\u00e3o fazer. Cada erro ensina-lhe a corrigir-se e a adquirir capacidade para o futuro acerto, desde que se encontre forrado de ideais de leg\u00edtimo interesse pela aprendizagem. Os seus par\u00e2metros renovam-se com muita frequ\u00eancia, porque a ilus\u00e3o de um momento se transforma em realidade noutro, assim impulsionando-o a novas tentativas.<br \/>Descobrindo a pr\u00f3pria sexualidade e a do seu pr\u00f3ximo, a curiosidade povoa-lhe o universo da mente e os desejos espocam no corpo em forma de ansiedade,\u00e0s vezes mal contida.<br \/>N\u00e3o tendo uma forma\u00e7\u00e3o \u00e9tica bem consolidada, e direcionado para a inicia\u00e7\u00e3o vulgar, rel\u00e2mpago, destitu\u00edda de compromisso, correndo o risco de contaminar-se de in\u00edmeras enfermidades, particularmente a s\u00edfilis com todo o seu s\u00e9quito de sequelas e a AIDS.<br \/>Evitando os mecanismos preventivos de cont\u00e1gio, ou porque a ocorr\u00eancia se apresenta precipitadamente, ou em circunst\u00e2ncias imprevistas, torna-se mais vulner\u00e1vel aos riscos das doen\u00e7as infecto-contagiosas, dentre as quais se destaca a ora denominada peste branca.<br \/>Outrossim, atra\u00eddo ao consumo de drogas injet\u00e1veis, entre tormentos e ansiedades volumosas, participa das sess\u00f5es coletivas, utilizando-se de agulhas usadas, que se fazem portadoras do v\u00edrus e torna-se, sem o perceber, soropositivo, abrindo campo para a degeneresc\u00eancia org\u00e2nica futura.<br \/>Somente a educa\u00e7\u00e3o dos h\u00e1bitos sexuais, atrav\u00e9s da disciplina bem direcionada, e a total abstin\u00eancia de uso de drogas de qualquer natureza, especialmente as injet\u00e1veis, podem assegurar ao indiv\u00edduo em geral e ao adolescente em particular permanecerem imunes\u00e0 AIDS.<br \/>Certamente existem os casos das transfus\u00f5es de sangue contaminado, que a neglig\u00eancia das autoridades sanit\u00e1rias e m\u00e9dicas podem e devem evitar, no entanto a ocorr\u00eancia de casos \u00e9 bem menor do que naqueles acima referidos.<br \/>Mesmo quando se recomenda o uso de preservativos para os relacionamentos sexuais seguros, merece seja considerado que o v\u00edrus da AIDS \u00e9 menor que o poro do l\u00e1tex, que \u00e9 a mat\u00e9ria prima essencial para a confec\u00e7\u00e3o dos mecanismos preventivos. Tem havido muitos casos, nos quais o espermatoz\u00f3ide atravessa o l\u00e1tex protetor e realiza a fecunda\u00e7\u00e3o feminina, isto porque o mesmo mede cerca de tr\u00eas m\u00edcrons, tamanho menor do que os poros do preservativo. Considerando-se que o v\u00edrus da AIDS \u00e9 dez vezes menor do que o espermatoz\u00f3ide, portanto, medindo aproximadamente 0,1 m\u00edcron, as possibilidades de atravessarem os poros do l\u00e1tex s\u00e3o incont\u00e1veis.<br \/>As pessoas gostam muito de vivenciar regimes de exce\u00e7\u00e3o e \u00e9 muito comum asseverarem que determinadas ocorr\u00eancias negativas n\u00e3o lhes acontecem, como se a sua leviandade as imunizasse contra as consequ\u00eancias desastrosas da insensatez.<br \/>Da mesma forma pensam, muitos adolescentes, que se entregam a riscos desnecess\u00e1rios, confiando na boa fortuna ou na fada madrinha, que os iriam proteger mesmo sem qualquer merecimento da parte deles.<br \/>Qualquer fator degenerativo, que decorra de contamina\u00e7\u00e3o microbiana ou vir\u00f3tica, atinge todas as criaturas humanas, n\u00e3o havendo pessoas imunes\u00e0 ocorr\u00eancia.<br \/>Os cientistas detectaram pouqu\u00edssimos indiv\u00edduos que se n\u00e3o contaminaram com o v\u00edrus HIV, n\u00e3o obstante os relacionamentos prom\u00edscuos que se t\u00eam permitido na \u00e1rea do sexo, e os estudam, procurando respostas para o fato, cujas raz\u00f5es devem encontrar-se na estrutura org\u00e2nica atrav\u00e9s de resist\u00eancias espec\u00edficas. Da raridade do acontecimento\u00e0 generaliza\u00e7\u00e3o, medeia, no entanto, uma dist\u00e2ncia infinita, que n\u00e3o pode ser ignorada.<br \/>Quando o indiv\u00edduo se permite licen\u00e7as morais, n\u00e3o apenas as suas defesas org\u00e2nicas entram em desequil\u00edbrio, mas tamb\u00e9m aquelas que procedem do Esp\u00edrito atrav\u00e9s do psiquismo, fonte geradora da vida. O h\u00e1bito doentio da permissividade produz enzimas ps\u00edquicas que agridem o sistema imunol\u00f3gico e desarticulam as defesas do corpo. Ademais, fazemos parte do grupo de estudiosos que acreditam possu\u00edrem, as c\u00e9lulas, um tipo de consci\u00eancia embrion\u00e1ria individual, que merece respeito, mediante cujo interc\u00e2mbio se obt\u00e9m a de natureza global, aquela que \u00e9 expressa pelas experi\u00eancias do ser espiritual.<br \/>Assim sendo, toda vez que a mente desavisada ou viciosa planeja atividades perturbadoras e vulgares, agride a consci\u00eancia de equil\u00edbrio com diversas c\u00e9lulas, que passam a funcionar irregularmente, dando in\u00edcio ao campo receptivo para as infec\u00e7\u00f5es, as contamina\u00e7\u00f5es. Esse acontecimento poderia ser ent\u00e3o considerado da seguinte forma: n\u00e3o s\u00e3o os microorganismos destrutivos que produzem as doen\u00e7as no ser humano, mas o psiquismo em deterioramento, que abre campo vibrat\u00f3rio para que os invasores se instalem e desenvolvam os processos de enfermidades.<br \/>A partir do momento em que se reconsiderem atitudes e linhas de pensamentos, contribui-se definitivamente para a mudan\u00e7a de campo propiciat\u00f3rio\u00e0 recomposi\u00e7\u00e3o da sa\u00edde, ao tempo em que as subst\u00e2ncias medicamentosas produzir\u00e3o os efeitos desejados por melhor receptividade celular.<br \/>A mente e o comportamento est\u00e3o associados aos complexos mecanismos da sa\u00edde e da doen\u00e7a, contribuindo de forma eficaz para a instala\u00e7\u00e3o de uma ou de outra.<br \/>No caso do adolescente, em raz\u00e3o da sua imaturidade e da falta de reflex\u00e3o mental no cotidiano, o problema das infec\u00e7\u00f5es \u00e9 muito mais perturbador, porquanto, ao detectar qualquer processo em instala\u00e7\u00e3o, o medo o assalta, passando a contribuir psiquicamente para a sua amplia\u00e7\u00e3o.<br \/>Uma conduta saud\u00e1vel, que resulta de pensamentos edificantes e equilibrados, constitui o melhor caminho para uma exist\u00eancia juvenil feliz, sem os riscos dos desequil\u00edbrios emocionais nem das enfermidades degenerativas, particularmente da AIDS, cuja cura ainda se encontra algo distante de ser conseguida, embora as not\u00edcias auspiciosas que aparecem a cada momento.<br \/>Vida, portanto, saud\u00e1vel, em qualquer per\u00edodo da exist\u00eancia, particularmente na adolesc\u00eancia, \u00e9 a receita para a felicidade.<\/strong><\/em><\/div>\n<div class=\"pvc_clear\"><\/div>\n<p id=\"pvc_stats_11863\" class=\"pvc_stats all  \" data-element-id=\"11863\" style=\"\"><i class=\"pvc-stats-icon medium\" aria-hidden=\"true\"><svg aria-hidden=\"true\" focusable=\"false\" data-prefix=\"far\" data-icon=\"chart-bar\" role=\"img\" xmlns=\"http:\/\/www.w3.org\/2000\/svg\" viewBox=\"0 0 512 512\" class=\"svg-inline--fa fa-chart-bar fa-w-16 fa-2x\"><path fill=\"currentColor\" d=\"M396.8 352h22.4c6.4 0 12.8-6.4 12.8-12.8V108.8c0-6.4-6.4-12.8-12.8-12.8h-22.4c-6.4 0-12.8 6.4-12.8 12.8v230.4c0 6.4 6.4 12.8 12.8 12.8zm-192 0h22.4c6.4 0 12.8-6.4 12.8-12.8V140.8c0-6.4-6.4-12.8-12.8-12.8h-22.4c-6.4 0-12.8 6.4-12.8 12.8v198.4c0 6.4 6.4 12.8 12.8 12.8zm96 0h22.4c6.4 0 12.8-6.4 12.8-12.8V204.8c0-6.4-6.4-12.8-12.8-12.8h-22.4c-6.4 0-12.8 6.4-12.8 12.8v134.4c0 6.4 6.4 12.8 12.8 12.8zM496 400H48V80c0-8.84-7.16-16-16-16H16C7.16 64 0 71.16 0 80v336c0 17.67 14.33 32 32 32h464c8.84 0 16-7.16 16-16v-16c0-8.84-7.16-16-16-16zm-387.2-48h22.4c6.4 0 12.8-6.4 12.8-12.8v-70.4c0-6.4-6.4-12.8-12.8-12.8h-22.4c-6.4 0-12.8 6.4-12.8 12.8v70.4c0 6.4 6.4 12.8 12.8 12.8z\" class=\"\"><\/path><\/svg><\/i> <img decoding=\"async\" width=\"16\" height=\"16\" alt=\"Loading\" data-src=\"https:\/\/www.centronocaminhodaluz.com.br\/wp-content\/plugins\/page-views-count\/ajax-loader-2x.gif\" border=0 src=\"data:image\/svg+xml;base64,PHN2ZyB3aWR0aD0iMSIgaGVpZ2h0PSIxIiB4bWxucz0iaHR0cDovL3d3dy53My5vcmcvMjAwMC9zdmciPjwvc3ZnPg==\" class=\"lazyload\" style=\"--smush-placeholder-width: 16px; --smush-placeholder-aspect-ratio: 16\/16;\" \/><\/p>\n<div class=\"pvc_clear\"><\/div>\n","protected":false},"excerpt":{"rendered":"<p>24. O adolescente e o perigo da AIDSA adolesc\u00eancia \u00e9 a formosa fase da exist\u00eancia f\u00edsica, na qual o sonho e a fantasia d\u00e3o-se as m\u00e3os, na busca do fant\u00e1stico e do deslumbramento. Rica de inexperi\u00eancias, o seu \u00e9 o campo da pesquisa, da viv\u00eancia e mediante esses comportamentos o jovem adquire maturidade, descobre o&hellip; <br \/> <a class=\"read-more\" href=\"https:\/\/www.centronocaminhodaluz.com.br\/index.php\/artigo11863\/\">Leia mais<\/a><\/p>\n<div class=\"pvc_clear\"><\/div>\n<p id=\"pvc_stats_11863\" class=\"pvc_stats all  \" data-element-id=\"11863\" style=\"\"><i class=\"pvc-stats-icon medium\" aria-hidden=\"true\"><svg aria-hidden=\"true\" focusable=\"false\" data-prefix=\"far\" data-icon=\"chart-bar\" role=\"img\" xmlns=\"http:\/\/www.w3.org\/2000\/svg\" viewBox=\"0 0 512 512\" class=\"svg-inline--fa fa-chart-bar fa-w-16 fa-2x\"><path fill=\"currentColor\" d=\"M396.8 352h22.4c6.4 0 12.8-6.4 12.8-12.8V108.8c0-6.4-6.4-12.8-12.8-12.8h-22.4c-6.4 0-12.8 6.4-12.8 12.8v230.4c0 6.4 6.4 12.8 12.8 12.8zm-192 0h22.4c6.4 0 12.8-6.4 12.8-12.8V140.8c0-6.4-6.4-12.8-12.8-12.8h-22.4c-6.4 0-12.8 6.4-12.8 12.8v198.4c0 6.4 6.4 12.8 12.8 12.8zm96 0h22.4c6.4 0 12.8-6.4 12.8-12.8V204.8c0-6.4-6.4-12.8-12.8-12.8h-22.4c-6.4 0-12.8 6.4-12.8 12.8v134.4c0 6.4 6.4 12.8 12.8 12.8zM496 400H48V80c0-8.84-7.16-16-16-16H16C7.16 64 0 71.16 0 80v336c0 17.67 14.33 32 32 32h464c8.84 0 16-7.16 16-16v-16c0-8.84-7.16-16-16-16zm-387.2-48h22.4c6.4 0 12.8-6.4 12.8-12.8v-70.4c0-6.4-6.4-12.8-12.8-12.8h-22.4c-6.4 0-12.8 6.4-12.8 12.8v70.4c0 6.4 6.4 12.8 12.8 12.8z\" class=\"\"><\/path><\/svg><\/i> <img decoding=\"async\" width=\"16\" height=\"16\" alt=\"Loading\" data-src=\"https:\/\/www.centronocaminhodaluz.com.br\/wp-content\/plugins\/page-views-count\/ajax-loader-2x.gif\" border=0 src=\"data:image\/svg+xml;base64,PHN2ZyB3aWR0aD0iMSIgaGVpZ2h0PSIxIiB4bWxucz0iaHR0cDovL3d3dy53My5vcmcvMjAwMC9zdmciPjwvc3ZnPg==\" class=\"lazyload\" style=\"--smush-placeholder-width: 16px; --smush-placeholder-aspect-ratio: 16\/16;\" \/><\/p>\n<div class=\"pvc_clear\"><\/div>\n","protected":false},"author":1,"featured_media":0,"comment_status":"Closed","ping_status":"open","sticky":false,"template":"","format":"standard","meta":{"footnotes":""},"categories":[6],"tags":[],"class_list":["post-11863","post","type-post","status-publish","format-standard","hentry","category-joanna-de-angelis"],"a3_pvc":{"activated":true,"total_views":1655,"today_views":0},"_links":{"self":[{"href":"https:\/\/www.centronocaminhodaluz.com.br\/index.php\/wp-json\/wp\/v2\/posts\/11863","targetHints":{"allow":["GET"]}}],"collection":[{"href":"https:\/\/www.centronocaminhodaluz.com.br\/index.php\/wp-json\/wp\/v2\/posts"}],"about":[{"href":"https:\/\/www.centronocaminhodaluz.com.br\/index.php\/wp-json\/wp\/v2\/types\/post"}],"author":[{"embeddable":true,"href":"https:\/\/www.centronocaminhodaluz.com.br\/index.php\/wp-json\/wp\/v2\/users\/1"}],"replies":[{"embeddable":true,"href":"https:\/\/www.centronocaminhodaluz.com.br\/index.php\/wp-json\/wp\/v2\/comments?post=11863"}],"version-history":[{"count":0,"href":"https:\/\/www.centronocaminhodaluz.com.br\/index.php\/wp-json\/wp\/v2\/posts\/11863\/revisions"}],"wp:attachment":[{"href":"https:\/\/www.centronocaminhodaluz.com.br\/index.php\/wp-json\/wp\/v2\/media?parent=11863"}],"wp:term":[{"taxonomy":"category","embeddable":true,"href":"https:\/\/www.centronocaminhodaluz.com.br\/index.php\/wp-json\/wp\/v2\/categories?post=11863"},{"taxonomy":"post_tag","embeddable":true,"href":"https:\/\/www.centronocaminhodaluz.com.br\/index.php\/wp-json\/wp\/v2\/tags?post=11863"}],"curies":[{"name":"wp","href":"https:\/\/api.w.org\/{rel}","templated":true}]}}