{"id":12183,"date":"2013-08-16T00:00:00","date_gmt":"2013-08-16T00:00:00","guid":{"rendered":""},"modified":"2013-08-16T00:00:00","modified_gmt":"2013-08-16T00:00:00","slug":"artigo12183","status":"publish","type":"post","link":"https:\/\/www.centronocaminhodaluz.com.br\/index.php\/artigo12183\/","title":{"rendered":"A  Caridade"},"content":{"rendered":"<p>                                A Caridade<\/p>\n<p>      Quando reflexionamos a respeito da caridade, lembramos das palavras do esp\u00edrito Andr\u00e9 Luiz que disse: que devemos analisar o que damos para que possamos avaliar o que receberemos. Quando nos arvoramos a fazer o bem e queremos receber o reconhecimento,queremos a troca,que a sociedade nos cobra e o nosso ego tamb\u00e9m nos pede. Os grandes s\u00e1bios e fil\u00f3sofos de todos os tempos eram indiferentes a essas honrarias. Buda aconselhava seus disc\u00edpulos: vivam ocultando suas grandes obras e exibam seus pecados. Tal ensinamento n\u00e3o \u00e9 exclusividade do Budismo.No novo testamento, o Mestre Jesus d\u00e1 um exemplo de completa humildade pessoal e em momentos decisivos do Evangelho,recusa-se a fazer milagres ou demonstrar os seus poderes mesmo sabendo que por isso seria torturado at\u00e9 a morte.<br \/>\n<br \/>      O maior desafio da maturidade \u00e9 aprender a interpretar corretamente os valores essenciais da vida e \u00e9 uma aprendizagem que nunca termina,porque temos os dois polos da nossa natureza humana,o material e o espiritual,embora, haja uma luta acirrada entre esp\u00edrito e mat\u00e9ria, \u00e9 uma luta necess\u00e1ria para que diante das tarefas da vida e do progresso possamos estabelecer uma perfeita harmonia e equil\u00edbrio entre eles. As palavras bonitas do moralista que fala,muitas vezes n\u00e3o se identifica com o moralizador que faz, que age,pois h\u00e1 quem conhece a palavra, a letra, mas desconhece a viv\u00eancia, pois, as palavras podem se transformar como folhas soltas que se perdem ao vento, mas, a a\u00e7\u00e3o, essa deixa a sua marca para sempre. O grande desafio do homem \u00e9 viver de tal forma que o seu exemplo seja um Evangelho que as pessoas possam estudar. Mas a grande decep\u00e7\u00e3o que sofremos \u00e9 quando a nossa consci\u00eancia dispara o alarme fazendo acender a luz que nos mostra o abismo existente entre as nossas palavras e as nossas a\u00e7\u00f5es. E h\u00e1 uma narrativa que ilustra a necessidade da nossa prepara\u00e7\u00e3o moral e espiritual como primeira preocupa\u00e7\u00e3o do ser humano.<br \/>\n<br \/>      Certa vez um jovem muito rico procurou um s\u00e1bio e lhe pediu um conselho para orientar a vida. O velho s\u00e1bio o conduziu at\u00e9 uma janela e perguntou-lhe:<br \/>\n<br \/>&#8211; O que v\u00eas atrav\u00e9s dos vidros?<br \/>\n<br \/>&#8211; Vejo homens que v\u00e3o e voltam e um cego pedindo esmolas na rua.<br \/>\n<br \/>&#8211; Ent\u00e3o,o s\u00e1bio mostrou-lhe um grande espelho e novamente interrogou.<br \/>\n<br \/>&#8211; Olha nesse espelho e dize-me agora o que v\u00eas?<br \/>\n<br \/>&#8211; Vejo-me a mim mesmo.<br \/>\n<br \/>&#8211; J\u00e1 n\u00e3o v\u00eas os outros. Repara que a janela e o espelho s\u00e3o ambos feitos da mesma mat\u00e9ria prima, o vidro,mas, no espelho porque h\u00e1 uma fina camada de prata colada no vidro, n\u00e3o v\u00eas mais do que a tua pessoa. Deves comparar-te a estas duas esp\u00e9cies de vidro. Pobre vias os outros e tinhas compaix\u00e3o por eles. Coberto de prata, rico, v\u00ea apenas a ti mesmo. Tu s\u00f3 valer\u00e1s alguma coisa quando tiveres coragem moral de arrancar o revestimento de prata que tapa os olhos, para poderes de novo ver e amar os outros. Quando Jesus disse: n\u00e3o amemos de palavra nem de l\u00edngua mas por obra e em verdade. Foi com essa no\u00e7\u00e3o de caridade que o Mestre trouxe um novo elemento para resolvermos o problema da conquista do amor e Ele nos convida para que busquemos duas orienta\u00e7\u00f5es precisas,uma, a de edificar o bem, a outra de que \u00e9 preciso eliminar o mal e para sermos eficientes nesse empenho \u00e9 importante que ao realizarmos o bem somos convidados a pensar no que falta ao nosso pr\u00f3ximo e ao combatermos o mal possamos refletir do que sobra em n\u00f3s. E Jesus com Sua ess\u00eancia divina e com Seu grito de mudan\u00e7a atrav\u00e9s dos Seus ensinamentos agiu como humano e Ele espera que n\u00f3s humanos venhamos a agir como divinos a fim de que herdemos as suas qualidades espirituais,pois \u00e9 o dom de amar que ilumina todas as percep\u00e7\u00f5es do bem no nosso cora\u00e7\u00e3o.<br \/>\n<br \/>       Quando o sentimento de amor se apossa dos sentimentos humanos, ele espalha-se e dirige todas as formas de comportamento gerando uma saud\u00e1vel liga\u00e7\u00e3o entre as pessoas, para que os afetos do cora\u00e7\u00e3o se multipliquem e que todos se ajudem reciprocamente contribuindo para a felicidade de uns aos outros. Continuemos plantando por onde passarmos, sem medida,sem restri\u00e7\u00f5es, sem inveja,sem ci\u00edmes, sem barreiras ideol\u00f3gicas ou familiares aquela semente que o meigo Rabi da Galil\u00e9ia nos deu pronta para semear: o amor.  <\/p>\n<p>       <\/p>\n<div class=\"pvc_clear\"><\/div>\n<p id=\"pvc_stats_12183\" class=\"pvc_stats all  \" data-element-id=\"12183\" style=\"\"><i class=\"pvc-stats-icon medium\" aria-hidden=\"true\"><svg aria-hidden=\"true\" focusable=\"false\" data-prefix=\"far\" data-icon=\"chart-bar\" role=\"img\" xmlns=\"http:\/\/www.w3.org\/2000\/svg\" viewBox=\"0 0 512 512\" class=\"svg-inline--fa fa-chart-bar fa-w-16 fa-2x\"><path fill=\"currentColor\" d=\"M396.8 352h22.4c6.4 0 12.8-6.4 12.8-12.8V108.8c0-6.4-6.4-12.8-12.8-12.8h-22.4c-6.4 0-12.8 6.4-12.8 12.8v230.4c0 6.4 6.4 12.8 12.8 12.8zm-192 0h22.4c6.4 0 12.8-6.4 12.8-12.8V140.8c0-6.4-6.4-12.8-12.8-12.8h-22.4c-6.4 0-12.8 6.4-12.8 12.8v198.4c0 6.4 6.4 12.8 12.8 12.8zm96 0h22.4c6.4 0 12.8-6.4 12.8-12.8V204.8c0-6.4-6.4-12.8-12.8-12.8h-22.4c-6.4 0-12.8 6.4-12.8 12.8v134.4c0 6.4 6.4 12.8 12.8 12.8zM496 400H48V80c0-8.84-7.16-16-16-16H16C7.16 64 0 71.16 0 80v336c0 17.67 14.33 32 32 32h464c8.84 0 16-7.16 16-16v-16c0-8.84-7.16-16-16-16zm-387.2-48h22.4c6.4 0 12.8-6.4 12.8-12.8v-70.4c0-6.4-6.4-12.8-12.8-12.8h-22.4c-6.4 0-12.8 6.4-12.8 12.8v70.4c0 6.4 6.4 12.8 12.8 12.8z\" class=\"\"><\/path><\/svg><\/i> <img decoding=\"async\" width=\"16\" height=\"16\" alt=\"Loading\" data-src=\"https:\/\/www.centronocaminhodaluz.com.br\/wp-content\/plugins\/page-views-count\/ajax-loader-2x.gif\" border=0 src=\"data:image\/svg+xml;base64,PHN2ZyB3aWR0aD0iMSIgaGVpZ2h0PSIxIiB4bWxucz0iaHR0cDovL3d3dy53My5vcmcvMjAwMC9zdmciPjwvc3ZnPg==\" class=\"lazyload\" style=\"--smush-placeholder-width: 16px; --smush-placeholder-aspect-ratio: 16\/16;\" \/><\/p>\n<div class=\"pvc_clear\"><\/div>\n","protected":false},"excerpt":{"rendered":"<p>A Caridade Quando reflexionamos a respeito da caridade, lembramos das palavras do esp\u00edrito Andr\u00e9 Luiz que disse: que devemos analisar o que damos para que possamos avaliar o que receberemos. Quando nos arvoramos a fazer o bem e queremos receber o reconhecimento,queremos a troca,que a sociedade nos cobra e o nosso ego tamb\u00e9m nos pede.&hellip; <br \/> <a class=\"read-more\" href=\"https:\/\/www.centronocaminhodaluz.com.br\/index.php\/artigo12183\/\">Leia mais<\/a><\/p>\n<div class=\"pvc_clear\"><\/div>\n<p id=\"pvc_stats_12183\" class=\"pvc_stats all  \" data-element-id=\"12183\" style=\"\"><i class=\"pvc-stats-icon medium\" aria-hidden=\"true\"><svg aria-hidden=\"true\" focusable=\"false\" data-prefix=\"far\" data-icon=\"chart-bar\" role=\"img\" xmlns=\"http:\/\/www.w3.org\/2000\/svg\" viewBox=\"0 0 512 512\" class=\"svg-inline--fa fa-chart-bar fa-w-16 fa-2x\"><path fill=\"currentColor\" d=\"M396.8 352h22.4c6.4 0 12.8-6.4 12.8-12.8V108.8c0-6.4-6.4-12.8-12.8-12.8h-22.4c-6.4 0-12.8 6.4-12.8 12.8v230.4c0 6.4 6.4 12.8 12.8 12.8zm-192 0h22.4c6.4 0 12.8-6.4 12.8-12.8V140.8c0-6.4-6.4-12.8-12.8-12.8h-22.4c-6.4 0-12.8 6.4-12.8 12.8v198.4c0 6.4 6.4 12.8 12.8 12.8zm96 0h22.4c6.4 0 12.8-6.4 12.8-12.8V204.8c0-6.4-6.4-12.8-12.8-12.8h-22.4c-6.4 0-12.8 6.4-12.8 12.8v134.4c0 6.4 6.4 12.8 12.8 12.8zM496 400H48V80c0-8.84-7.16-16-16-16H16C7.16 64 0 71.16 0 80v336c0 17.67 14.33 32 32 32h464c8.84 0 16-7.16 16-16v-16c0-8.84-7.16-16-16-16zm-387.2-48h22.4c6.4 0 12.8-6.4 12.8-12.8v-70.4c0-6.4-6.4-12.8-12.8-12.8h-22.4c-6.4 0-12.8 6.4-12.8 12.8v70.4c0 6.4 6.4 12.8 12.8 12.8z\" class=\"\"><\/path><\/svg><\/i> <img decoding=\"async\" width=\"16\" height=\"16\" alt=\"Loading\" data-src=\"https:\/\/www.centronocaminhodaluz.com.br\/wp-content\/plugins\/page-views-count\/ajax-loader-2x.gif\" border=0 src=\"data:image\/svg+xml;base64,PHN2ZyB3aWR0aD0iMSIgaGVpZ2h0PSIxIiB4bWxucz0iaHR0cDovL3d3dy53My5vcmcvMjAwMC9zdmciPjwvc3ZnPg==\" class=\"lazyload\" style=\"--smush-placeholder-width: 16px; --smush-placeholder-aspect-ratio: 16\/16;\" \/><\/p>\n<div class=\"pvc_clear\"><\/div>\n","protected":false},"author":1,"featured_media":0,"comment_status":"Closed","ping_status":"open","sticky":false,"template":"","format":"standard","meta":{"footnotes":""},"categories":[16],"tags":[],"class_list":["post-12183","post","type-post","status-publish","format-standard","hentry","category-mensagens-diversas"],"a3_pvc":{"activated":true,"total_views":646,"today_views":0},"_links":{"self":[{"href":"https:\/\/www.centronocaminhodaluz.com.br\/index.php\/wp-json\/wp\/v2\/posts\/12183","targetHints":{"allow":["GET"]}}],"collection":[{"href":"https:\/\/www.centronocaminhodaluz.com.br\/index.php\/wp-json\/wp\/v2\/posts"}],"about":[{"href":"https:\/\/www.centronocaminhodaluz.com.br\/index.php\/wp-json\/wp\/v2\/types\/post"}],"author":[{"embeddable":true,"href":"https:\/\/www.centronocaminhodaluz.com.br\/index.php\/wp-json\/wp\/v2\/users\/1"}],"replies":[{"embeddable":true,"href":"https:\/\/www.centronocaminhodaluz.com.br\/index.php\/wp-json\/wp\/v2\/comments?post=12183"}],"version-history":[{"count":0,"href":"https:\/\/www.centronocaminhodaluz.com.br\/index.php\/wp-json\/wp\/v2\/posts\/12183\/revisions"}],"wp:attachment":[{"href":"https:\/\/www.centronocaminhodaluz.com.br\/index.php\/wp-json\/wp\/v2\/media?parent=12183"}],"wp:term":[{"taxonomy":"category","embeddable":true,"href":"https:\/\/www.centronocaminhodaluz.com.br\/index.php\/wp-json\/wp\/v2\/categories?post=12183"},{"taxonomy":"post_tag","embeddable":true,"href":"https:\/\/www.centronocaminhodaluz.com.br\/index.php\/wp-json\/wp\/v2\/tags?post=12183"}],"curies":[{"name":"wp","href":"https:\/\/api.w.org\/{rel}","templated":true}]}}