{"id":12640,"date":"2016-02-04T13:12:00","date_gmt":"2016-02-04T13:12:00","guid":{"rendered":"http:\/\/www.centronocaminhodaluz.com.br\/index.php\/artigo12640\/"},"modified":"2016-02-10T10:54:38","modified_gmt":"2016-02-10T12:54:38","slug":"artigo12640","status":"publish","type":"post","link":"https:\/\/www.centronocaminhodaluz.com.br\/index.php\/artigo12640\/","title":{"rendered":"Com jeito vai&#8230; se n\u00e3o, um dia, a casa cai &#8211; Pedro Fagundes Azevedo"},"content":{"rendered":"<p>Pedro Fagundes Azevedo, ex-presidente da Legi\u00e3o Esp\u00edrita de Porto Alegre Contribui\u00e7\u00e3o de Pedro<\/p>\n<p>Sou do tempo das marchinhas carnavalescas que a gente decorava espontaneamente em fevereiro e depois  ficavam ecoando o ano inteiro em nossos ouvidos. Com o tempo, passaram a ser substitu\u00eddas pelos enredos das Escolas de Samba  que hoje ningu\u00e9m entende e ningu\u00e9m recorda. Lembro-me ainda de um estribilho, de 1979, que dizia  \u201cmenina vai, com jeito vai, se n\u00e3o um dia a casa cai. Mas, no meio da folia a turma deturpava a letra, que ficava assim: \u201cse n\u00e3o, um dia, as cal\u00e7as caem\u201d. Era o supremo escracho, numa \u00e9poca pautada por padr\u00f5es de respeito que pouco a pouco foram sendo banalizados por essa  moral de cuecas que a\u00ed est\u00e1, trazida principalmente pela televis\u00e3o. <\/p>\n<p>O fato, por\u00e9m, \u00e9 que  na atualidade  muitas pessoas, ingenuamente, acreditam que a participa\u00e7\u00e3o nas festas de Momo, t\u00e3o do agrado dos brasileiros, n\u00e3o tem nada de mal.. E, de fato, n\u00e3o haveria preju\u00edzo maior, se todos pensassem e brincassem num clima sadio, de legitima confraterniza\u00e7\u00e3o. Infelizmente, por\u00e9m, a realidade \u00e9 bem diferente. Vejamos, por exemplo, as conclus\u00f5es a que chegou um grupo de psic\u00f3logos que analisou o carnaval, segundo mat\u00e9ria publicada j\u00e1 h\u00e1 algum tempo no Correio Brasiliense,  jornal da Capital da Rep\u00fablica: <\/p>\n<p>&#8220;(\u2026) de cada dez casais que caem juntos na folia, sete terminam a noite brigados (cenas de ci\u00fame, intrigas, etc.); que, desses mesmos dez casais, posteriormente, tr\u00eas se transformam em adult\u00e9rio; que de cada dez pessoas (homens e mulheres) no carnaval, pelo menos sete se submetem a coisas que abominam no seu dia-a-dia, como o \u00e1lcool e outras drogas (\u2026). Conclu\u00edram que tudo isto decorre do \u00eaxtase atingido na grande festa, quando o s\u00edmbolo da liberdade, da igualdade, mas tamb\u00e9m da orgia e da deprava\u00e7\u00e3o, estimulado pelo \u00e1lcool leva as pessoas a se comportarem fora de seus padr\u00f5es normais (\u2026)&#8221;. <\/p>\n<p>Um detalhe importante que, provavelmente, eles n\u00e3o sabem, \u00e9 que no plano invis\u00edvel a turma do astral inferior tamb\u00e9m se prepara e vem aos magotes participar dos folguedos carnavalescos. Na psicosfera criada por mentes convulsionadas pela orgia, os esp\u00edritos das trevas encontram terreno prop\u00edcio para influenciarem negativamente, fomentando desvios de conduta, paix\u00f5es grosseiras, agress\u00f5es de toda a sorte e, ainda, astuciosas ciladas. No livro &#8220;Nas Fronteiras da Loucura&#8221;, psicografado por Divaldo Pereira Franco, s\u00e3o focalizados v\u00e1rios desses processos obsessivos, sobre pessoas imprevidentes, que pensavam apenas em se divertir no carnaval do Rio. Mostra tamb\u00e9m o infatig\u00e1vel trabalho dos esp\u00edritos do bem, a servi\u00e7o de Jesus, procurando diminuir o \u00edndice de desvarios e de desfechos profundamente infelizes. <\/p>\n<p>S\u00f3 por essa amostra j\u00e1 d\u00e1 pra ver como \u00e9 dif\u00edcil, para qualquer crist\u00e3o, passar inc\u00f3lume pelos ambientes momescos. Por maior que seja a sua f\u00e9, os riscos de contrariedades e aborrecimentos s\u00e3o muito grandes. Fiquemos, portanto, com o ap\u00f3stolo Paulo, que dizia &#8220;tudo me \u00e9 l\u00edcito, mas nem tudo me conv\u00e9m&#8221;. (I Cor. 6,12).<\/p>\n<div class=\"pvc_clear\"><\/div>\n<p id=\"pvc_stats_12640\" class=\"pvc_stats all  \" data-element-id=\"12640\" style=\"\"><i class=\"pvc-stats-icon medium\" aria-hidden=\"true\"><svg aria-hidden=\"true\" focusable=\"false\" data-prefix=\"far\" data-icon=\"chart-bar\" role=\"img\" xmlns=\"http:\/\/www.w3.org\/2000\/svg\" viewBox=\"0 0 512 512\" class=\"svg-inline--fa fa-chart-bar fa-w-16 fa-2x\"><path fill=\"currentColor\" d=\"M396.8 352h22.4c6.4 0 12.8-6.4 12.8-12.8V108.8c0-6.4-6.4-12.8-12.8-12.8h-22.4c-6.4 0-12.8 6.4-12.8 12.8v230.4c0 6.4 6.4 12.8 12.8 12.8zm-192 0h22.4c6.4 0 12.8-6.4 12.8-12.8V140.8c0-6.4-6.4-12.8-12.8-12.8h-22.4c-6.4 0-12.8 6.4-12.8 12.8v198.4c0 6.4 6.4 12.8 12.8 12.8zm96 0h22.4c6.4 0 12.8-6.4 12.8-12.8V204.8c0-6.4-6.4-12.8-12.8-12.8h-22.4c-6.4 0-12.8 6.4-12.8 12.8v134.4c0 6.4 6.4 12.8 12.8 12.8zM496 400H48V80c0-8.84-7.16-16-16-16H16C7.16 64 0 71.16 0 80v336c0 17.67 14.33 32 32 32h464c8.84 0 16-7.16 16-16v-16c0-8.84-7.16-16-16-16zm-387.2-48h22.4c6.4 0 12.8-6.4 12.8-12.8v-70.4c0-6.4-6.4-12.8-12.8-12.8h-22.4c-6.4 0-12.8 6.4-12.8 12.8v70.4c0 6.4 6.4 12.8 12.8 12.8z\" class=\"\"><\/path><\/svg><\/i> <img decoding=\"async\" width=\"16\" height=\"16\" alt=\"Loading\" data-src=\"https:\/\/www.centronocaminhodaluz.com.br\/wp-content\/plugins\/page-views-count\/ajax-loader-2x.gif\" border=0 src=\"data:image\/svg+xml;base64,PHN2ZyB3aWR0aD0iMSIgaGVpZ2h0PSIxIiB4bWxucz0iaHR0cDovL3d3dy53My5vcmcvMjAwMC9zdmciPjwvc3ZnPg==\" class=\"lazyload\" style=\"--smush-placeholder-width: 16px; --smush-placeholder-aspect-ratio: 16\/16;\" \/><\/p>\n<div class=\"pvc_clear\"><\/div>\n","protected":false},"excerpt":{"rendered":"<p>Pedro Fagundes Azevedo, ex-presidente da Legi\u00e3o Esp\u00edrita de Porto Alegre Contribui\u00e7\u00e3o de Pedro Sou do tempo das marchinhas carnavalescas que a gente decorava espontaneamente em fevereiro e depois ficavam ecoando o ano inteiro em nossos ouvidos. Com o tempo, passaram a ser substitu\u00eddas pelos enredos das Escolas de Samba que hoje ningu\u00e9m entende e ningu\u00e9m&hellip; <br \/> <a class=\"read-more\" href=\"https:\/\/www.centronocaminhodaluz.com.br\/index.php\/artigo12640\/\">Leia mais<\/a><\/p>\n<div class=\"pvc_clear\"><\/div>\n<p id=\"pvc_stats_12640\" class=\"pvc_stats all  \" data-element-id=\"12640\" style=\"\"><i class=\"pvc-stats-icon medium\" aria-hidden=\"true\"><svg aria-hidden=\"true\" focusable=\"false\" data-prefix=\"far\" data-icon=\"chart-bar\" role=\"img\" xmlns=\"http:\/\/www.w3.org\/2000\/svg\" viewBox=\"0 0 512 512\" class=\"svg-inline--fa fa-chart-bar fa-w-16 fa-2x\"><path fill=\"currentColor\" d=\"M396.8 352h22.4c6.4 0 12.8-6.4 12.8-12.8V108.8c0-6.4-6.4-12.8-12.8-12.8h-22.4c-6.4 0-12.8 6.4-12.8 12.8v230.4c0 6.4 6.4 12.8 12.8 12.8zm-192 0h22.4c6.4 0 12.8-6.4 12.8-12.8V140.8c0-6.4-6.4-12.8-12.8-12.8h-22.4c-6.4 0-12.8 6.4-12.8 12.8v198.4c0 6.4 6.4 12.8 12.8 12.8zm96 0h22.4c6.4 0 12.8-6.4 12.8-12.8V204.8c0-6.4-6.4-12.8-12.8-12.8h-22.4c-6.4 0-12.8 6.4-12.8 12.8v134.4c0 6.4 6.4 12.8 12.8 12.8zM496 400H48V80c0-8.84-7.16-16-16-16H16C7.16 64 0 71.16 0 80v336c0 17.67 14.33 32 32 32h464c8.84 0 16-7.16 16-16v-16c0-8.84-7.16-16-16-16zm-387.2-48h22.4c6.4 0 12.8-6.4 12.8-12.8v-70.4c0-6.4-6.4-12.8-12.8-12.8h-22.4c-6.4 0-12.8 6.4-12.8 12.8v70.4c0 6.4 6.4 12.8 12.8 12.8z\" class=\"\"><\/path><\/svg><\/i> <img decoding=\"async\" width=\"16\" height=\"16\" alt=\"Loading\" data-src=\"https:\/\/www.centronocaminhodaluz.com.br\/wp-content\/plugins\/page-views-count\/ajax-loader-2x.gif\" border=0 src=\"data:image\/svg+xml;base64,PHN2ZyB3aWR0aD0iMSIgaGVpZ2h0PSIxIiB4bWxucz0iaHR0cDovL3d3dy53My5vcmcvMjAwMC9zdmciPjwvc3ZnPg==\" class=\"lazyload\" style=\"--smush-placeholder-width: 16px; --smush-placeholder-aspect-ratio: 16\/16;\" \/><\/p>\n<div class=\"pvc_clear\"><\/div>\n","protected":false},"author":1,"featured_media":0,"comment_status":"closed","ping_status":"open","sticky":false,"template":"","format":"standard","meta":{"footnotes":""},"categories":[9,16],"tags":[],"class_list":["post-12640","post","type-post","status-publish","format-standard","hentry","category-pedro-fagundes-azevedo","category-mensagens-diversas"],"a3_pvc":{"activated":true,"total_views":3018,"today_views":0},"_links":{"self":[{"href":"https:\/\/www.centronocaminhodaluz.com.br\/index.php\/wp-json\/wp\/v2\/posts\/12640","targetHints":{"allow":["GET"]}}],"collection":[{"href":"https:\/\/www.centronocaminhodaluz.com.br\/index.php\/wp-json\/wp\/v2\/posts"}],"about":[{"href":"https:\/\/www.centronocaminhodaluz.com.br\/index.php\/wp-json\/wp\/v2\/types\/post"}],"author":[{"embeddable":true,"href":"https:\/\/www.centronocaminhodaluz.com.br\/index.php\/wp-json\/wp\/v2\/users\/1"}],"replies":[{"embeddable":true,"href":"https:\/\/www.centronocaminhodaluz.com.br\/index.php\/wp-json\/wp\/v2\/comments?post=12640"}],"version-history":[{"count":0,"href":"https:\/\/www.centronocaminhodaluz.com.br\/index.php\/wp-json\/wp\/v2\/posts\/12640\/revisions"}],"wp:attachment":[{"href":"https:\/\/www.centronocaminhodaluz.com.br\/index.php\/wp-json\/wp\/v2\/media?parent=12640"}],"wp:term":[{"taxonomy":"category","embeddable":true,"href":"https:\/\/www.centronocaminhodaluz.com.br\/index.php\/wp-json\/wp\/v2\/categories?post=12640"},{"taxonomy":"post_tag","embeddable":true,"href":"https:\/\/www.centronocaminhodaluz.com.br\/index.php\/wp-json\/wp\/v2\/tags?post=12640"}],"curies":[{"name":"wp","href":"https:\/\/api.w.org\/{rel}","templated":true}]}}