{"id":12931,"date":"2016-04-13T08:22:00","date_gmt":"2016-04-13T08:22:00","guid":{"rendered":"http:\/\/www.centronocaminhodaluz.com.br\/index.php\/artigo12931\/"},"modified":"2016-04-13T08:38:02","modified_gmt":"2016-04-13T11:38:02","slug":"artigo12931","status":"publish","type":"post","link":"https:\/\/www.centronocaminhodaluz.com.br\/index.php\/artigo12931\/","title":{"rendered":"Baixa estima &#8211; Hammed"},"content":{"rendered":"<p>Hammed <\/p>\n<p>O complexo de inferioridade consiste em um conjunto de id\u00e9ias que foram recalcadas no inconsciente da criatura em tenra idade, associadas \u00e0s j\u00e1 existentes pelas experi\u00eancias obtidas em vidas pret\u00e9ritas.<br \/>\n<br \/>Ele age sobre a conduta humana, provocando sentimentos gratuitos de culpa, excessiva carga emotiva relacionada a pensamentos de baixa estima, freq\u00fcente sensa\u00e7\u00e3o de inadequa\u00e7\u00e3o e constante frustra\u00e7\u00e3o em decorr\u00eancia da desvaloriza\u00e7\u00e3o da capacidade e habilidade pessoal.<br \/>\n<br \/>O sentimento de auto piedade pode nos tornar doentes fisicamente.<br \/>\n<br \/>Uma esp\u00e9cie de \u201cinvalidez ps\u00edquica\u201d envolve-nos a exist\u00eancia e, a partir da\u00ed, sentimo-nos inferiores e incapazes, levados a uma perda total da confian\u00e7a em n\u00f3s mesmos.<br \/>\n<br \/>A piedade aqui referenciada, \u00e9 o sofrimento moral de pesar ou afli\u00e7\u00e3o que sentimos por autopuni\u00e7\u00e3o.<br \/>\n<br \/>Ter pena ou d\u00f3, em muitas circunst\u00e2ncias, pode n\u00e3o ser um sentimento verdadeiro, mas sim uma obriga\u00e7\u00e3o social aprendida, a ser demonstrada diante do infort\u00fanio alheio.<br \/>\n<br \/>No entanto, a sensa\u00e7\u00e3o que experimentamos de amor, permeada de respeito e afei\u00e7\u00e3o pelos outros, revela-nos os reais sentimentos denominados de benevol\u00eancia e compaix\u00e3o.<br \/>\n<br \/>A baixa estima ou auto piedade, pode nos levar a ser v\u00edtimas de n\u00f3s mesmos, pois estaremos somatizando essas emo\u00e7\u00f5es negativas em forma de doen\u00e7as.<br \/>\n<br \/>Os sintomas da enfermidade podem ser considerados a forma f\u00edsica de expressar uma atitude interna, ou mesmo um conflito.<br \/>\n<br \/>Portanto, doentes n\u00e3o s\u00e3o somente as v\u00edtimas inocentes de algum desarranjo da natureza, mas tamb\u00e9m os facilitadores de sua pr\u00f3pria mol\u00e9stia.<br \/>\n<br \/>O acontecimento em si mesmo, nunca tem muito sentido; precisamos aprender a discernir o que h\u00e1 por tr\u00e1s do aspecto f\u00edsico, ou seja, atingir o conte\u00fado metaf\u00edsico das coisas.<br \/>\n<br \/>A import\u00e2ncia e a mensagem de um fato ou de um acontecimento somente aparecem clarificadas, quando interpretados em sua significa\u00e7\u00e3o; \u00e9 isso que nos permite a compreens\u00e3o completa de seu sentido.<br \/>\n<br \/>Quando deixamos de interpretar as ocorr\u00eancias da vida e o segmento natural que implicar\u00e1 seu destino, nossa exist\u00eancia mergulhar\u00e1 numa total falta de sentido.<br \/>\n<br \/>A doen\u00e7a sempre tem uma intencionalidade e um objetivo, surgindo nas criaturas de baixa estima a fim de alert\u00e1-las de que existe uma descompensa\u00e7\u00e3o ps\u00edquica (seu sentimento de inferioridade) e da necessidade de harmoniz\u00e1-la.<br \/>\n<br \/>O sentimento de inferioridade ou de baixa estima associa as criaturas a uma resigna\u00e7\u00e3o exagerada, a um autodesleixo ou descuido das coisas pessoais.<br \/>\n<br \/>A perda do senso de autovaloriza\u00e7\u00e3o \u00e9 tamb\u00e9m conseq\u00fc\u00eancia do sentimento de inferioridade, que remete os indiv\u00edduos \u00e0 viv\u00eancia entre \u201ch\u00e1bitos cronometrados\u201d e a uma \u201cmecaniza\u00e7\u00e3o dos costumes\u201d.<br \/>\n<br \/>Aqui est\u00e3o algumas afirma\u00e7\u00f5es, que, se observadas com aten\u00e7\u00e3o, poder\u00e3o nos ajudar a reconquistar a autoconfian\u00e7a perdida:<br \/>\n<br \/>&#8211; somos potencialmente capazes de tomar decis\u00f5es sem ter que recorrer a intermin\u00e1veis conselhos;<br \/>\n<br \/>&#8211; possu\u00edmos uma individualidade divina completamente distinta da dos outros;<br \/>\n<br \/>&#8211;  fazemos as coisas porque gostamos, n\u00e3o para agradar as pessoas;<br \/>\n<br \/>&#8211; encontraremos sempre novos relacionamentos; por isso n\u00e3o temos medo de ser abandonados;<br \/>\n<br \/>&#8211; usaremos, constantemente, de nosso bom senso; portanto, as cr\u00edticas e as desaprova\u00e7\u00f5es n\u00e3o nos atingir\u00e3o com facilidade;<br \/>\n<br \/>&#8211; tomaremos nossas pr\u00f3prias decis\u00f5es, respeitando, por\u00e9m, a dos outros.<br \/>\n<br \/>\u00c9 essencial lembrar-nos de que sempre \u00e9 poss\u00edvel alterar ou transformar nosso \u201cestilo de vida\u201d.<br \/>\n<br \/>Para tanto, n\u00e3o duvidemos de nossas aptid\u00f5es e voca\u00e7\u00f5es naturais, nem questionaremos, sistematicamente, nossas for\u00e7as interiores.<br \/>\n<br \/>Para obtermos autoconfian\u00e7a, somente \u00e9 preciso reivindicarmos, valorosamente, o que j\u00e1 existe em n\u00f3s por direito divino.<\/p>\n<p>Autor: Francisco do Esp\u00edrito Santo Neto<br \/>\n<br \/>Pelo Esp\u00edrito Hammed<br \/>\n<br \/> Extra\u00eddo do livro \u201cAs dores da Alma\u201d.<br \/>\n<\/p>\n<div class=\"pvc_clear\"><\/div>\n<p id=\"pvc_stats_12931\" class=\"pvc_stats all  \" data-element-id=\"12931\" style=\"\"><i class=\"pvc-stats-icon medium\" aria-hidden=\"true\"><svg aria-hidden=\"true\" focusable=\"false\" data-prefix=\"far\" data-icon=\"chart-bar\" role=\"img\" xmlns=\"http:\/\/www.w3.org\/2000\/svg\" viewBox=\"0 0 512 512\" class=\"svg-inline--fa fa-chart-bar fa-w-16 fa-2x\"><path fill=\"currentColor\" d=\"M396.8 352h22.4c6.4 0 12.8-6.4 12.8-12.8V108.8c0-6.4-6.4-12.8-12.8-12.8h-22.4c-6.4 0-12.8 6.4-12.8 12.8v230.4c0 6.4 6.4 12.8 12.8 12.8zm-192 0h22.4c6.4 0 12.8-6.4 12.8-12.8V140.8c0-6.4-6.4-12.8-12.8-12.8h-22.4c-6.4 0-12.8 6.4-12.8 12.8v198.4c0 6.4 6.4 12.8 12.8 12.8zm96 0h22.4c6.4 0 12.8-6.4 12.8-12.8V204.8c0-6.4-6.4-12.8-12.8-12.8h-22.4c-6.4 0-12.8 6.4-12.8 12.8v134.4c0 6.4 6.4 12.8 12.8 12.8zM496 400H48V80c0-8.84-7.16-16-16-16H16C7.16 64 0 71.16 0 80v336c0 17.67 14.33 32 32 32h464c8.84 0 16-7.16 16-16v-16c0-8.84-7.16-16-16-16zm-387.2-48h22.4c6.4 0 12.8-6.4 12.8-12.8v-70.4c0-6.4-6.4-12.8-12.8-12.8h-22.4c-6.4 0-12.8 6.4-12.8 12.8v70.4c0 6.4 6.4 12.8 12.8 12.8z\" class=\"\"><\/path><\/svg><\/i> <img decoding=\"async\" width=\"16\" height=\"16\" alt=\"Loading\" data-src=\"https:\/\/www.centronocaminhodaluz.com.br\/wp-content\/plugins\/page-views-count\/ajax-loader-2x.gif\" border=0 src=\"data:image\/svg+xml;base64,PHN2ZyB3aWR0aD0iMSIgaGVpZ2h0PSIxIiB4bWxucz0iaHR0cDovL3d3dy53My5vcmcvMjAwMC9zdmciPjwvc3ZnPg==\" class=\"lazyload\" style=\"--smush-placeholder-width: 16px; --smush-placeholder-aspect-ratio: 16\/16;\" \/><\/p>\n<div class=\"pvc_clear\"><\/div>\n","protected":false},"excerpt":{"rendered":"<p>Hammed O complexo de inferioridade consiste em um conjunto de id\u00e9ias que foram recalcadas no inconsciente da criatura em tenra idade, associadas \u00e0s j\u00e1 existentes pelas experi\u00eancias obtidas em vidas pret\u00e9ritas. Ele age sobre a conduta humana, provocando sentimentos gratuitos de culpa, excessiva carga emotiva relacionada a pensamentos de baixa estima, freq\u00fcente sensa\u00e7\u00e3o de inadequa\u00e7\u00e3o&hellip; <br \/> <a class=\"read-more\" href=\"https:\/\/www.centronocaminhodaluz.com.br\/index.php\/artigo12931\/\">Leia mais<\/a><\/p>\n<div class=\"pvc_clear\"><\/div>\n<p id=\"pvc_stats_12931\" class=\"pvc_stats all  \" data-element-id=\"12931\" style=\"\"><i class=\"pvc-stats-icon medium\" aria-hidden=\"true\"><svg aria-hidden=\"true\" focusable=\"false\" data-prefix=\"far\" data-icon=\"chart-bar\" role=\"img\" xmlns=\"http:\/\/www.w3.org\/2000\/svg\" viewBox=\"0 0 512 512\" class=\"svg-inline--fa fa-chart-bar fa-w-16 fa-2x\"><path fill=\"currentColor\" d=\"M396.8 352h22.4c6.4 0 12.8-6.4 12.8-12.8V108.8c0-6.4-6.4-12.8-12.8-12.8h-22.4c-6.4 0-12.8 6.4-12.8 12.8v230.4c0 6.4 6.4 12.8 12.8 12.8zm-192 0h22.4c6.4 0 12.8-6.4 12.8-12.8V140.8c0-6.4-6.4-12.8-12.8-12.8h-22.4c-6.4 0-12.8 6.4-12.8 12.8v198.4c0 6.4 6.4 12.8 12.8 12.8zm96 0h22.4c6.4 0 12.8-6.4 12.8-12.8V204.8c0-6.4-6.4-12.8-12.8-12.8h-22.4c-6.4 0-12.8 6.4-12.8 12.8v134.4c0 6.4 6.4 12.8 12.8 12.8zM496 400H48V80c0-8.84-7.16-16-16-16H16C7.16 64 0 71.16 0 80v336c0 17.67 14.33 32 32 32h464c8.84 0 16-7.16 16-16v-16c0-8.84-7.16-16-16-16zm-387.2-48h22.4c6.4 0 12.8-6.4 12.8-12.8v-70.4c0-6.4-6.4-12.8-12.8-12.8h-22.4c-6.4 0-12.8 6.4-12.8 12.8v70.4c0 6.4 6.4 12.8 12.8 12.8z\" class=\"\"><\/path><\/svg><\/i> <img decoding=\"async\" width=\"16\" height=\"16\" alt=\"Loading\" data-src=\"https:\/\/www.centronocaminhodaluz.com.br\/wp-content\/plugins\/page-views-count\/ajax-loader-2x.gif\" border=0 src=\"data:image\/svg+xml;base64,PHN2ZyB3aWR0aD0iMSIgaGVpZ2h0PSIxIiB4bWxucz0iaHR0cDovL3d3dy53My5vcmcvMjAwMC9zdmciPjwvc3ZnPg==\" class=\"lazyload\" style=\"--smush-placeholder-width: 16px; --smush-placeholder-aspect-ratio: 16\/16;\" \/><\/p>\n<div class=\"pvc_clear\"><\/div>\n","protected":false},"author":1,"featured_media":0,"comment_status":"closed","ping_status":"open","sticky":false,"template":"","format":"standard","meta":{"footnotes":""},"categories":[16],"tags":[],"class_list":["post-12931","post","type-post","status-publish","format-standard","hentry","category-mensagens-diversas"],"a3_pvc":{"activated":true,"total_views":2646,"today_views":0},"_links":{"self":[{"href":"https:\/\/www.centronocaminhodaluz.com.br\/index.php\/wp-json\/wp\/v2\/posts\/12931","targetHints":{"allow":["GET"]}}],"collection":[{"href":"https:\/\/www.centronocaminhodaluz.com.br\/index.php\/wp-json\/wp\/v2\/posts"}],"about":[{"href":"https:\/\/www.centronocaminhodaluz.com.br\/index.php\/wp-json\/wp\/v2\/types\/post"}],"author":[{"embeddable":true,"href":"https:\/\/www.centronocaminhodaluz.com.br\/index.php\/wp-json\/wp\/v2\/users\/1"}],"replies":[{"embeddable":true,"href":"https:\/\/www.centronocaminhodaluz.com.br\/index.php\/wp-json\/wp\/v2\/comments?post=12931"}],"version-history":[{"count":0,"href":"https:\/\/www.centronocaminhodaluz.com.br\/index.php\/wp-json\/wp\/v2\/posts\/12931\/revisions"}],"wp:attachment":[{"href":"https:\/\/www.centronocaminhodaluz.com.br\/index.php\/wp-json\/wp\/v2\/media?parent=12931"}],"wp:term":[{"taxonomy":"category","embeddable":true,"href":"https:\/\/www.centronocaminhodaluz.com.br\/index.php\/wp-json\/wp\/v2\/categories?post=12931"},{"taxonomy":"post_tag","embeddable":true,"href":"https:\/\/www.centronocaminhodaluz.com.br\/index.php\/wp-json\/wp\/v2\/tags?post=12931"}],"curies":[{"name":"wp","href":"https:\/\/api.w.org\/{rel}","templated":true}]}}