{"id":13337,"date":"2016-08-17T08:52:00","date_gmt":"2016-08-17T08:52:00","guid":{"rendered":""},"modified":"2016-08-17T08:52:00","modified_gmt":"2016-08-17T08:52:00","slug":"artigo13337","status":"publish","type":"post","link":"https:\/\/www.centronocaminhodaluz.com.br\/index.php\/artigo13337\/","title":{"rendered":"Livro dos Esp\u00edritos &#8211; Pergunta Numero: 393"},"content":{"rendered":"<div align=left><em><strong>393. Como pode o homem ser respons\u00e1vel por atas e resgatar faltas dos quais n\u00e3o se recorda? Como pode aproveitar-se da experi\u00eancia adquirida em exist\u00eancias que ca\u00edram no esquecimento? Seria conceb\u00edvel que as tribula\u00e7\u00f5es cia viria fossem para ele uma li\u00e7\u00e3o, se pudesse lembrar-se daquilo que as atraiu, mas desde que n\u00e3o se recorda, cada exist\u00eancia \u00e9 para ele como se fosse a primeira, e \u00e9 assim que ele est\u00e1 sempre a recome\u00e7ar. Como conciliar isto com a justi\u00e7a de Deus?<\/p>\n<p> \u2013 A cada nova exist\u00eancia o homem tem mais intelig\u00eancia e pode melhor distinguir o bem e o mal. Onde estaria o seu m\u00e9rito, se ele se recordasse de todo o passado? Quando o Esp\u00edrito entra na sua vida de origem (a vida esp\u00edrita!, toda a sua vida passada se desenrola diante biela, v\u00ea as faltas cometidas e que s\u00e3o causa do seu sofrimento, bem como aquilo que poderia t\u00ea-la impedido de comet\u00ea-las, compreender a justi\u00e7a da posi\u00e7\u00e3o que lhe \u00e9 dada e procura ent\u00e3o a exist\u00eancia Algumas tradu\u00e7\u00f5es dizem: Esquecido do seu passado, ele \u00e9 mais senhor de si A frase francesa \u00e9 a seguinte: Par 1\u2019oubli du pass\u00e9 il est paus lui-m\u00eame. O fato de ser ele. mesmo, na nova encarna\u00e7\u00e3o, parece-nos mais significativo do que ser senhor de si, (N. do T.) necess\u00e1ria a reparar a que acaba de escoar-se. Procura provas semelhantes \u00e0quelas por que passou, ou as lutas que acredita apropriadas ao seu adiantamento, e pede a Esp\u00edritos que lhe s\u00e3o superiores para o ajudarem na nova tarefa a empreender porque sabe que o Esp\u00edrito que lhe ser\u00e1 dado por guia nessa nova exist\u00eancia procurar\u00e1 faz\u00ea-lo reparar suas faltas, dando-lhe uma esp\u00e9cie de intui\u00e7\u00e3o das que ele cometeu. Essa mesma intui\u00e7\u00e3o \u00e9 o pensamento, o desejo criminoso que freq\u00fcentemente vos assalta e ao qual resistis instintivamente, atribuindo a vossa resist\u00eancia, na maioria das vezes, aos princ\u00edpios que recebestes de vossos pais, enquanto \u00e9 a voz da consci\u00eancia que vos fala, e essa voz \u00e9 a recorda\u00e7\u00e3o do passado, voz que vos adverte para n\u00e3o ca\u00edrdes nas faltas anteriormente cometidas. Nessa nova exist\u00eancia, se o Esp\u00edrito sofrer as suas provas com coragem e souber resistir, eleva-se a si pr\u00f3prio e ascender\u00e1 na hierarquia dos Esp\u00edritos, quando voltar para o meio deles. Se n\u00e3o temos, durante a vida corp\u00f3rea, uma lembran\u00e7a precisa daquilo que fomos, e do que fizemos de bem ou de mal em nossas exist\u00eancias anteriores, temos, entretanto, a sua intui\u00e7\u00e3o. E as nossas tend\u00eancias instintivas s\u00e3o uma reminisc\u00eancia do nosso passado, \u00e0s quais a nossa consci\u00eancia?<\/p>\n<p> \u2013 que representa o desejo por n\u00f3s concebido de n\u00e3o mais cometer as mesmas faltas?<\/p>\n<p> \u2013 adverte que devemos resistir.  <\/strong><\/em><\/div>\n<div class=\"pvc_clear\"><\/div>\n<p id=\"pvc_stats_13337\" class=\"pvc_stats all  \" data-element-id=\"13337\" style=\"\"><i class=\"pvc-stats-icon medium\" aria-hidden=\"true\"><svg aria-hidden=\"true\" focusable=\"false\" data-prefix=\"far\" data-icon=\"chart-bar\" role=\"img\" xmlns=\"http:\/\/www.w3.org\/2000\/svg\" viewBox=\"0 0 512 512\" class=\"svg-inline--fa fa-chart-bar fa-w-16 fa-2x\"><path fill=\"currentColor\" d=\"M396.8 352h22.4c6.4 0 12.8-6.4 12.8-12.8V108.8c0-6.4-6.4-12.8-12.8-12.8h-22.4c-6.4 0-12.8 6.4-12.8 12.8v230.4c0 6.4 6.4 12.8 12.8 12.8zm-192 0h22.4c6.4 0 12.8-6.4 12.8-12.8V140.8c0-6.4-6.4-12.8-12.8-12.8h-22.4c-6.4 0-12.8 6.4-12.8 12.8v198.4c0 6.4 6.4 12.8 12.8 12.8zm96 0h22.4c6.4 0 12.8-6.4 12.8-12.8V204.8c0-6.4-6.4-12.8-12.8-12.8h-22.4c-6.4 0-12.8 6.4-12.8 12.8v134.4c0 6.4 6.4 12.8 12.8 12.8zM496 400H48V80c0-8.84-7.16-16-16-16H16C7.16 64 0 71.16 0 80v336c0 17.67 14.33 32 32 32h464c8.84 0 16-7.16 16-16v-16c0-8.84-7.16-16-16-16zm-387.2-48h22.4c6.4 0 12.8-6.4 12.8-12.8v-70.4c0-6.4-6.4-12.8-12.8-12.8h-22.4c-6.4 0-12.8 6.4-12.8 12.8v70.4c0 6.4 6.4 12.8 12.8 12.8z\" class=\"\"><\/path><\/svg><\/i> <img decoding=\"async\" width=\"16\" height=\"16\" alt=\"Loading\" data-src=\"https:\/\/www.centronocaminhodaluz.com.br\/wp-content\/plugins\/page-views-count\/ajax-loader-2x.gif\" border=0 src=\"data:image\/svg+xml;base64,PHN2ZyB3aWR0aD0iMSIgaGVpZ2h0PSIxIiB4bWxucz0iaHR0cDovL3d3dy53My5vcmcvMjAwMC9zdmciPjwvc3ZnPg==\" class=\"lazyload\" style=\"--smush-placeholder-width: 16px; --smush-placeholder-aspect-ratio: 16\/16;\" \/><\/p>\n<div class=\"pvc_clear\"><\/div>\n","protected":false},"excerpt":{"rendered":"<p>393. Como pode o homem ser respons\u00e1vel por atas e resgatar faltas dos quais n\u00e3o se recorda? Como pode aproveitar-se da experi\u00eancia adquirida em exist\u00eancias que ca\u00edram no esquecimento? Seria conceb\u00edvel que as tribula\u00e7\u00f5es cia viria fossem para ele uma li\u00e7\u00e3o, se pudesse lembrar-se daquilo que as atraiu, mas desde que n\u00e3o se recorda, cada&hellip; <br \/> <a class=\"read-more\" href=\"https:\/\/www.centronocaminhodaluz.com.br\/index.php\/artigo13337\/\">Leia mais<\/a><\/p>\n<div class=\"pvc_clear\"><\/div>\n<p id=\"pvc_stats_13337\" class=\"pvc_stats all  \" data-element-id=\"13337\" style=\"\"><i class=\"pvc-stats-icon medium\" aria-hidden=\"true\"><svg aria-hidden=\"true\" focusable=\"false\" data-prefix=\"far\" data-icon=\"chart-bar\" role=\"img\" xmlns=\"http:\/\/www.w3.org\/2000\/svg\" viewBox=\"0 0 512 512\" class=\"svg-inline--fa fa-chart-bar fa-w-16 fa-2x\"><path fill=\"currentColor\" d=\"M396.8 352h22.4c6.4 0 12.8-6.4 12.8-12.8V108.8c0-6.4-6.4-12.8-12.8-12.8h-22.4c-6.4 0-12.8 6.4-12.8 12.8v230.4c0 6.4 6.4 12.8 12.8 12.8zm-192 0h22.4c6.4 0 12.8-6.4 12.8-12.8V140.8c0-6.4-6.4-12.8-12.8-12.8h-22.4c-6.4 0-12.8 6.4-12.8 12.8v198.4c0 6.4 6.4 12.8 12.8 12.8zm96 0h22.4c6.4 0 12.8-6.4 12.8-12.8V204.8c0-6.4-6.4-12.8-12.8-12.8h-22.4c-6.4 0-12.8 6.4-12.8 12.8v134.4c0 6.4 6.4 12.8 12.8 12.8zM496 400H48V80c0-8.84-7.16-16-16-16H16C7.16 64 0 71.16 0 80v336c0 17.67 14.33 32 32 32h464c8.84 0 16-7.16 16-16v-16c0-8.84-7.16-16-16-16zm-387.2-48h22.4c6.4 0 12.8-6.4 12.8-12.8v-70.4c0-6.4-6.4-12.8-12.8-12.8h-22.4c-6.4 0-12.8 6.4-12.8 12.8v70.4c0 6.4 6.4 12.8 12.8 12.8z\" class=\"\"><\/path><\/svg><\/i> <img decoding=\"async\" width=\"16\" height=\"16\" alt=\"Loading\" data-src=\"https:\/\/www.centronocaminhodaluz.com.br\/wp-content\/plugins\/page-views-count\/ajax-loader-2x.gif\" border=0 src=\"data:image\/svg+xml;base64,PHN2ZyB3aWR0aD0iMSIgaGVpZ2h0PSIxIiB4bWxucz0iaHR0cDovL3d3dy53My5vcmcvMjAwMC9zdmciPjwvc3ZnPg==\" class=\"lazyload\" style=\"--smush-placeholder-width: 16px; --smush-placeholder-aspect-ratio: 16\/16;\" \/><\/p>\n<div class=\"pvc_clear\"><\/div>\n","protected":false},"author":1,"featured_media":0,"comment_status":"Closed","ping_status":"open","sticky":false,"template":"","format":"standard","meta":{"footnotes":""},"categories":[8,16],"tags":[],"class_list":["post-13337","post","type-post","status-publish","format-standard","hentry","category-livro-dos-espiritos","category-mensagens-diversas"],"a3_pvc":{"activated":true,"total_views":2921,"today_views":0},"_links":{"self":[{"href":"https:\/\/www.centronocaminhodaluz.com.br\/index.php\/wp-json\/wp\/v2\/posts\/13337","targetHints":{"allow":["GET"]}}],"collection":[{"href":"https:\/\/www.centronocaminhodaluz.com.br\/index.php\/wp-json\/wp\/v2\/posts"}],"about":[{"href":"https:\/\/www.centronocaminhodaluz.com.br\/index.php\/wp-json\/wp\/v2\/types\/post"}],"author":[{"embeddable":true,"href":"https:\/\/www.centronocaminhodaluz.com.br\/index.php\/wp-json\/wp\/v2\/users\/1"}],"replies":[{"embeddable":true,"href":"https:\/\/www.centronocaminhodaluz.com.br\/index.php\/wp-json\/wp\/v2\/comments?post=13337"}],"version-history":[{"count":0,"href":"https:\/\/www.centronocaminhodaluz.com.br\/index.php\/wp-json\/wp\/v2\/posts\/13337\/revisions"}],"wp:attachment":[{"href":"https:\/\/www.centronocaminhodaluz.com.br\/index.php\/wp-json\/wp\/v2\/media?parent=13337"}],"wp:term":[{"taxonomy":"category","embeddable":true,"href":"https:\/\/www.centronocaminhodaluz.com.br\/index.php\/wp-json\/wp\/v2\/categories?post=13337"},{"taxonomy":"post_tag","embeddable":true,"href":"https:\/\/www.centronocaminhodaluz.com.br\/index.php\/wp-json\/wp\/v2\/tags?post=13337"}],"curies":[{"name":"wp","href":"https:\/\/api.w.org\/{rel}","templated":true}]}}