{"id":13915,"date":"2017-05-14T18:57:00","date_gmt":"2017-05-14T18:57:00","guid":{"rendered":"http:\/\/www.centronocaminhodaluz.com.br\/index.php\/artigo13915\/"},"modified":"2017-05-14T19:03:26","modified_gmt":"2017-05-14T22:03:26","slug":"artigo13915","status":"publish","type":"post","link":"https:\/\/www.centronocaminhodaluz.com.br\/index.php\/artigo13915\/","title":{"rendered":"15 Anos &#8211; Centro No Caminho da Luz"},"content":{"rendered":"<p><strong><u>ANIVERS\u00c1RIO DO CENTRO \u00a0\u00a0ESP\u00cdRITA NO CAMINHO DA LUZ<\/u><\/strong><\/p>\n<p><strong>\u00a0\u00a0\u00a0\u00a0\u00a0\u00a0\u00a0\u00a0\u00a0\u00a0\u00a0\u00a0\u00a0\u00a0\u00a0\u00a0 \u00a0\u00a0\u00a0\u00a0\u00a0\u00a0\u00a0\u00a0\u00a0\u00a0\u00a0\u00a0\u00a0\u00a0\u00a0\u00a018\u00a0 DE MAIO 2017<\/strong><\/p>\n<p><strong>\u00a0<\/strong><\/p>\n<p><strong>\u00a0\u00a0\u00a0\u00a0\u00a0 A Casa Esp\u00edrita No Caminho da Luz <\/strong>iniciou as suas atividades no dia <strong>18 de maio de 2002<\/strong>, h\u00e1 <strong>quinze anos<\/strong> pelo seu fundador <strong>Sr. Sebasti\u00e3o<\/strong> <strong>Rocha<\/strong> e colaboradores com a finalidade de auxiliar a todos que quisessem e precisassem de apoio dentro da Doutrina Esp\u00edrita e aos poucos foram chegando os Amigos, trabalhadores e cada um acrescentando algo de si em prol de uma comunidade.<\/p>\n<p>Aos dirigentes, trabalhadores, Amigos e frequentadores queremos nos unir e congratular por mais um anivers\u00e1rio de festa e Alegria fazendo uma reflex\u00e3o sobre a import\u00e2ncia que representa esta Casa Esp\u00edrita.<\/p>\n<p>Uma casa Esp\u00edrita representa um <strong>O\u00c1SIS DE LUZ<\/strong> aos que buscam o b\u00e1lsamo para suas dores e sofrimentos. Funciona como um hospital onde s\u00e3o tratados os males da Alma e cujo tratamento se faz atrav\u00e9s do <strong>M\u00e9dico Jesus<\/strong> com seu receitu\u00e1rio angelical <strong>&#8211;\u00a0 O Evangelho\u00a0 &#8211; e Kardec <\/strong>prescrevendo as orienta\u00e7\u00f5es salutares recebidas\u00a0 pelos Esp\u00edritos Superiores.<\/p>\n<p>O Atendimento na Casa Esp\u00edrita adota o Sistema de <strong>Assist\u00eancia Espiritual<\/strong> e aprendemos que o bom atendimento aos nossos amigos que buscam consolo e orienta\u00e7\u00e3o \u00e9 de grande import\u00e2ncia para o al\u00edvio dos sofrimentos.<\/p>\n<p>Agradecemos \u00e0s <strong>Entidades\u00a0 Espirituais<\/strong> da Casa, <strong>\u00e0 Equipe M\u00e9dica<\/strong> sempre presente e a <strong>Equipe de Limpeza do Caminho da Luz<\/strong> que est\u00e3o sempre orientando para que o trabalho seja amparado por <strong>Deus<\/strong> e aos nosso <strong>Mentores <\/strong>!<\/p>\n<p>E que n\u00f3s trabalhadores e m\u00e9diuns possamos cumprir a tarefa que viemos nesta vida e nesta Casa e que nos foi oferecido pelo nosso querido Amigo <strong>Sebasti\u00e3o Rocha<\/strong> \u2013 hoje nos acompanhando no Plano Espiritual com seu carinho \u2013 que se disp\u00f4s a abrir as portas desta Casa Esp\u00edrita para o desempenho desta atividade medi\u00fanica para o nosso aprimoramento espiritual.!<\/p>\n<p><strong>PARAB\u00c9NS \u00c0 CASA ESPIRITA NO CAMINHO \u00a0\u00a0\u00a0\u00a0\u00a0\u00a0\u00a0\u00a0\u00a0\u00a0\u00a0\u00a0\u00a0\u00a0\u00a0\u00a0\u00a0\u00a0\u00a0\u00a0\u00a0\u00a0\u00a0DA LUZ<\/strong><\/p>\n<div class=\"pvc_clear\"><\/div>\n<p id=\"pvc_stats_13915\" class=\"pvc_stats all  \" data-element-id=\"13915\" style=\"\"><i class=\"pvc-stats-icon medium\" aria-hidden=\"true\"><svg aria-hidden=\"true\" focusable=\"false\" data-prefix=\"far\" data-icon=\"chart-bar\" role=\"img\" xmlns=\"http:\/\/www.w3.org\/2000\/svg\" viewBox=\"0 0 512 512\" class=\"svg-inline--fa fa-chart-bar fa-w-16 fa-2x\"><path fill=\"currentColor\" d=\"M396.8 352h22.4c6.4 0 12.8-6.4 12.8-12.8V108.8c0-6.4-6.4-12.8-12.8-12.8h-22.4c-6.4 0-12.8 6.4-12.8 12.8v230.4c0 6.4 6.4 12.8 12.8 12.8zm-192 0h22.4c6.4 0 12.8-6.4 12.8-12.8V140.8c0-6.4-6.4-12.8-12.8-12.8h-22.4c-6.4 0-12.8 6.4-12.8 12.8v198.4c0 6.4 6.4 12.8 12.8 12.8zm96 0h22.4c6.4 0 12.8-6.4 12.8-12.8V204.8c0-6.4-6.4-12.8-12.8-12.8h-22.4c-6.4 0-12.8 6.4-12.8 12.8v134.4c0 6.4 6.4 12.8 12.8 12.8zM496 400H48V80c0-8.84-7.16-16-16-16H16C7.16 64 0 71.16 0 80v336c0 17.67 14.33 32 32 32h464c8.84 0 16-7.16 16-16v-16c0-8.84-7.16-16-16-16zm-387.2-48h22.4c6.4 0 12.8-6.4 12.8-12.8v-70.4c0-6.4-6.4-12.8-12.8-12.8h-22.4c-6.4 0-12.8 6.4-12.8 12.8v70.4c0 6.4 6.4 12.8 12.8 12.8z\" class=\"\"><\/path><\/svg><\/i> <img decoding=\"async\" width=\"16\" height=\"16\" alt=\"Loading\" data-src=\"https:\/\/www.centronocaminhodaluz.com.br\/wp-content\/plugins\/page-views-count\/ajax-loader-2x.gif\" border=0 src=\"data:image\/svg+xml;base64,PHN2ZyB3aWR0aD0iMSIgaGVpZ2h0PSIxIiB4bWxucz0iaHR0cDovL3d3dy53My5vcmcvMjAwMC9zdmciPjwvc3ZnPg==\" class=\"lazyload\" style=\"--smush-placeholder-width: 16px; --smush-placeholder-aspect-ratio: 16\/16;\" \/><\/p>\n<div class=\"pvc_clear\"><\/div>\n","protected":false},"excerpt":{"rendered":"<p>ANIVERS\u00c1RIO DO CENTRO \u00a0\u00a0ESP\u00cdRITA NO CAMINHO DA LUZ \u00a0\u00a0\u00a0\u00a0\u00a0\u00a0\u00a0\u00a0\u00a0\u00a0\u00a0\u00a0\u00a0\u00a0\u00a0\u00a0 \u00a0\u00a0\u00a0\u00a0\u00a0\u00a0\u00a0\u00a0\u00a0\u00a0\u00a0\u00a0\u00a0\u00a0\u00a0\u00a018\u00a0 DE MAIO 2017 \u00a0 \u00a0\u00a0\u00a0\u00a0\u00a0 A Casa Esp\u00edrita No Caminho da Luz iniciou as suas atividades no dia 18 de maio de 2002, h\u00e1 quinze anos pelo seu fundador Sr. Sebasti\u00e3o Rocha e colaboradores com a finalidade de auxiliar a todos que quisessem e precisassem&hellip; <br \/> <a class=\"read-more\" href=\"https:\/\/www.centronocaminhodaluz.com.br\/index.php\/artigo13915\/\">Leia mais<\/a><\/p>\n<div class=\"pvc_clear\"><\/div>\n<p id=\"pvc_stats_13915\" class=\"pvc_stats all  \" data-element-id=\"13915\" style=\"\"><i class=\"pvc-stats-icon medium\" aria-hidden=\"true\"><svg aria-hidden=\"true\" focusable=\"false\" data-prefix=\"far\" data-icon=\"chart-bar\" role=\"img\" xmlns=\"http:\/\/www.w3.org\/2000\/svg\" viewBox=\"0 0 512 512\" class=\"svg-inline--fa fa-chart-bar fa-w-16 fa-2x\"><path fill=\"currentColor\" d=\"M396.8 352h22.4c6.4 0 12.8-6.4 12.8-12.8V108.8c0-6.4-6.4-12.8-12.8-12.8h-22.4c-6.4 0-12.8 6.4-12.8 12.8v230.4c0 6.4 6.4 12.8 12.8 12.8zm-192 0h22.4c6.4 0 12.8-6.4 12.8-12.8V140.8c0-6.4-6.4-12.8-12.8-12.8h-22.4c-6.4 0-12.8 6.4-12.8 12.8v198.4c0 6.4 6.4 12.8 12.8 12.8zm96 0h22.4c6.4 0 12.8-6.4 12.8-12.8V204.8c0-6.4-6.4-12.8-12.8-12.8h-22.4c-6.4 0-12.8 6.4-12.8 12.8v134.4c0 6.4 6.4 12.8 12.8 12.8zM496 400H48V80c0-8.84-7.16-16-16-16H16C7.16 64 0 71.16 0 80v336c0 17.67 14.33 32 32 32h464c8.84 0 16-7.16 16-16v-16c0-8.84-7.16-16-16-16zm-387.2-48h22.4c6.4 0 12.8-6.4 12.8-12.8v-70.4c0-6.4-6.4-12.8-12.8-12.8h-22.4c-6.4 0-12.8 6.4-12.8 12.8v70.4c0 6.4 6.4 12.8 12.8 12.8z\" class=\"\"><\/path><\/svg><\/i> <img decoding=\"async\" width=\"16\" height=\"16\" alt=\"Loading\" data-src=\"https:\/\/www.centronocaminhodaluz.com.br\/wp-content\/plugins\/page-views-count\/ajax-loader-2x.gif\" border=0 src=\"data:image\/svg+xml;base64,PHN2ZyB3aWR0aD0iMSIgaGVpZ2h0PSIxIiB4bWxucz0iaHR0cDovL3d3dy53My5vcmcvMjAwMC9zdmciPjwvc3ZnPg==\" class=\"lazyload\" style=\"--smush-placeholder-width: 16px; --smush-placeholder-aspect-ratio: 16\/16;\" \/><\/p>\n<div class=\"pvc_clear\"><\/div>\n","protected":false},"author":1,"featured_media":0,"comment_status":"closed","ping_status":"open","sticky":false,"template":"","format":"standard","meta":{"footnotes":""},"categories":[22,16],"tags":[],"class_list":["post-13915","post","type-post","status-publish","format-standard","hentry","category-celia-simioni","category-mensagens-diversas"],"a3_pvc":{"activated":true,"total_views":2563,"today_views":0},"_links":{"self":[{"href":"https:\/\/www.centronocaminhodaluz.com.br\/index.php\/wp-json\/wp\/v2\/posts\/13915","targetHints":{"allow":["GET"]}}],"collection":[{"href":"https:\/\/www.centronocaminhodaluz.com.br\/index.php\/wp-json\/wp\/v2\/posts"}],"about":[{"href":"https:\/\/www.centronocaminhodaluz.com.br\/index.php\/wp-json\/wp\/v2\/types\/post"}],"author":[{"embeddable":true,"href":"https:\/\/www.centronocaminhodaluz.com.br\/index.php\/wp-json\/wp\/v2\/users\/1"}],"replies":[{"embeddable":true,"href":"https:\/\/www.centronocaminhodaluz.com.br\/index.php\/wp-json\/wp\/v2\/comments?post=13915"}],"version-history":[{"count":0,"href":"https:\/\/www.centronocaminhodaluz.com.br\/index.php\/wp-json\/wp\/v2\/posts\/13915\/revisions"}],"wp:attachment":[{"href":"https:\/\/www.centronocaminhodaluz.com.br\/index.php\/wp-json\/wp\/v2\/media?parent=13915"}],"wp:term":[{"taxonomy":"category","embeddable":true,"href":"https:\/\/www.centronocaminhodaluz.com.br\/index.php\/wp-json\/wp\/v2\/categories?post=13915"},{"taxonomy":"post_tag","embeddable":true,"href":"https:\/\/www.centronocaminhodaluz.com.br\/index.php\/wp-json\/wp\/v2\/tags?post=13915"}],"curies":[{"name":"wp","href":"https:\/\/api.w.org\/{rel}","templated":true}]}}