{"id":13919,"date":"2017-05-21T08:12:00","date_gmt":"2017-05-21T08:12:00","guid":{"rendered":"http:\/\/www.centronocaminhodaluz.com.br\/index.php\/artigo13919\/"},"modified":"2017-05-21T08:27:32","modified_gmt":"2017-05-21T11:27:32","slug":"artigo13919","status":"publish","type":"post","link":"https:\/\/www.centronocaminhodaluz.com.br\/index.php\/artigo13919\/","title":{"rendered":"Um depoimento sobre mediunidade"},"content":{"rendered":"<p>Pedro Fagundes Azevedo, ex-presidente por tr\u00eas gest\u00f5es da Legi\u00e3o Esp\u00edrita de Porto Alegre Contribui\u00e7\u00e3o de Pedro<\/p>\n<p>Em situa\u00e7\u00e3o de extrema gravidade, com muita falta de ar, o paciente est\u00e1 na UTI com um tubo na traqueia para possibilitar a respira\u00e7\u00e3o mec\u00e2nica. Passam os minutos e, ao fazer um novo exame, o m\u00e9dico plantonista constata o \u00f3bito. Diz aos auxiliares que o enfermo morreu, autoriza o desligamento dos aparelhos e a retirada do tubo de respira\u00e7\u00e3o artificial. Acontece,  por\u00e9m, que esse paciente n\u00e3o sabia que a vida continua ap\u00f3s a morte. E assim, agora como esp\u00edrito, com grande afli\u00e7\u00e3o, reage violentamente \u00e0s determina\u00e7\u00f5es do m\u00e9dico. Sente-se vivo e  preso \u00e0quele angustiante quadro mental. E com muita raiva por terem retirado a intuba\u00e7\u00e3o e aumentado sua falta de ar. De nada adianta a aproxima\u00e7\u00e3o de  esp\u00edritos de luz,  tentando explicar sua nova situa\u00e7\u00e3o e confirmando: voc\u00ea j\u00e1 morreu. Ele n\u00e3o acredita em ningu\u00e9m \u2013 pois tem certeza de que a morte acaba com tudo e n\u00e3o quer aceitar que agora est\u00e1 separado  do corpo material. (Este, conforme diz a B\u00edblia , \u201c\u00e9 p\u00f3 e ao p\u00f3 retorna\u201d).<\/p>\n<p>Nesse estado de profunda confus\u00e3o mental, o esp\u00edrito \u00e9 trazido por outros esp\u00edritos socorristas  \u00e0 nossa sess\u00e3o medi\u00fanica de caridade, manifestando toda sua revolta e seu mal-estar enquanto fala, incorporado no m\u00e9dium de psicofonia. Ent\u00e3o, eu, como dirigente dessa sess\u00e3o e dialogador com os esp\u00edritos,  percebo que pouco adiantaria, no momento, confirmar que ele j\u00e1 morreu, pois isso iria aumentar ainda mais a sua revolta e perturba\u00e7\u00e3o. Prefiro dizer que o seu tratamento mudou por completo e que ele agora est\u00e1 aos cuidados de uma outra equipe de m\u00e9dicos e enfermeiros. Beneficiado pelas preces silenciosas do grupo  que est\u00e1 sentado em torno de uma mesa e tamb\u00e9m  pelo psiquismo sadio da m\u00e9dium atrav\u00e9s da qual est\u00e1 falando, o esp\u00edrito passa a sentir-se melhor, mais tranquilo e, aos poucos, vai percebendo a sua nova realidade. J\u00e1 consegue ver e falar com o nosso dirigente espiritual, que era m\u00e9dico na \u00faltima vida material em Porto Alegre e continua sendo m\u00e9dico do lado de l\u00e1, com o mesmo jaleco branco que usava quando encarnado. Depois dessa melhora, o paciente \u00e9 encaminhado a uma das v\u00e1rias depend\u00eancias do hospital existente no plano espiritual. A\u00ed seu o tratamento se completar\u00e1 com o amor de Jesus e todas as explica\u00e7\u00f5es necess\u00e1rias quando chegar o momento adequado. Ao ter alta, ser\u00e1 levado a uma das \u201cmuitas moradas da casa do Pai\u201d, de que nos fala o Evangelho, onde vai entender o resultado da semeadura das suas a\u00e7\u00f5es na vida material rec\u00e9m encerrada. E tamb\u00e9m vai se preparar para uma nova reencarna\u00e7\u00e3o que lhe ser\u00e1 mais \u00fatil e mais espiritualizada.<\/p>\n<p>Estas sess\u00f5es medi\u00fanicas de caridade nas casas filiadas \u00e0s Federa\u00e7\u00f5es Esp\u00edritas dos v\u00e1rios estados brasileiros destinam-se ao interc\u00e2mbio com os esp\u00edritos (que nada mais s\u00e3o do que pessoas comuns, fora do seu corpo material). Servem para socorrer aqueles esp\u00edritos que se encontram perturbados e\/ou em sofrimento, nas mais variadas situa\u00e7\u00f5es, como no exemplo aqui descrito. S\u00e3o reuni\u00f5es privativas, em face do seu car\u00e1ter de cura e orienta\u00e7\u00e3o, requerendo conhecimento e preparo de todos os participantes. Ocorrem todas as semanas nos centros kardecistas, com a maior naturalidade, distantes de qualquer sensacionalismo ou curiosidade. Sem qualquer outro objetivo que n\u00e3o seja o de fazer o bem, sem olhar a quem e sem nada esperar em troca. \u00c9 a pr\u00e1tica comum do \u201cama a Deus sobre todas as coisas e ao pr\u00f3ximo com a ti mesmo\u201d.<\/p>\n<p>Recomendo a leitura do livro \u201cDi\u00e1logo com as Sombras\u201d, de Herm\u00ednio Miranda, dispon\u00edvel por inteiro na Internet. O autor   narra  as tentativas de auxilio fraterno a esp\u00edritos obsessores, perseguidos, juristas, religiosos, materialistas, vingadores, intelectuais, ateus, magos e feiticeiros, etc. Somos, aproximadamente, 7 bilh\u00f5es de esp\u00edritos encarnados na Terra que constituem a popula\u00e7\u00e3o vis\u00edvel do planeta. Mas, Andr\u00e9 Luiz (esp\u00edrito) nos informa, atrav\u00e9s de Chico Xavier, que a popula\u00e7\u00e3o desencarnada que habita em torno da Terra, (considerando as diversas moradas espirituais circunvizinhas e os diversos est\u00e1gios evolutivos) \u00e9 cerca de 5 vezes maior que a popula\u00e7\u00e3o encarnada. Ou seja, a informa\u00e7\u00e3o \u00e9 de 1964, mas se pud\u00e9ssemos atualizar os n\u00fameros: se hoje estamos em 7 bilh\u00f5es de encarnados, a popula\u00e7\u00e3o do plano espiritual, falando apenas das proximidades da Terra, beira os 35 bilh\u00f5es, em permanente idas e vindas de uma dimens\u00e3o a outra. Se a humanidade terrena, analfabeta em termos de espiritualidade, pudesse compreender essa realidade, a vida seria bem melhor neste planeta\u201d.<\/p>\n<div class=\"pvc_clear\"><\/div>\n<p id=\"pvc_stats_13919\" class=\"pvc_stats all  \" data-element-id=\"13919\" style=\"\"><i class=\"pvc-stats-icon medium\" aria-hidden=\"true\"><svg aria-hidden=\"true\" focusable=\"false\" data-prefix=\"far\" data-icon=\"chart-bar\" role=\"img\" xmlns=\"http:\/\/www.w3.org\/2000\/svg\" viewBox=\"0 0 512 512\" class=\"svg-inline--fa fa-chart-bar fa-w-16 fa-2x\"><path fill=\"currentColor\" d=\"M396.8 352h22.4c6.4 0 12.8-6.4 12.8-12.8V108.8c0-6.4-6.4-12.8-12.8-12.8h-22.4c-6.4 0-12.8 6.4-12.8 12.8v230.4c0 6.4 6.4 12.8 12.8 12.8zm-192 0h22.4c6.4 0 12.8-6.4 12.8-12.8V140.8c0-6.4-6.4-12.8-12.8-12.8h-22.4c-6.4 0-12.8 6.4-12.8 12.8v198.4c0 6.4 6.4 12.8 12.8 12.8zm96 0h22.4c6.4 0 12.8-6.4 12.8-12.8V204.8c0-6.4-6.4-12.8-12.8-12.8h-22.4c-6.4 0-12.8 6.4-12.8 12.8v134.4c0 6.4 6.4 12.8 12.8 12.8zM496 400H48V80c0-8.84-7.16-16-16-16H16C7.16 64 0 71.16 0 80v336c0 17.67 14.33 32 32 32h464c8.84 0 16-7.16 16-16v-16c0-8.84-7.16-16-16-16zm-387.2-48h22.4c6.4 0 12.8-6.4 12.8-12.8v-70.4c0-6.4-6.4-12.8-12.8-12.8h-22.4c-6.4 0-12.8 6.4-12.8 12.8v70.4c0 6.4 6.4 12.8 12.8 12.8z\" class=\"\"><\/path><\/svg><\/i> <img decoding=\"async\" width=\"16\" height=\"16\" alt=\"Loading\" data-src=\"https:\/\/www.centronocaminhodaluz.com.br\/wp-content\/plugins\/page-views-count\/ajax-loader-2x.gif\" border=0 src=\"data:image\/svg+xml;base64,PHN2ZyB3aWR0aD0iMSIgaGVpZ2h0PSIxIiB4bWxucz0iaHR0cDovL3d3dy53My5vcmcvMjAwMC9zdmciPjwvc3ZnPg==\" class=\"lazyload\" style=\"--smush-placeholder-width: 16px; --smush-placeholder-aspect-ratio: 16\/16;\" \/><\/p>\n<div class=\"pvc_clear\"><\/div>\n","protected":false},"excerpt":{"rendered":"<p>Pedro Fagundes Azevedo, ex-presidente por tr\u00eas gest\u00f5es da Legi\u00e3o Esp\u00edrita de Porto Alegre Contribui\u00e7\u00e3o de Pedro Em situa\u00e7\u00e3o de extrema gravidade, com muita falta de ar, o paciente est\u00e1 na UTI com um tubo na traqueia para possibilitar a respira\u00e7\u00e3o mec\u00e2nica. Passam os minutos e, ao fazer um novo exame, o m\u00e9dico plantonista constata o&hellip; <br \/> <a class=\"read-more\" href=\"https:\/\/www.centronocaminhodaluz.com.br\/index.php\/artigo13919\/\">Leia mais<\/a><\/p>\n<div class=\"pvc_clear\"><\/div>\n<p id=\"pvc_stats_13919\" class=\"pvc_stats all  \" data-element-id=\"13919\" style=\"\"><i class=\"pvc-stats-icon medium\" aria-hidden=\"true\"><svg aria-hidden=\"true\" focusable=\"false\" data-prefix=\"far\" data-icon=\"chart-bar\" role=\"img\" xmlns=\"http:\/\/www.w3.org\/2000\/svg\" viewBox=\"0 0 512 512\" class=\"svg-inline--fa fa-chart-bar fa-w-16 fa-2x\"><path fill=\"currentColor\" d=\"M396.8 352h22.4c6.4 0 12.8-6.4 12.8-12.8V108.8c0-6.4-6.4-12.8-12.8-12.8h-22.4c-6.4 0-12.8 6.4-12.8 12.8v230.4c0 6.4 6.4 12.8 12.8 12.8zm-192 0h22.4c6.4 0 12.8-6.4 12.8-12.8V140.8c0-6.4-6.4-12.8-12.8-12.8h-22.4c-6.4 0-12.8 6.4-12.8 12.8v198.4c0 6.4 6.4 12.8 12.8 12.8zm96 0h22.4c6.4 0 12.8-6.4 12.8-12.8V204.8c0-6.4-6.4-12.8-12.8-12.8h-22.4c-6.4 0-12.8 6.4-12.8 12.8v134.4c0 6.4 6.4 12.8 12.8 12.8zM496 400H48V80c0-8.84-7.16-16-16-16H16C7.16 64 0 71.16 0 80v336c0 17.67 14.33 32 32 32h464c8.84 0 16-7.16 16-16v-16c0-8.84-7.16-16-16-16zm-387.2-48h22.4c6.4 0 12.8-6.4 12.8-12.8v-70.4c0-6.4-6.4-12.8-12.8-12.8h-22.4c-6.4 0-12.8 6.4-12.8 12.8v70.4c0 6.4 6.4 12.8 12.8 12.8z\" class=\"\"><\/path><\/svg><\/i> <img decoding=\"async\" width=\"16\" height=\"16\" alt=\"Loading\" data-src=\"https:\/\/www.centronocaminhodaluz.com.br\/wp-content\/plugins\/page-views-count\/ajax-loader-2x.gif\" border=0 src=\"data:image\/svg+xml;base64,PHN2ZyB3aWR0aD0iMSIgaGVpZ2h0PSIxIiB4bWxucz0iaHR0cDovL3d3dy53My5vcmcvMjAwMC9zdmciPjwvc3ZnPg==\" class=\"lazyload\" style=\"--smush-placeholder-width: 16px; --smush-placeholder-aspect-ratio: 16\/16;\" \/><\/p>\n<div class=\"pvc_clear\"><\/div>\n","protected":false},"author":1,"featured_media":0,"comment_status":"closed","ping_status":"open","sticky":false,"template":"","format":"standard","meta":{"footnotes":""},"categories":[9,16],"tags":[],"class_list":["post-13919","post","type-post","status-publish","format-standard","hentry","category-pedro-fagundes-azevedo","category-mensagens-diversas"],"a3_pvc":{"activated":true,"total_views":3063,"today_views":0},"_links":{"self":[{"href":"https:\/\/www.centronocaminhodaluz.com.br\/index.php\/wp-json\/wp\/v2\/posts\/13919","targetHints":{"allow":["GET"]}}],"collection":[{"href":"https:\/\/www.centronocaminhodaluz.com.br\/index.php\/wp-json\/wp\/v2\/posts"}],"about":[{"href":"https:\/\/www.centronocaminhodaluz.com.br\/index.php\/wp-json\/wp\/v2\/types\/post"}],"author":[{"embeddable":true,"href":"https:\/\/www.centronocaminhodaluz.com.br\/index.php\/wp-json\/wp\/v2\/users\/1"}],"replies":[{"embeddable":true,"href":"https:\/\/www.centronocaminhodaluz.com.br\/index.php\/wp-json\/wp\/v2\/comments?post=13919"}],"version-history":[{"count":0,"href":"https:\/\/www.centronocaminhodaluz.com.br\/index.php\/wp-json\/wp\/v2\/posts\/13919\/revisions"}],"wp:attachment":[{"href":"https:\/\/www.centronocaminhodaluz.com.br\/index.php\/wp-json\/wp\/v2\/media?parent=13919"}],"wp:term":[{"taxonomy":"category","embeddable":true,"href":"https:\/\/www.centronocaminhodaluz.com.br\/index.php\/wp-json\/wp\/v2\/categories?post=13919"},{"taxonomy":"post_tag","embeddable":true,"href":"https:\/\/www.centronocaminhodaluz.com.br\/index.php\/wp-json\/wp\/v2\/tags?post=13919"}],"curies":[{"name":"wp","href":"https:\/\/api.w.org\/{rel}","templated":true}]}}