{"id":14100,"date":"2017-07-23T10:12:00","date_gmt":"2017-07-23T10:12:00","guid":{"rendered":"http:\/\/www.centronocaminhodaluz.com.br\/index.php\/artigo14100\/"},"modified":"2017-07-23T10:57:49","modified_gmt":"2017-07-23T13:57:49","slug":"artigo14100","status":"publish","type":"post","link":"https:\/\/www.centronocaminhodaluz.com.br\/index.php\/artigo14100\/","title":{"rendered":"AFETIVIDADE PERTURBADA  &#8211; Livro &#8211; Amor Imbativel Amor"},"content":{"rendered":"<p>A afetividade \u00e9 o sentimento que se expressa mediante rea\u00e7\u00f5es f\u00edsicas positivas.<br \/>O ser humano tem necessidade de prazer, e to\u00addos os seus esfor\u00e7os s\u00e3o direcionados para usufru\u00ed-lo, evitando a experi\u00eancia do sofrimento, excetuan\u00addo-se os casos de transtornos masoquistas. Toda e qualquer busca, conscientemente ou n\u00e3o, aguarda a compensa\u00e7\u00e3o do bem-estar, que \u00e9 sempre a fonte motivadora para toda luta.<br \/>Desse modo, a afetividade produz uma rea\u00e7\u00e3o de adrenalina no sangue que leva o indiv\u00edduo ao aqueci\u00admento org\u00e2nico, do qual decorre a sensa\u00e7\u00e3o agrad\u00e1vel do prazer, do desejo de estar pr\u00f3ximo, do contato f\u00edsi\u00adco, do aperto de m\u00e3o, do abra\u00e7o, da car\u00edcia.<br \/>A afetividade \u00e9 inerente ao ser humano, n\u00e3o po\u00addendo ser dele dissociada, j\u00e1 que tamb\u00e9m \u00e9 natural em todos os animais, inicialmente como instinto de prote\u00e7\u00e3o \u00e0 prole.<br \/>Psicologicamente, a sua exterioriza\u00e7\u00e3o tem mui\u00adto a depender do conv\u00edvio perinatal e suas experi\u00ean\u00adcias no ambiente do lar, particularmente com a m\u00e3e.<br \/>Por uma necessidade imperiosa de seguran\u00e7a \u2014que a crian\u00e7a perde ao sair do claustro materno \u2014 o contato f\u00edsico \u00e9 de vital import\u00e2ncia para o equil\u00edbrio do ser. Inicialmente a crian\u00e7a n\u00e3o tem ainda desenvolvido o sentimento de afei\u00e7\u00e3o ou de amor, mas a necessidade de ser protegida, de ter atendidas as suas necessidades, o que lhe oferece prazer, sur\u00adgindo, a partir da\u00ed, a express\u00e3o emocional, tamb\u00e9m sin\u00f4nimo de garantia em rela\u00e7\u00e3o ao que necessita para viver.<br \/>O sentimento da afetividade, por\u00e9m, \u00e9 quase sempre acompanhado dos conflitos pessoais, que de\u00adcorrem da estrutura psicol\u00f3gica de cada um.<br \/>Quando n\u00e3o se viveu plenamente na inf\u00e2ncia a experi\u00eancia tranq\u00fcilizadora do amor, a inseguran\u00e7a que se instala gera conflitos em rela\u00e7\u00e3o \u00e0 sua reali\u00addade, e todos os relacionamentos afetivos se apre\u00adsentam assinalados pela presen\u00e7a do ci\u00fame, da rai\u00adva ou do ressentimento.<br \/>O ci\u00fame, que retrata a falta de auto-estima, pre\u00addominando a autodesvaloriza\u00e7\u00e3o, como decorr\u00eancia da n\u00e3o confian\u00e7a em si mesmo, transforma-se em terr\u00edvel algoz do ser e daqueles que fazem parte do seu relacionamento.<br \/>As exig\u00eancias descabidas, as suspeitas insupor\u00adt\u00e1veis produzem verdadeiros c\u00e1rceres privados, nos quais se desejam aprisionar aqueles que se tornam asfixiados pela afetividade do enfermo emocional. Nesse comportamento, a desconfian\u00e7a abre terr\u00edveis brechas para a hostilidade e a raiva, que sempre se unem como mecanismo de prote\u00e7\u00e3o daquele que se sente desamado.<br \/>De alguma forma, essa conduta resulta do aban\u00addono emocional a que se foi relegado na inf\u00e2ncia, quando as necessidades f\u00edsicas e psicol\u00f3gicas n\u00e3o se faziam atendidas convenientemente, resultando nesse terr\u00edvel transtorno de desestrutura\u00e7\u00e3o da perso\u00adnalidade, da autoconfian\u00e7a.<br \/>A desconfian\u00e7a de n\u00e3o merecer o amor \u2014 incons\u00adcientemente \u2014 e a necessidade de impor o sentimen\u00adto \u2014 acreditando sempre muito doar e nada receber \u2014 levam a patologias profundas de aliena\u00e7\u00e3o, que derrapam em crimes variados, desde os mais sim\u00adples aos mais hediondos&#8230;<br \/>O medo de n\u00e3o ter de volta o amor que se ofe\u00adrece conduz \u00e0 raiva contra aquele que \u00e9 alvo desse comportamento m\u00f3rbido, porque o afeto sempre doa e n\u00e3o exige retribui\u00e7\u00e3o, \u00e9 um sentimento ablativo, rico de oferta.<br \/>Toda vez que o amor aflora, um correspondente fisiol\u00f3gico irriga de sangue o organismo e adv\u00e9m a sensa\u00e7\u00e3o agrad\u00e1vel de calor, enquanto a animosida\u00adde, a antipatia, a indiferen\u00e7a proporcionam o reflu\u00adxo do sangue para o interior, deixando a periferia do corpo fria, portanto, desagrad\u00e1vel, perturbadora.<br \/>Todo aconchego produz calor na pele, bem-es\u00adtar, enquanto que o afastamento gera frio, desagra\u00addo, tornando-se dif\u00edcil de aceita\u00e7\u00e3o a presen\u00e7a f\u00edsica de quem \u00e9 causador de tal sensa\u00e7\u00e3o.<br \/>O amor n\u00e3o pode ser imposto, mas desenvolvi\u00addo, treinado, quando n\u00e3o surgir espontaneamente.<br \/>Esse aflorar natural tem suas ra\u00edzes nas experi\u00ad\u00eancias anteriores do Esp\u00edrito, que renasce em condi\u00ad\u00e7\u00f5es ambientais propiciat\u00f3rias ou n\u00e3o ao seu apare\u00adcimento, ao lado de uma fam\u00edlia afetuosa ou desti\u00adtu\u00edda desse sentimento, o que contribui decisivamen\u00adte para a sua exist\u00eancia, para a sua eclos\u00e3o.<br \/>Em muitos relacionamentos o amor brota com espontaneidade e cresce harm\u00f4nico. Noutros, no entanto, \u00e9 conflitivo, atormentado, com altibaixos de alegria e de raiva, de ansiedade e medo, de hostili\u00addade e posse.<br \/>A necessidade de amor \u00e9 imperiosa, e subjacente \u00e0mesma, encontra-se o desejo do contato f\u00edsico, enrique\u00adcedor, estimulante.<br \/>Quando se \u00e9 carente de afetividade, a mesma se apresenta em forma de ansiedade perturbadora, que gera conflitos e insatisfa\u00e7\u00f5es, logo seja atendida.<br \/>Em tal caso, produz incerteza de prosseguir-se amado, ap\u00f3s atendida a fome do contato f\u00edsico ou emo\u00adcional. Enquanto se est\u00e1 presente, harmoniza-se, para logo ceder lugar \u00e0 inseguran\u00e7a, \u00e0 desconfian\u00e7a.<br \/>Assim sendo, o amor se torna dependente e n\u00e3o ple\u00adnificador. Transfere sempre para o ser amado as suas ne\u00adcessidades de seguran\u00e7a, exigindo receber a mesma dose de emo\u00e7\u00e3o, \u00e0s vezes desordenada, que descarrega no ser elegido. Essa \u00e9 uma exterioriza\u00e7\u00e3o infantil de insatisfa\u00e7\u00e3o afetiva, n\u00e3o completada, que foi transferida para a idade adulta e prossegue insaciada.<br \/>A afetividade madura proporciona o prazer, sem o qual permaneceria perturbada, angustiante, ca\u00f3tica.<br \/>Amar, \u00e9 um passo avan\u00e7ado do desenvolvimento psicol\u00f3gico do ser, uma conquista da emo\u00e7\u00e3o, que deve superar os conflitos, enriquecendo de prazer e de j\u00fabi\u00adlo aquele a quem \u00e9 dirigido o afeto.<br \/>Amadurecido pela experi\u00eancia da personalidade e pelo equil\u00edbrio das emo\u00e7\u00f5es, proporciona bem-estar na espera sem ansiedade, e alegria no encontro sem exi\u00adg\u00eancia.<\/p>\n<div class=\"pvc_clear\"><\/div>\n<p id=\"pvc_stats_14100\" class=\"pvc_stats all  \" data-element-id=\"14100\" style=\"\"><i class=\"pvc-stats-icon medium\" aria-hidden=\"true\"><svg aria-hidden=\"true\" focusable=\"false\" data-prefix=\"far\" data-icon=\"chart-bar\" role=\"img\" xmlns=\"http:\/\/www.w3.org\/2000\/svg\" viewBox=\"0 0 512 512\" class=\"svg-inline--fa fa-chart-bar fa-w-16 fa-2x\"><path fill=\"currentColor\" d=\"M396.8 352h22.4c6.4 0 12.8-6.4 12.8-12.8V108.8c0-6.4-6.4-12.8-12.8-12.8h-22.4c-6.4 0-12.8 6.4-12.8 12.8v230.4c0 6.4 6.4 12.8 12.8 12.8zm-192 0h22.4c6.4 0 12.8-6.4 12.8-12.8V140.8c0-6.4-6.4-12.8-12.8-12.8h-22.4c-6.4 0-12.8 6.4-12.8 12.8v198.4c0 6.4 6.4 12.8 12.8 12.8zm96 0h22.4c6.4 0 12.8-6.4 12.8-12.8V204.8c0-6.4-6.4-12.8-12.8-12.8h-22.4c-6.4 0-12.8 6.4-12.8 12.8v134.4c0 6.4 6.4 12.8 12.8 12.8zM496 400H48V80c0-8.84-7.16-16-16-16H16C7.16 64 0 71.16 0 80v336c0 17.67 14.33 32 32 32h464c8.84 0 16-7.16 16-16v-16c0-8.84-7.16-16-16-16zm-387.2-48h22.4c6.4 0 12.8-6.4 12.8-12.8v-70.4c0-6.4-6.4-12.8-12.8-12.8h-22.4c-6.4 0-12.8 6.4-12.8 12.8v70.4c0 6.4 6.4 12.8 12.8 12.8z\" class=\"\"><\/path><\/svg><\/i> <img decoding=\"async\" width=\"16\" height=\"16\" alt=\"Loading\" data-src=\"https:\/\/www.centronocaminhodaluz.com.br\/wp-content\/plugins\/page-views-count\/ajax-loader-2x.gif\" border=0 src=\"data:image\/svg+xml;base64,PHN2ZyB3aWR0aD0iMSIgaGVpZ2h0PSIxIiB4bWxucz0iaHR0cDovL3d3dy53My5vcmcvMjAwMC9zdmciPjwvc3ZnPg==\" class=\"lazyload\" style=\"--smush-placeholder-width: 16px; --smush-placeholder-aspect-ratio: 16\/16;\" \/><\/p>\n<div class=\"pvc_clear\"><\/div>\n","protected":false},"excerpt":{"rendered":"<p>A afetividade \u00e9 o sentimento que se expressa mediante rea\u00e7\u00f5es f\u00edsicas positivas.O ser humano tem necessidade de prazer, e to\u00addos os seus esfor\u00e7os s\u00e3o direcionados para usufru\u00ed-lo, evitando a experi\u00eancia do sofrimento, excetuan\u00addo-se os casos de transtornos masoquistas. Toda e qualquer busca, conscientemente ou n\u00e3o, aguarda a compensa\u00e7\u00e3o do bem-estar, que \u00e9 sempre a fonte&hellip; <br \/> <a class=\"read-more\" href=\"https:\/\/www.centronocaminhodaluz.com.br\/index.php\/artigo14100\/\">Leia mais<\/a><\/p>\n<div class=\"pvc_clear\"><\/div>\n<p id=\"pvc_stats_14100\" class=\"pvc_stats all  \" data-element-id=\"14100\" style=\"\"><i class=\"pvc-stats-icon medium\" aria-hidden=\"true\"><svg aria-hidden=\"true\" focusable=\"false\" data-prefix=\"far\" data-icon=\"chart-bar\" role=\"img\" xmlns=\"http:\/\/www.w3.org\/2000\/svg\" viewBox=\"0 0 512 512\" class=\"svg-inline--fa fa-chart-bar fa-w-16 fa-2x\"><path fill=\"currentColor\" d=\"M396.8 352h22.4c6.4 0 12.8-6.4 12.8-12.8V108.8c0-6.4-6.4-12.8-12.8-12.8h-22.4c-6.4 0-12.8 6.4-12.8 12.8v230.4c0 6.4 6.4 12.8 12.8 12.8zm-192 0h22.4c6.4 0 12.8-6.4 12.8-12.8V140.8c0-6.4-6.4-12.8-12.8-12.8h-22.4c-6.4 0-12.8 6.4-12.8 12.8v198.4c0 6.4 6.4 12.8 12.8 12.8zm96 0h22.4c6.4 0 12.8-6.4 12.8-12.8V204.8c0-6.4-6.4-12.8-12.8-12.8h-22.4c-6.4 0-12.8 6.4-12.8 12.8v134.4c0 6.4 6.4 12.8 12.8 12.8zM496 400H48V80c0-8.84-7.16-16-16-16H16C7.16 64 0 71.16 0 80v336c0 17.67 14.33 32 32 32h464c8.84 0 16-7.16 16-16v-16c0-8.84-7.16-16-16-16zm-387.2-48h22.4c6.4 0 12.8-6.4 12.8-12.8v-70.4c0-6.4-6.4-12.8-12.8-12.8h-22.4c-6.4 0-12.8 6.4-12.8 12.8v70.4c0 6.4 6.4 12.8 12.8 12.8z\" class=\"\"><\/path><\/svg><\/i> <img decoding=\"async\" width=\"16\" height=\"16\" alt=\"Loading\" data-src=\"https:\/\/www.centronocaminhodaluz.com.br\/wp-content\/plugins\/page-views-count\/ajax-loader-2x.gif\" border=0 src=\"data:image\/svg+xml;base64,PHN2ZyB3aWR0aD0iMSIgaGVpZ2h0PSIxIiB4bWxucz0iaHR0cDovL3d3dy53My5vcmcvMjAwMC9zdmciPjwvc3ZnPg==\" class=\"lazyload\" style=\"--smush-placeholder-width: 16px; --smush-placeholder-aspect-ratio: 16\/16;\" \/><\/p>\n<div class=\"pvc_clear\"><\/div>\n","protected":false},"author":1,"featured_media":0,"comment_status":"closed","ping_status":"open","sticky":false,"template":"","format":"standard","meta":{"footnotes":""},"categories":[25,16],"tags":[],"class_list":["post-14100","post","type-post","status-publish","format-standard","hentry","category-livro-amor-imbativel-amor-joanna-de-angelis","category-mensagens-diversas"],"a3_pvc":{"activated":true,"total_views":2586,"today_views":0},"_links":{"self":[{"href":"https:\/\/www.centronocaminhodaluz.com.br\/index.php\/wp-json\/wp\/v2\/posts\/14100","targetHints":{"allow":["GET"]}}],"collection":[{"href":"https:\/\/www.centronocaminhodaluz.com.br\/index.php\/wp-json\/wp\/v2\/posts"}],"about":[{"href":"https:\/\/www.centronocaminhodaluz.com.br\/index.php\/wp-json\/wp\/v2\/types\/post"}],"author":[{"embeddable":true,"href":"https:\/\/www.centronocaminhodaluz.com.br\/index.php\/wp-json\/wp\/v2\/users\/1"}],"replies":[{"embeddable":true,"href":"https:\/\/www.centronocaminhodaluz.com.br\/index.php\/wp-json\/wp\/v2\/comments?post=14100"}],"version-history":[{"count":0,"href":"https:\/\/www.centronocaminhodaluz.com.br\/index.php\/wp-json\/wp\/v2\/posts\/14100\/revisions"}],"wp:attachment":[{"href":"https:\/\/www.centronocaminhodaluz.com.br\/index.php\/wp-json\/wp\/v2\/media?parent=14100"}],"wp:term":[{"taxonomy":"category","embeddable":true,"href":"https:\/\/www.centronocaminhodaluz.com.br\/index.php\/wp-json\/wp\/v2\/categories?post=14100"},{"taxonomy":"post_tag","embeddable":true,"href":"https:\/\/www.centronocaminhodaluz.com.br\/index.php\/wp-json\/wp\/v2\/tags?post=14100"}],"curies":[{"name":"wp","href":"https:\/\/api.w.org\/{rel}","templated":true}]}}