{"id":14145,"date":"2017-08-06T09:12:00","date_gmt":"2017-08-06T09:12:00","guid":{"rendered":"http:\/\/www.centronocaminhodaluz.com.br\/index.php\/artigo14145\/"},"modified":"2017-08-06T09:57:19","modified_gmt":"2017-08-06T12:57:19","slug":"artigo14145","status":"publish","type":"post","link":"https:\/\/www.centronocaminhodaluz.com.br\/index.php\/artigo14145\/","title":{"rendered":"Limites &#8211; Reda\u00e7\u00e3o do Momento Esp\u00edrita"},"content":{"rendered":"<p>\n<br \/>\u201cSomos as primeiras gera\u00e7\u00f5es de pais decididos a n\u00e3o repetir com os filhos os erros de nossos progenitores.<\/p>\n<p>E com o esfor\u00e7o de abolir os abusos do passado, somos os pais mais dedicados e compreensivos, mas,  por outro lado, os mais bobos e inseguros que j\u00e1 houve na hist\u00f3ria.\u201d<\/p>\n<p>A constata\u00e7\u00e3o trazida pelo artigo que circula pela internet \u00e9 deveras interessante, e vale a pena ser estudada.<\/p>\n<p>O texto continua dizendo: Parece que, em nossa tentativa de sermos os pais que quer\u00edamos ter, passamos de um extremo ao outro.<\/p>\n<p>Assim, somos a \u00faltima gera\u00e7\u00e3o de filhos que obedeceram a seus pais, e a primeira gera\u00e7\u00e3o de pais que obedecem a seus filhos.<\/p>\n<p>Os \u00faltimos que tiveram medo dos pais e os primeiros que temem os filhos.<\/p>\n<p>E o pior: os \u00faltimos que respeitaram os pais e os primeiros que aceitam que os filhos lhes faltem com o respeito.<\/p>\n<p>Na medida em que o permiss\u00edvel substituiu o autoritarismo, os termos das rela\u00e7\u00f5es familiares mudaram de forma radical, para o bem e para o mal.<\/p>\n<p>Com efeito, antes se consideravam bons pais aqueles cujos filhos se comportavam bem, obedeciam a suas ordens e os tratavam com o devido respeito.<\/p>\n<p>E bons filhos, as crian\u00e7as que eram formais e veneravam seus pais.<\/p>\n<p>Mas, \u00e0 medida que as fronteiras hier\u00e1rquicas entre n\u00f3s e nossos filhos foram se desvanecendo, hoje, os bons pais s\u00e3o aqueles que conseguem que seus filhos os amem, ainda que pouco os respeitem.<\/p>\n<p>E s\u00e3o os filhos que, agora, esperam respeito de seus pais, pretendendo de tal maneira que respeitem as suas ideias, seus gostos, suas prefer\u00eancias e sua forma de agir e viver.<\/p>\n<p>E, al\u00e9m disso, que os patrocinem no que necessitarem para tal fim.<\/p>\n<p>Quer dizer, os pap\u00e9is se inverteram, e agora s\u00e3o os pais que t\u00eam que agradar a seus filhos para ganh\u00e1-los e n\u00e3o o inverso, como no passado.<\/p>\n<p>Isto explica o esfor\u00e7o que fazem hoje tantos pais e m\u00e3es para serem os melhores \u201camigos\u201d e \u201cdar tudo\u201d a seus filhos.<\/p>\n<p>Os filhos precisam perceber que, durante a inf\u00e2ncia, estamos \u00e0 frente de suas vidas, como l\u00edderes capazes de sujeit\u00e1-los quando n\u00e3o os podemos conter, e de gui\u00e1-los enquanto n\u00e3o sabem para onde v\u00e3o.<\/p>\n<p>Se o autoritarismo suplanta, humilha, o permiss\u00edvel sufoca.<\/p>\n<p>Apenas uma atitude firme, respeitosa, lhes permitir\u00e1 confiar em nossa idoneidade para governar suas vidas enquanto forem menores.<\/p>\n<p>Vamos \u00e0 frente liderando-os e n\u00e3o atr\u00e1s, carregando-os, e rendidos \u00e0 sua vontade.<\/p>\n<p>\u00c9 assim que evitaremos que as novas gera\u00e7\u00f5es se afoguem no descontrole e t\u00e9dio no qual muitos est\u00e3o afundando, descuidados.<\/p>\n<p>Os limites abrigam o indiv\u00edduo. Com amor ilimitado e profundo respeito.<\/p>\n<p>*   *   *<\/p>\n<p>Allan Kardec, na quest\u00e3o 208 de O livro dos Esp\u00edritos, pergunta: O Esp\u00edrito dos pais tem influ\u00eancia sobre o do filho ap\u00f3s o nascimento?<\/p>\n<p>H\u00e1 uma influ\u00eancia muito grande \u2013 respondem os Esp\u00edritos \u2013 como j\u00e1 dissemos, os Esp\u00edritos devem contribuir para o progresso uns dos outros.<\/p>\n<p>Pois bem, os Esp\u00edritos dos pais t\u00eam como miss\u00e3o desenvolver o de seus filhos pela educa\u00e7\u00e3o. \u00c9 para eles uma tarefa: se falharem, ser\u00e3o culpados.<\/p>\n<p>Reda\u00e7\u00e3o do Momento Esp\u00edrita, com base em texto recebido<br \/>\n<br \/>pela internet, atribu\u00eddo a M\u00f4nica Monast\u00e9rio, e na quest\u00e3o<br \/>\n<br \/>208 de O livro dos Esp\u00edritos, de Allan Kardec, ed. FEB.<br \/>\n<br \/>Em 21.7.2017.<\/p>\n<div class=\"pvc_clear\"><\/div>\n<p id=\"pvc_stats_14145\" class=\"pvc_stats all  \" data-element-id=\"14145\" style=\"\"><i class=\"pvc-stats-icon medium\" aria-hidden=\"true\"><svg aria-hidden=\"true\" focusable=\"false\" data-prefix=\"far\" data-icon=\"chart-bar\" role=\"img\" xmlns=\"http:\/\/www.w3.org\/2000\/svg\" viewBox=\"0 0 512 512\" class=\"svg-inline--fa fa-chart-bar fa-w-16 fa-2x\"><path fill=\"currentColor\" d=\"M396.8 352h22.4c6.4 0 12.8-6.4 12.8-12.8V108.8c0-6.4-6.4-12.8-12.8-12.8h-22.4c-6.4 0-12.8 6.4-12.8 12.8v230.4c0 6.4 6.4 12.8 12.8 12.8zm-192 0h22.4c6.4 0 12.8-6.4 12.8-12.8V140.8c0-6.4-6.4-12.8-12.8-12.8h-22.4c-6.4 0-12.8 6.4-12.8 12.8v198.4c0 6.4 6.4 12.8 12.8 12.8zm96 0h22.4c6.4 0 12.8-6.4 12.8-12.8V204.8c0-6.4-6.4-12.8-12.8-12.8h-22.4c-6.4 0-12.8 6.4-12.8 12.8v134.4c0 6.4 6.4 12.8 12.8 12.8zM496 400H48V80c0-8.84-7.16-16-16-16H16C7.16 64 0 71.16 0 80v336c0 17.67 14.33 32 32 32h464c8.84 0 16-7.16 16-16v-16c0-8.84-7.16-16-16-16zm-387.2-48h22.4c6.4 0 12.8-6.4 12.8-12.8v-70.4c0-6.4-6.4-12.8-12.8-12.8h-22.4c-6.4 0-12.8 6.4-12.8 12.8v70.4c0 6.4 6.4 12.8 12.8 12.8z\" class=\"\"><\/path><\/svg><\/i> <img decoding=\"async\" width=\"16\" height=\"16\" alt=\"Loading\" data-src=\"https:\/\/www.centronocaminhodaluz.com.br\/wp-content\/plugins\/page-views-count\/ajax-loader-2x.gif\" border=0 src=\"data:image\/svg+xml;base64,PHN2ZyB3aWR0aD0iMSIgaGVpZ2h0PSIxIiB4bWxucz0iaHR0cDovL3d3dy53My5vcmcvMjAwMC9zdmciPjwvc3ZnPg==\" class=\"lazyload\" style=\"--smush-placeholder-width: 16px; --smush-placeholder-aspect-ratio: 16\/16;\" \/><\/p>\n<div class=\"pvc_clear\"><\/div>\n","protected":false},"excerpt":{"rendered":"<p>\u201cSomos as primeiras gera\u00e7\u00f5es de pais decididos a n\u00e3o repetir com os filhos os erros de nossos progenitores. E com o esfor\u00e7o de abolir os abusos do passado, somos os pais mais dedicados e compreensivos, mas, por outro lado, os mais bobos e inseguros que j\u00e1 houve na hist\u00f3ria.\u201d A constata\u00e7\u00e3o trazida pelo artigo que&hellip; <br \/> <a class=\"read-more\" href=\"https:\/\/www.centronocaminhodaluz.com.br\/index.php\/artigo14145\/\">Leia mais<\/a><\/p>\n<div class=\"pvc_clear\"><\/div>\n<p id=\"pvc_stats_14145\" class=\"pvc_stats all  \" data-element-id=\"14145\" style=\"\"><i class=\"pvc-stats-icon medium\" aria-hidden=\"true\"><svg aria-hidden=\"true\" focusable=\"false\" data-prefix=\"far\" data-icon=\"chart-bar\" role=\"img\" xmlns=\"http:\/\/www.w3.org\/2000\/svg\" viewBox=\"0 0 512 512\" class=\"svg-inline--fa fa-chart-bar fa-w-16 fa-2x\"><path fill=\"currentColor\" d=\"M396.8 352h22.4c6.4 0 12.8-6.4 12.8-12.8V108.8c0-6.4-6.4-12.8-12.8-12.8h-22.4c-6.4 0-12.8 6.4-12.8 12.8v230.4c0 6.4 6.4 12.8 12.8 12.8zm-192 0h22.4c6.4 0 12.8-6.4 12.8-12.8V140.8c0-6.4-6.4-12.8-12.8-12.8h-22.4c-6.4 0-12.8 6.4-12.8 12.8v198.4c0 6.4 6.4 12.8 12.8 12.8zm96 0h22.4c6.4 0 12.8-6.4 12.8-12.8V204.8c0-6.4-6.4-12.8-12.8-12.8h-22.4c-6.4 0-12.8 6.4-12.8 12.8v134.4c0 6.4 6.4 12.8 12.8 12.8zM496 400H48V80c0-8.84-7.16-16-16-16H16C7.16 64 0 71.16 0 80v336c0 17.67 14.33 32 32 32h464c8.84 0 16-7.16 16-16v-16c0-8.84-7.16-16-16-16zm-387.2-48h22.4c6.4 0 12.8-6.4 12.8-12.8v-70.4c0-6.4-6.4-12.8-12.8-12.8h-22.4c-6.4 0-12.8 6.4-12.8 12.8v70.4c0 6.4 6.4 12.8 12.8 12.8z\" class=\"\"><\/path><\/svg><\/i> <img decoding=\"async\" width=\"16\" height=\"16\" alt=\"Loading\" data-src=\"https:\/\/www.centronocaminhodaluz.com.br\/wp-content\/plugins\/page-views-count\/ajax-loader-2x.gif\" border=0 src=\"data:image\/svg+xml;base64,PHN2ZyB3aWR0aD0iMSIgaGVpZ2h0PSIxIiB4bWxucz0iaHR0cDovL3d3dy53My5vcmcvMjAwMC9zdmciPjwvc3ZnPg==\" class=\"lazyload\" style=\"--smush-placeholder-width: 16px; --smush-placeholder-aspect-ratio: 16\/16;\" \/><\/p>\n<div class=\"pvc_clear\"><\/div>\n","protected":false},"author":1,"featured_media":0,"comment_status":"closed","ping_status":"open","sticky":false,"template":"","format":"standard","meta":{"footnotes":""},"categories":[16],"tags":[],"class_list":["post-14145","post","type-post","status-publish","format-standard","hentry","category-mensagens-diversas"],"a3_pvc":{"activated":true,"total_views":1348,"today_views":0},"_links":{"self":[{"href":"https:\/\/www.centronocaminhodaluz.com.br\/index.php\/wp-json\/wp\/v2\/posts\/14145","targetHints":{"allow":["GET"]}}],"collection":[{"href":"https:\/\/www.centronocaminhodaluz.com.br\/index.php\/wp-json\/wp\/v2\/posts"}],"about":[{"href":"https:\/\/www.centronocaminhodaluz.com.br\/index.php\/wp-json\/wp\/v2\/types\/post"}],"author":[{"embeddable":true,"href":"https:\/\/www.centronocaminhodaluz.com.br\/index.php\/wp-json\/wp\/v2\/users\/1"}],"replies":[{"embeddable":true,"href":"https:\/\/www.centronocaminhodaluz.com.br\/index.php\/wp-json\/wp\/v2\/comments?post=14145"}],"version-history":[{"count":0,"href":"https:\/\/www.centronocaminhodaluz.com.br\/index.php\/wp-json\/wp\/v2\/posts\/14145\/revisions"}],"wp:attachment":[{"href":"https:\/\/www.centronocaminhodaluz.com.br\/index.php\/wp-json\/wp\/v2\/media?parent=14145"}],"wp:term":[{"taxonomy":"category","embeddable":true,"href":"https:\/\/www.centronocaminhodaluz.com.br\/index.php\/wp-json\/wp\/v2\/categories?post=14145"},{"taxonomy":"post_tag","embeddable":true,"href":"https:\/\/www.centronocaminhodaluz.com.br\/index.php\/wp-json\/wp\/v2\/tags?post=14145"}],"curies":[{"name":"wp","href":"https:\/\/api.w.org\/{rel}","templated":true}]}}