{"id":14148,"date":"2017-08-06T09:53:00","date_gmt":"2017-08-06T09:53:00","guid":{"rendered":"http:\/\/www.centronocaminhodaluz.com.br\/index.php\/artigo14148\/"},"modified":"2017-08-06T09:59:59","modified_gmt":"2017-08-06T12:59:59","slug":"artigo14148","status":"publish","type":"post","link":"https:\/\/www.centronocaminhodaluz.com.br\/index.php\/artigo14148\/","title":{"rendered":"Evangelho Segundo o Espiritismo  Parte 126"},"content":{"rendered":"<div align=left><em><strong>INSTRU\u00c7\u00d5ES DOS ESP\u00cdRITOS<BR><BR>A F\u00c9: M\u00c3E DA ESPERAN\u00c7A E DA CARIDADE<BR><BR>11. Para ser proveitosa, a f\u00e9 tem de ser ativa, n\u00e3o deve entorpecer-se. M\u00e3e de todas as virtudes que conduzem a Deus, cumpre-lhe velar atentamente pelo desenvolvimento dos filhos que gerou. <BR><BR>_____________ <BR>A esperan\u00e7a e a caridade s\u00e3o corol\u00e1rios da f\u00e9 e formam com esta uma trindade insepar\u00e1vel. N\u00e3o \u00e9 a f\u00e9 que faculta a esperan\u00e7a na realiza\u00e7\u00e3o das promessas do Senhor? Se n\u00e3o tiverdes f\u00e9, que esperareis? N\u00e3o \u00e9 a f\u00e9 que d\u00e1 o amor? Se n\u00e3o tendes f\u00e9, qual ser\u00e1 o vosso reconhecimento e, portanto, o vosso amor? <BR><BR>Inspira\u00e7\u00e3o divina, a f\u00e9 desperta todos os instintos nobres que encaminham o homem para o bem. \u00c9 a base da regenera\u00e7\u00e3o. Preciso \u00e9, pois, que essa base seja forte e dur\u00e1vel, porquanto, se a mais ligeira d\u00favida a abalar que ser\u00e1 do edif\u00edcio que sobre ela construirdes?    Levantai, conseguintemente, esse edif\u00edcio sobre alicerces inamov\u00edveis. Seja mais forte a vossa f\u00e9 do que os sofismas e as zombarias dos incr\u00e9dulos, visto que a f\u00e9 que n\u00e3o afronta o rid\u00edculo dos homens n\u00e3o \u00e9 f\u00e9 verdadeira. <BR><BR>A f\u00e9 sincera \u00e9 empolgante e contagiosa, comunica-se aos que n\u00e3o na tinham, ou, mesmo, n\u00e3o desejariam t\u00ea-la. Encontra palavras persuasivas que v\u00e3o \u00e0 alma. ao passo que a f\u00e9 aparente usa de palavras sonoras que deixam frio e indiferente quem as escuta. Pregai pelo exemplo da vossa f\u00e9, para a incutirdes nos homens. Pregai pelo exemplo das vossas obras para lhes demonstrardes o merecimento da f\u00e9. Pregai pela vossa esperan\u00e7a firme, para lhes dardes a ver a confian\u00e7a que fortifica e p\u00f5e a criatura em condi\u00e7\u00f5es de enfrentar todas as vicissitudes da vida.<BR><BR>Tende, pois, a f\u00e9, com o que ela cont\u00e9m de belo e de bom, com a sua pureza, com a sua racionalidade. N\u00e3o admitais a f\u00e9 sem comprova\u00e7\u00e3o, cega filha da cegueira. Amai a Deus, mas sabendo porque o amais, crede nas suas promessas, mas sabendo porque acreditais nelas, segui os nossos conselhos, mas compenetrados do um que vos apontamos e dos meios que vos trazemos para o atingirdes. Crede e esperai sem desfalecimento: os milagres s\u00e3o obras da f\u00e9.  Jos\u00e9, Esp\u00edrito protetor.   (Bord\u00e9us, 1862.) <BR><BR><\/strong><\/em><\/div>\n<div class=\"pvc_clear\"><\/div>\n<p id=\"pvc_stats_14148\" class=\"pvc_stats all  \" data-element-id=\"14148\" style=\"\"><i class=\"pvc-stats-icon medium\" aria-hidden=\"true\"><svg aria-hidden=\"true\" focusable=\"false\" data-prefix=\"far\" data-icon=\"chart-bar\" role=\"img\" xmlns=\"http:\/\/www.w3.org\/2000\/svg\" viewBox=\"0 0 512 512\" class=\"svg-inline--fa fa-chart-bar fa-w-16 fa-2x\"><path fill=\"currentColor\" d=\"M396.8 352h22.4c6.4 0 12.8-6.4 12.8-12.8V108.8c0-6.4-6.4-12.8-12.8-12.8h-22.4c-6.4 0-12.8 6.4-12.8 12.8v230.4c0 6.4 6.4 12.8 12.8 12.8zm-192 0h22.4c6.4 0 12.8-6.4 12.8-12.8V140.8c0-6.4-6.4-12.8-12.8-12.8h-22.4c-6.4 0-12.8 6.4-12.8 12.8v198.4c0 6.4 6.4 12.8 12.8 12.8zm96 0h22.4c6.4 0 12.8-6.4 12.8-12.8V204.8c0-6.4-6.4-12.8-12.8-12.8h-22.4c-6.4 0-12.8 6.4-12.8 12.8v134.4c0 6.4 6.4 12.8 12.8 12.8zM496 400H48V80c0-8.84-7.16-16-16-16H16C7.16 64 0 71.16 0 80v336c0 17.67 14.33 32 32 32h464c8.84 0 16-7.16 16-16v-16c0-8.84-7.16-16-16-16zm-387.2-48h22.4c6.4 0 12.8-6.4 12.8-12.8v-70.4c0-6.4-6.4-12.8-12.8-12.8h-22.4c-6.4 0-12.8 6.4-12.8 12.8v70.4c0 6.4 6.4 12.8 12.8 12.8z\" class=\"\"><\/path><\/svg><\/i> <img decoding=\"async\" width=\"16\" height=\"16\" alt=\"Loading\" data-src=\"https:\/\/www.centronocaminhodaluz.com.br\/wp-content\/plugins\/page-views-count\/ajax-loader-2x.gif\" border=0 src=\"data:image\/svg+xml;base64,PHN2ZyB3aWR0aD0iMSIgaGVpZ2h0PSIxIiB4bWxucz0iaHR0cDovL3d3dy53My5vcmcvMjAwMC9zdmciPjwvc3ZnPg==\" class=\"lazyload\" style=\"--smush-placeholder-width: 16px; --smush-placeholder-aspect-ratio: 16\/16;\" \/><\/p>\n<div class=\"pvc_clear\"><\/div>\n","protected":false},"excerpt":{"rendered":"<p>INSTRU\u00c7\u00d5ES DOS ESP\u00cdRITOSA F\u00c9: M\u00c3E DA ESPERAN\u00c7A E DA CARIDADE11. Para ser proveitosa, a f\u00e9 tem de ser ativa, n\u00e3o deve entorpecer-se. M\u00e3e de todas as virtudes que conduzem a Deus, cumpre-lhe velar atentamente pelo desenvolvimento dos filhos que gerou. _____________ A esperan\u00e7a e a caridade s\u00e3o corol\u00e1rios da f\u00e9 e formam com esta uma&hellip; <br \/> <a class=\"read-more\" href=\"https:\/\/www.centronocaminhodaluz.com.br\/index.php\/artigo14148\/\">Leia mais<\/a><\/p>\n<div class=\"pvc_clear\"><\/div>\n<p id=\"pvc_stats_14148\" class=\"pvc_stats all  \" data-element-id=\"14148\" style=\"\"><i class=\"pvc-stats-icon medium\" aria-hidden=\"true\"><svg aria-hidden=\"true\" focusable=\"false\" data-prefix=\"far\" data-icon=\"chart-bar\" role=\"img\" xmlns=\"http:\/\/www.w3.org\/2000\/svg\" viewBox=\"0 0 512 512\" class=\"svg-inline--fa fa-chart-bar fa-w-16 fa-2x\"><path fill=\"currentColor\" d=\"M396.8 352h22.4c6.4 0 12.8-6.4 12.8-12.8V108.8c0-6.4-6.4-12.8-12.8-12.8h-22.4c-6.4 0-12.8 6.4-12.8 12.8v230.4c0 6.4 6.4 12.8 12.8 12.8zm-192 0h22.4c6.4 0 12.8-6.4 12.8-12.8V140.8c0-6.4-6.4-12.8-12.8-12.8h-22.4c-6.4 0-12.8 6.4-12.8 12.8v198.4c0 6.4 6.4 12.8 12.8 12.8zm96 0h22.4c6.4 0 12.8-6.4 12.8-12.8V204.8c0-6.4-6.4-12.8-12.8-12.8h-22.4c-6.4 0-12.8 6.4-12.8 12.8v134.4c0 6.4 6.4 12.8 12.8 12.8zM496 400H48V80c0-8.84-7.16-16-16-16H16C7.16 64 0 71.16 0 80v336c0 17.67 14.33 32 32 32h464c8.84 0 16-7.16 16-16v-16c0-8.84-7.16-16-16-16zm-387.2-48h22.4c6.4 0 12.8-6.4 12.8-12.8v-70.4c0-6.4-6.4-12.8-12.8-12.8h-22.4c-6.4 0-12.8 6.4-12.8 12.8v70.4c0 6.4 6.4 12.8 12.8 12.8z\" class=\"\"><\/path><\/svg><\/i> <img decoding=\"async\" width=\"16\" height=\"16\" alt=\"Loading\" data-src=\"https:\/\/www.centronocaminhodaluz.com.br\/wp-content\/plugins\/page-views-count\/ajax-loader-2x.gif\" border=0 src=\"data:image\/svg+xml;base64,PHN2ZyB3aWR0aD0iMSIgaGVpZ2h0PSIxIiB4bWxucz0iaHR0cDovL3d3dy53My5vcmcvMjAwMC9zdmciPjwvc3ZnPg==\" class=\"lazyload\" style=\"--smush-placeholder-width: 16px; --smush-placeholder-aspect-ratio: 16\/16;\" \/><\/p>\n<div class=\"pvc_clear\"><\/div>\n","protected":false},"author":1,"featured_media":0,"comment_status":"closed","ping_status":"open","sticky":false,"template":"","format":"standard","meta":{"footnotes":""},"categories":[7,16],"tags":[],"class_list":["post-14148","post","type-post","status-publish","format-standard","hentry","category-evangelho","category-mensagens-diversas"],"a3_pvc":{"activated":true,"total_views":2408,"today_views":0},"_links":{"self":[{"href":"https:\/\/www.centronocaminhodaluz.com.br\/index.php\/wp-json\/wp\/v2\/posts\/14148","targetHints":{"allow":["GET"]}}],"collection":[{"href":"https:\/\/www.centronocaminhodaluz.com.br\/index.php\/wp-json\/wp\/v2\/posts"}],"about":[{"href":"https:\/\/www.centronocaminhodaluz.com.br\/index.php\/wp-json\/wp\/v2\/types\/post"}],"author":[{"embeddable":true,"href":"https:\/\/www.centronocaminhodaluz.com.br\/index.php\/wp-json\/wp\/v2\/users\/1"}],"replies":[{"embeddable":true,"href":"https:\/\/www.centronocaminhodaluz.com.br\/index.php\/wp-json\/wp\/v2\/comments?post=14148"}],"version-history":[{"count":0,"href":"https:\/\/www.centronocaminhodaluz.com.br\/index.php\/wp-json\/wp\/v2\/posts\/14148\/revisions"}],"wp:attachment":[{"href":"https:\/\/www.centronocaminhodaluz.com.br\/index.php\/wp-json\/wp\/v2\/media?parent=14148"}],"wp:term":[{"taxonomy":"category","embeddable":true,"href":"https:\/\/www.centronocaminhodaluz.com.br\/index.php\/wp-json\/wp\/v2\/categories?post=14148"},{"taxonomy":"post_tag","embeddable":true,"href":"https:\/\/www.centronocaminhodaluz.com.br\/index.php\/wp-json\/wp\/v2\/tags?post=14148"}],"curies":[{"name":"wp","href":"https:\/\/api.w.org\/{rel}","templated":true}]}}