{"id":14164,"date":"2017-08-13T08:12:00","date_gmt":"2017-08-13T08:12:00","guid":{"rendered":"http:\/\/www.centronocaminhodaluz.com.br\/index.php\/artigo14164\/"},"modified":"2017-08-13T08:40:48","modified_gmt":"2017-08-13T11:40:48","slug":"artigo14164","status":"publish","type":"post","link":"https:\/\/www.centronocaminhodaluz.com.br\/index.php\/artigo14164\/","title":{"rendered":"O Fantasma e o Fil\u00f3sofo"},"content":{"rendered":"<p>Pedro Fagundes Azevedo, jornalista, ex-presidente da Soc.  Legi\u00e3o Esp\u00edrita de Porto Alegre. Contribui\u00e7\u00e3o de Pedro<\/p>\n<p>Conta o pr\u00f3prio Allan Kardec, na sua Revista Esp\u00edrita de mar\u00e7o de 1859, citando o testemunho de um amigo, que h\u00e1 muito tempo existia em  Atenas uma bela casa que apesar de  grande e confort\u00e1vel permanecia em completo abandono. Ningu\u00e9m queria saber de ali morar por causa de uma fant\u00e1stica assombra\u00e7\u00e3o. Ao chegar a noite,  ouvia-se ru\u00eddos de ferros e, apurando bem o ouvido, captava-se um rumor de correntes, que a princ\u00edpio parecia vir de longe e aproximava-se pouco a pouco. Aparecia ent\u00e3o o espectro  de um velho, muito magro, muito abatido, com uma longa barba e cabelos desgrenhados, com correntes nos p\u00e9s e nos pulsos.<br \/>\n<br \/>Assim, os  que tentavam habitar aquela casa passavam por noites de medo e terror. Embora durante o dia o fantasma  n\u00e3o aparecesse, o medo que havia provocado durante a noite n\u00e3o deixava ningu\u00e9m sossegado. At\u00e9 que   seus  propriet\u00e1rios resolveram passar adiante o terr\u00edvel problema que j\u00e1 era bem conhecido em toda a cidade.  Colocaram ent\u00e3o um aviso  de venda ou aluguel no jornal local, com a esperan\u00e7a de que algu\u00e9m, menos avisado, viesse a se interessar.<br \/>\n<br \/>A  publica\u00e7\u00e3o desse an\u00fancio coincidiu  com a visita a Atenas do fil\u00f3sofo  Atenodoro que na \u00e9poca  procurava uma casa para ali fixar resid\u00eancia.  L\u00ea o an\u00fancio e procura informar-se. Contam-lhe a hist\u00f3ria e, longe de interromper o neg\u00f3cio, trata de conclu\u00ed-lo sem demora. Instala-se  e temendo que sua imagina\u00e7\u00e3o chegasse a um temor t\u00e3o fr\u00edvolo a ponto de imaginar fantasmas, aplica toda sua aten\u00e7\u00e3o na arte de  escrever suas ideias filos\u00f3ficas.  Logo na primeira noite um profundo sil\u00eancio reina na casa, como por toda parte. Depois ele ouve o entrechoque de ferros e barulho de correntes. N\u00e3o levanta os olhos nem larga a pena; tranquiliza-se e esfor\u00e7a-se por escutar. O ru\u00eddo aumenta, aproxima-se e d\u00e1 a impress\u00e3o de estar junto \u00e0 porta do quarto. Ele olha e v\u00ea o espectro, tal qual lhe haviam descrito. O fantasma estava de p\u00e9 e o chamava com o dedo indicador. Atenodoro faz sinal com a m\u00e3o para que espere um pouco e continua a escrever na mais completa calma, como se nada estivesse acontecendo.<br \/>\n<br \/>O espectro recome\u00e7a ent\u00e3o o barulho com as correntes, que faz soar aos ouvidos do fil\u00f3sofo. Ele olha ainda uma vez e v\u00ea que continua a ser chamado com o dedo. Ent\u00e3o, sem mais delongas, levanta-se, toma um casti\u00e7al com duas velas acesas e o segue. O fantasma caminha com um passo lento, como se oprimido pelo peso das correntes. Chegando ao p\u00e1tio interno da casa, desaparece de s\u00fabito, deixando ali o nosso fil\u00f3sofo. Este, no dia seguinte, procura as autoridades locais a quem  narra a estranha ocorr\u00eancia e  pede que mandem escavar naquele lugar. Cavaram e para espanto geral encontram um esqueleto com os ossos ainda presos \u00e0s correntes. Rezam e  convidam a popula\u00e7\u00e3o para a cerimonia de  enterro p\u00fablico ao entardecer do mesmo dia. A partir da\u00ed, depois da comunidade ter rendido as  homenagens f\u00fanebres, o fantasma nunca mais apareceu.<\/p>\n<div class=\"pvc_clear\"><\/div>\n<p id=\"pvc_stats_14164\" class=\"pvc_stats all  \" data-element-id=\"14164\" style=\"\"><i class=\"pvc-stats-icon medium\" aria-hidden=\"true\"><svg aria-hidden=\"true\" focusable=\"false\" data-prefix=\"far\" data-icon=\"chart-bar\" role=\"img\" xmlns=\"http:\/\/www.w3.org\/2000\/svg\" viewBox=\"0 0 512 512\" class=\"svg-inline--fa fa-chart-bar fa-w-16 fa-2x\"><path fill=\"currentColor\" d=\"M396.8 352h22.4c6.4 0 12.8-6.4 12.8-12.8V108.8c0-6.4-6.4-12.8-12.8-12.8h-22.4c-6.4 0-12.8 6.4-12.8 12.8v230.4c0 6.4 6.4 12.8 12.8 12.8zm-192 0h22.4c6.4 0 12.8-6.4 12.8-12.8V140.8c0-6.4-6.4-12.8-12.8-12.8h-22.4c-6.4 0-12.8 6.4-12.8 12.8v198.4c0 6.4 6.4 12.8 12.8 12.8zm96 0h22.4c6.4 0 12.8-6.4 12.8-12.8V204.8c0-6.4-6.4-12.8-12.8-12.8h-22.4c-6.4 0-12.8 6.4-12.8 12.8v134.4c0 6.4 6.4 12.8 12.8 12.8zM496 400H48V80c0-8.84-7.16-16-16-16H16C7.16 64 0 71.16 0 80v336c0 17.67 14.33 32 32 32h464c8.84 0 16-7.16 16-16v-16c0-8.84-7.16-16-16-16zm-387.2-48h22.4c6.4 0 12.8-6.4 12.8-12.8v-70.4c0-6.4-6.4-12.8-12.8-12.8h-22.4c-6.4 0-12.8 6.4-12.8 12.8v70.4c0 6.4 6.4 12.8 12.8 12.8z\" class=\"\"><\/path><\/svg><\/i> <img decoding=\"async\" width=\"16\" height=\"16\" alt=\"Loading\" data-src=\"https:\/\/www.centronocaminhodaluz.com.br\/wp-content\/plugins\/page-views-count\/ajax-loader-2x.gif\" border=0 src=\"data:image\/svg+xml;base64,PHN2ZyB3aWR0aD0iMSIgaGVpZ2h0PSIxIiB4bWxucz0iaHR0cDovL3d3dy53My5vcmcvMjAwMC9zdmciPjwvc3ZnPg==\" class=\"lazyload\" style=\"--smush-placeholder-width: 16px; --smush-placeholder-aspect-ratio: 16\/16;\" \/><\/p>\n<div class=\"pvc_clear\"><\/div>\n","protected":false},"excerpt":{"rendered":"<p>Pedro Fagundes Azevedo, jornalista, ex-presidente da Soc. Legi\u00e3o Esp\u00edrita de Porto Alegre. Contribui\u00e7\u00e3o de Pedro Conta o pr\u00f3prio Allan Kardec, na sua Revista Esp\u00edrita de mar\u00e7o de 1859, citando o testemunho de um amigo, que h\u00e1 muito tempo existia em Atenas uma bela casa que apesar de grande e confort\u00e1vel permanecia em completo abandono. Ningu\u00e9m&hellip; <br \/> <a class=\"read-more\" href=\"https:\/\/www.centronocaminhodaluz.com.br\/index.php\/artigo14164\/\">Leia mais<\/a><\/p>\n<div class=\"pvc_clear\"><\/div>\n<p id=\"pvc_stats_14164\" class=\"pvc_stats all  \" data-element-id=\"14164\" style=\"\"><i class=\"pvc-stats-icon medium\" aria-hidden=\"true\"><svg aria-hidden=\"true\" focusable=\"false\" data-prefix=\"far\" data-icon=\"chart-bar\" role=\"img\" xmlns=\"http:\/\/www.w3.org\/2000\/svg\" viewBox=\"0 0 512 512\" class=\"svg-inline--fa fa-chart-bar fa-w-16 fa-2x\"><path fill=\"currentColor\" d=\"M396.8 352h22.4c6.4 0 12.8-6.4 12.8-12.8V108.8c0-6.4-6.4-12.8-12.8-12.8h-22.4c-6.4 0-12.8 6.4-12.8 12.8v230.4c0 6.4 6.4 12.8 12.8 12.8zm-192 0h22.4c6.4 0 12.8-6.4 12.8-12.8V140.8c0-6.4-6.4-12.8-12.8-12.8h-22.4c-6.4 0-12.8 6.4-12.8 12.8v198.4c0 6.4 6.4 12.8 12.8 12.8zm96 0h22.4c6.4 0 12.8-6.4 12.8-12.8V204.8c0-6.4-6.4-12.8-12.8-12.8h-22.4c-6.4 0-12.8 6.4-12.8 12.8v134.4c0 6.4 6.4 12.8 12.8 12.8zM496 400H48V80c0-8.84-7.16-16-16-16H16C7.16 64 0 71.16 0 80v336c0 17.67 14.33 32 32 32h464c8.84 0 16-7.16 16-16v-16c0-8.84-7.16-16-16-16zm-387.2-48h22.4c6.4 0 12.8-6.4 12.8-12.8v-70.4c0-6.4-6.4-12.8-12.8-12.8h-22.4c-6.4 0-12.8 6.4-12.8 12.8v70.4c0 6.4 6.4 12.8 12.8 12.8z\" class=\"\"><\/path><\/svg><\/i> <img decoding=\"async\" width=\"16\" height=\"16\" alt=\"Loading\" data-src=\"https:\/\/www.centronocaminhodaluz.com.br\/wp-content\/plugins\/page-views-count\/ajax-loader-2x.gif\" border=0 src=\"data:image\/svg+xml;base64,PHN2ZyB3aWR0aD0iMSIgaGVpZ2h0PSIxIiB4bWxucz0iaHR0cDovL3d3dy53My5vcmcvMjAwMC9zdmciPjwvc3ZnPg==\" class=\"lazyload\" style=\"--smush-placeholder-width: 16px; --smush-placeholder-aspect-ratio: 16\/16;\" \/><\/p>\n<div class=\"pvc_clear\"><\/div>\n","protected":false},"author":1,"featured_media":0,"comment_status":"closed","ping_status":"open","sticky":false,"template":"","format":"standard","meta":{"footnotes":""},"categories":[9,16],"tags":[],"class_list":["post-14164","post","type-post","status-publish","format-standard","hentry","category-pedro-fagundes-azevedo","category-mensagens-diversas"],"a3_pvc":{"activated":true,"total_views":1988,"today_views":0},"_links":{"self":[{"href":"https:\/\/www.centronocaminhodaluz.com.br\/index.php\/wp-json\/wp\/v2\/posts\/14164","targetHints":{"allow":["GET"]}}],"collection":[{"href":"https:\/\/www.centronocaminhodaluz.com.br\/index.php\/wp-json\/wp\/v2\/posts"}],"about":[{"href":"https:\/\/www.centronocaminhodaluz.com.br\/index.php\/wp-json\/wp\/v2\/types\/post"}],"author":[{"embeddable":true,"href":"https:\/\/www.centronocaminhodaluz.com.br\/index.php\/wp-json\/wp\/v2\/users\/1"}],"replies":[{"embeddable":true,"href":"https:\/\/www.centronocaminhodaluz.com.br\/index.php\/wp-json\/wp\/v2\/comments?post=14164"}],"version-history":[{"count":0,"href":"https:\/\/www.centronocaminhodaluz.com.br\/index.php\/wp-json\/wp\/v2\/posts\/14164\/revisions"}],"wp:attachment":[{"href":"https:\/\/www.centronocaminhodaluz.com.br\/index.php\/wp-json\/wp\/v2\/media?parent=14164"}],"wp:term":[{"taxonomy":"category","embeddable":true,"href":"https:\/\/www.centronocaminhodaluz.com.br\/index.php\/wp-json\/wp\/v2\/categories?post=14164"},{"taxonomy":"post_tag","embeddable":true,"href":"https:\/\/www.centronocaminhodaluz.com.br\/index.php\/wp-json\/wp\/v2\/tags?post=14164"}],"curies":[{"name":"wp","href":"https:\/\/api.w.org\/{rel}","templated":true}]}}