{"id":14172,"date":"2017-08-13T08:30:00","date_gmt":"2017-08-13T08:30:00","guid":{"rendered":"http:\/\/www.centronocaminhodaluz.com.br\/index.php\/artigo14172\/"},"modified":"2017-08-13T08:42:29","modified_gmt":"2017-08-13T11:42:29","slug":"artigo14172","status":"publish","type":"post","link":"https:\/\/www.centronocaminhodaluz.com.br\/index.php\/artigo14172\/","title":{"rendered":"Evangelho Segundo o Espiritismo  Parte 127"},"content":{"rendered":"<div align=left><em><strong>A F\u00c9 HUMANA E A DIVINA<BR><BR>12. No homem, a f\u00e9 \u00e9 o sentimento inato de seus destinos futuros, \u00e9 a consci\u00eancia que ele tem das faculdades imensas depositadas em g\u00e9rmen no seu \u00edntimo, a princ\u00edpio em estado latente, e que lhe cumpre fazer que desabrochem e cres\u00e7am pela a\u00e7\u00e3o da sua vontade. <BR><BR>At\u00e9 ao presente, a f\u00e9 n\u00e3o foi compreendida sen\u00e3o pelo lado religioso, porque o Cristo a exal\u00e7ou como poderosa alavanca e porque o t\u00eam considerado apenas como chefe de uma religi\u00e3o. Entretanto, o Cristo, que operou milagres materiais, mostrou, por esses milagres mesmos, o que pode o homem, quando tem f\u00e9, isto \u00e9, a vontade de querer e a certeza de que essa vontade pode obter satisfa\u00e7\u00e3o. Tamb\u00e9m os ap\u00f3stolos n\u00e3o operaram milagres, seguindolhe o exemplo? Ora, que eram esses milagres, sen\u00e3o efeitos naturais, cujas causas os homens de ent\u00e3o desconheciam, mas que, hoje, em grande parte se explicam e que pelo estudo do Espiritismo e do Magnetismo se tornar\u00e3o completamente compreens\u00edveis? <BR><BR>A f\u00e9 \u00e9 humana ou divina, conforme o homem aplica suas faculdades \u00e0 satisfa\u00e7\u00e3o das necessidades terrenas, ou das suas aspira\u00e7\u00f5es celestiais e futuras. O homem de g\u00eanio, que se lan\u00e7a \u00e0 realiza\u00e7\u00e3o de algum grande empreendimento, triunfa, se tem f\u00e9, porque sente em si que pode e h\u00e1 de chegar ao fim colimado, certeza que lhe faculta imensa for\u00e7a. O homem de bem que, crente em seu futuro celeste, deseja encher de belas e nobres a\u00e7\u00f5es a sua exist\u00eancia, haure na sua f\u00e9, na certeza da felicidade que o espera, a for\u00e7a necess\u00e1ria, e ainda a\u00ed se operam milagres de caridade, de devotamento e de abnega\u00e7\u00e3o. Enfim, com a f\u00e9, n\u00e3o h\u00e1 maus pendures que se n\u00e3o chegue a vencer. <BR><BR>O Magnetismo \u00e9 uma das maiores provas do poder da f\u00e9 posta em a\u00e7\u00e3o. \u00c9 pela f\u00e9 que ele cura e produz esses fen\u00f4menos singulares, qualificados outrora de milagres. <BR><BR>Eu repito: a f\u00e9 \u00e9 humana e divina. Se todos os encarnados se achassem bem persuadidos da for\u00e7a que em si trazem, e se quisessem p\u00f4r a vontade a servi\u00e7o dessa for\u00e7a, seriam capazes de realizar o a que, at\u00e9 hoje, eles chamaram prod\u00edgios e que, no entanto, n\u00e3o passa de um desenvolvimento das faculdades humanas.   Um Esp\u00edrito Protetor. (Paris, l863.)<BR><BR><\/strong><\/em><\/div>\n<div class=\"pvc_clear\"><\/div>\n<p id=\"pvc_stats_14172\" class=\"pvc_stats all  \" data-element-id=\"14172\" style=\"\"><i class=\"pvc-stats-icon medium\" aria-hidden=\"true\"><svg aria-hidden=\"true\" focusable=\"false\" data-prefix=\"far\" data-icon=\"chart-bar\" role=\"img\" xmlns=\"http:\/\/www.w3.org\/2000\/svg\" viewBox=\"0 0 512 512\" class=\"svg-inline--fa fa-chart-bar fa-w-16 fa-2x\"><path fill=\"currentColor\" d=\"M396.8 352h22.4c6.4 0 12.8-6.4 12.8-12.8V108.8c0-6.4-6.4-12.8-12.8-12.8h-22.4c-6.4 0-12.8 6.4-12.8 12.8v230.4c0 6.4 6.4 12.8 12.8 12.8zm-192 0h22.4c6.4 0 12.8-6.4 12.8-12.8V140.8c0-6.4-6.4-12.8-12.8-12.8h-22.4c-6.4 0-12.8 6.4-12.8 12.8v198.4c0 6.4 6.4 12.8 12.8 12.8zm96 0h22.4c6.4 0 12.8-6.4 12.8-12.8V204.8c0-6.4-6.4-12.8-12.8-12.8h-22.4c-6.4 0-12.8 6.4-12.8 12.8v134.4c0 6.4 6.4 12.8 12.8 12.8zM496 400H48V80c0-8.84-7.16-16-16-16H16C7.16 64 0 71.16 0 80v336c0 17.67 14.33 32 32 32h464c8.84 0 16-7.16 16-16v-16c0-8.84-7.16-16-16-16zm-387.2-48h22.4c6.4 0 12.8-6.4 12.8-12.8v-70.4c0-6.4-6.4-12.8-12.8-12.8h-22.4c-6.4 0-12.8 6.4-12.8 12.8v70.4c0 6.4 6.4 12.8 12.8 12.8z\" class=\"\"><\/path><\/svg><\/i> <img decoding=\"async\" width=\"16\" height=\"16\" alt=\"Loading\" data-src=\"https:\/\/www.centronocaminhodaluz.com.br\/wp-content\/plugins\/page-views-count\/ajax-loader-2x.gif\" border=0 src=\"data:image\/svg+xml;base64,PHN2ZyB3aWR0aD0iMSIgaGVpZ2h0PSIxIiB4bWxucz0iaHR0cDovL3d3dy53My5vcmcvMjAwMC9zdmciPjwvc3ZnPg==\" class=\"lazyload\" style=\"--smush-placeholder-width: 16px; --smush-placeholder-aspect-ratio: 16\/16;\" \/><\/p>\n<div class=\"pvc_clear\"><\/div>\n","protected":false},"excerpt":{"rendered":"<p>A F\u00c9 HUMANA E A DIVINA12. No homem, a f\u00e9 \u00e9 o sentimento inato de seus destinos futuros, \u00e9 a consci\u00eancia que ele tem das faculdades imensas depositadas em g\u00e9rmen no seu \u00edntimo, a princ\u00edpio em estado latente, e que lhe cumpre fazer que desabrochem e cres\u00e7am pela a\u00e7\u00e3o da sua vontade. At\u00e9 ao presente,&hellip; <br \/> <a class=\"read-more\" href=\"https:\/\/www.centronocaminhodaluz.com.br\/index.php\/artigo14172\/\">Leia mais<\/a><\/p>\n<div class=\"pvc_clear\"><\/div>\n<p id=\"pvc_stats_14172\" class=\"pvc_stats all  \" data-element-id=\"14172\" style=\"\"><i class=\"pvc-stats-icon medium\" aria-hidden=\"true\"><svg aria-hidden=\"true\" focusable=\"false\" data-prefix=\"far\" data-icon=\"chart-bar\" role=\"img\" xmlns=\"http:\/\/www.w3.org\/2000\/svg\" viewBox=\"0 0 512 512\" class=\"svg-inline--fa fa-chart-bar fa-w-16 fa-2x\"><path fill=\"currentColor\" d=\"M396.8 352h22.4c6.4 0 12.8-6.4 12.8-12.8V108.8c0-6.4-6.4-12.8-12.8-12.8h-22.4c-6.4 0-12.8 6.4-12.8 12.8v230.4c0 6.4 6.4 12.8 12.8 12.8zm-192 0h22.4c6.4 0 12.8-6.4 12.8-12.8V140.8c0-6.4-6.4-12.8-12.8-12.8h-22.4c-6.4 0-12.8 6.4-12.8 12.8v198.4c0 6.4 6.4 12.8 12.8 12.8zm96 0h22.4c6.4 0 12.8-6.4 12.8-12.8V204.8c0-6.4-6.4-12.8-12.8-12.8h-22.4c-6.4 0-12.8 6.4-12.8 12.8v134.4c0 6.4 6.4 12.8 12.8 12.8zM496 400H48V80c0-8.84-7.16-16-16-16H16C7.16 64 0 71.16 0 80v336c0 17.67 14.33 32 32 32h464c8.84 0 16-7.16 16-16v-16c0-8.84-7.16-16-16-16zm-387.2-48h22.4c6.4 0 12.8-6.4 12.8-12.8v-70.4c0-6.4-6.4-12.8-12.8-12.8h-22.4c-6.4 0-12.8 6.4-12.8 12.8v70.4c0 6.4 6.4 12.8 12.8 12.8z\" class=\"\"><\/path><\/svg><\/i> <img decoding=\"async\" width=\"16\" height=\"16\" alt=\"Loading\" data-src=\"https:\/\/www.centronocaminhodaluz.com.br\/wp-content\/plugins\/page-views-count\/ajax-loader-2x.gif\" border=0 src=\"data:image\/svg+xml;base64,PHN2ZyB3aWR0aD0iMSIgaGVpZ2h0PSIxIiB4bWxucz0iaHR0cDovL3d3dy53My5vcmcvMjAwMC9zdmciPjwvc3ZnPg==\" class=\"lazyload\" style=\"--smush-placeholder-width: 16px; --smush-placeholder-aspect-ratio: 16\/16;\" \/><\/p>\n<div class=\"pvc_clear\"><\/div>\n","protected":false},"author":1,"featured_media":0,"comment_status":"closed","ping_status":"open","sticky":false,"template":"","format":"standard","meta":{"footnotes":""},"categories":[7,16],"tags":[],"class_list":["post-14172","post","type-post","status-publish","format-standard","hentry","category-evangelho","category-mensagens-diversas"],"a3_pvc":{"activated":true,"total_views":4076,"today_views":0},"_links":{"self":[{"href":"https:\/\/www.centronocaminhodaluz.com.br\/index.php\/wp-json\/wp\/v2\/posts\/14172","targetHints":{"allow":["GET"]}}],"collection":[{"href":"https:\/\/www.centronocaminhodaluz.com.br\/index.php\/wp-json\/wp\/v2\/posts"}],"about":[{"href":"https:\/\/www.centronocaminhodaluz.com.br\/index.php\/wp-json\/wp\/v2\/types\/post"}],"author":[{"embeddable":true,"href":"https:\/\/www.centronocaminhodaluz.com.br\/index.php\/wp-json\/wp\/v2\/users\/1"}],"replies":[{"embeddable":true,"href":"https:\/\/www.centronocaminhodaluz.com.br\/index.php\/wp-json\/wp\/v2\/comments?post=14172"}],"version-history":[{"count":0,"href":"https:\/\/www.centronocaminhodaluz.com.br\/index.php\/wp-json\/wp\/v2\/posts\/14172\/revisions"}],"wp:attachment":[{"href":"https:\/\/www.centronocaminhodaluz.com.br\/index.php\/wp-json\/wp\/v2\/media?parent=14172"}],"wp:term":[{"taxonomy":"category","embeddable":true,"href":"https:\/\/www.centronocaminhodaluz.com.br\/index.php\/wp-json\/wp\/v2\/categories?post=14172"},{"taxonomy":"post_tag","embeddable":true,"href":"https:\/\/www.centronocaminhodaluz.com.br\/index.php\/wp-json\/wp\/v2\/tags?post=14172"}],"curies":[{"name":"wp","href":"https:\/\/api.w.org\/{rel}","templated":true}]}}